{"id":3532,"date":"2026-03-25T11:04:10","date_gmt":"2026-03-25T08:04:10","guid":{"rendered":"https:\/\/ekonomievreni.com\/?p=3532"},"modified":"2026-03-25T11:04:11","modified_gmt":"2026-03-25T08:04:11","slug":"seferihisarda-saglikli-yaslanma-soylesisine-yogun-ilgi","status":"publish","type":"post","link":"https:\/\/ekonomievreni.com\/?p=3532","title":{"rendered":"Seferihisar\u2019da \u201cSa\u011fl\u0131kl\u0131 Ya\u015flanma\u201d S\u00f6yle\u015fisi\u2019ne yo\u011fun ilgi"},"content":{"rendered":"<p> Seferihisar Belediyesi Seferi\u00e7\u0131nar Ya\u015f Alma Merkezi\u2019nde, Dokuz Eyl\u00fcl \u00dcniversitesi i\u015f birli\u011fiyle demans, Alzheimer hastal\u0131\u011f\u0131 ve sa\u011fl\u0131kl\u0131 ya\u015flanma konular\u0131nda \u00f6nemli bir s\u00f6yle\u015fi ger\u00e7ekle\u015ftirildi.\u00a0<\/p>\n<p>Alan\u0131nda uzman isimlerden Prof. Dr. G\u00f6rsev Yener\u2019in konu\u015fmac\u0131 olarak kat\u0131ld\u0131\u011f\u0131 etkinlik, ya\u015f alma merkezi \u00fcyelerinin yo\u011fun ilgi ve kat\u0131l\u0131m\u0131yla ger\u00e7ekle\u015fti.<\/p>\n<p>N\u00f6roloji ve klinik n\u00f6rofizyoloji alanlar\u0131nda T\u00fcrkiye\u2019nin \u00f6nde gelen uzmanlar\u0131ndan biri olan Prof. Dr. G\u00f6rsev Yener, uzun y\u0131llara dayanan klinik deneyimi ve bilimsel \u00e7al\u0131\u015fmalar\u0131 \u0131\u015f\u0131\u011f\u0131nda demans ve Alzheimer hastal\u0131\u011f\u0131 hakk\u0131nda kapsaml\u0131 bilgiler payla\u015ft\u0131.\u00a0<\/p>\n<p>UCLA\u2019da davran\u0131\u015fsal n\u00f6roloji alan\u0131nda uzmanl\u0131k e\u011fitimini tamamlayan ve T\u00fcrkiye\u2019de ilk demans polikliniklerinden birini kuran Yener, ayn\u0131 zamanda Alzheimer alan\u0131nda y\u00fcr\u00fct\u00fclen ulusal ve uluslararas\u0131 \u00e7al\u0131\u015fmalara katk\u0131lar\u0131yla da dikkat \u00e7ekiyor.<\/p>\n<p>S\u00f6yle\u015fide Alzheimer hastal\u0131\u011f\u0131n\u0131n erken belirtileri, korunma yollar\u0131 ve sa\u011fl\u0131kl\u0131 ya\u015flanman\u0131n \u00f6nemi \u00fczerinde duran Yener, kat\u0131l\u0131mc\u0131lar\u0131n sorular\u0131n\u0131 da yan\u0131tlad\u0131. Bilimsel bilgilerin sade ve anla\u015f\u0131l\u0131r bir dille aktar\u0131ld\u0131\u011f\u0131 etkinlikte fark\u0131ndal\u0131k olu\u015fturman\u0131n \u00f6nemi vurguland\u0131.<\/p>\n<p>Etkinlikte ayr\u0131ca Prof. Dr. G\u00f6rsev Yener\u2019in \u00f6\u011frencileri ve ayn\u0131 alanda doktora \u00e7al\u0131\u015fmalar\u0131 y\u00fcr\u00fcten uzmanlar da s\u00f6z ald\u0131.<\/p>\n<p>Uzm. Psk. \u0130layda K\u0131y\u0131 Atilla, Psk. Hilal Kula, Uzm. Psk. Miray Peker, Psk. Rumeysa Emir ve Yaren Canpolat, sa\u011fl\u0131kl\u0131 ya\u015flanman\u0131n psikolojik boyutuna dikkat \u00e7ekerek zihinsel sa\u011fl\u0131\u011f\u0131n korunmas\u0131, sosyal ya\u015fam\u0131n \u00f6nemi ve erken fark\u0131ndal\u0131k konular\u0131nda bilgilendirmelerde bulundu.<\/p>\n<p>Program kapsam\u0131nda kat\u0131l\u0131mc\u0131lar, Dokuz Eyl\u00fcl \u00dcniversitesi taraf\u0131ndan y\u00fcr\u00fct\u00fclen bilimsel \u00e7al\u0131\u015fmalar \u00e7er\u00e7evesinde ger\u00e7ekle\u015ftirilen n\u00f6ropsikolojik haf\u0131za testlerine davet edildi.\u00a0<\/p>\n<p>Yetkililer, bu testler sayesinde bireylerin unutkanl\u0131k d\u00fczeylerini de\u011ferlendirebileceklerini ve erken te\u015fhis a\u00e7\u0131s\u0131ndan \u00f6nemli bilgiler edinebileceklerini belirtti.<\/p>\n<p>S\u00f6yle\u015fiye kat\u0131lan ya\u015f alma merkezi \u00fcyelerinden Emriye Geli\u015fen ise etkinlikle ilgili d\u00fc\u015f\u00fcncelerini \u015fu s\u00f6zlerle dile getirdi:<br \/>\u201cBu t\u00fcr bilgilendirici etkinlikler bizim i\u00e7in \u00e7ok k\u0131ymetli. Hem hastal\u0131klar\u0131 daha iyi tan\u0131yoruz hem de kendimiz i\u00e7in neler yapabilece\u011fimizi \u00f6\u011freniyoruz. Haf\u0131za testine kat\u0131lma fikri de beni \u00e7ok heyecanland\u0131rd\u0131.\u201d<\/p>\n<p>Seferihisar\u2019da d\u00fczenlenen bu anlaml\u0131 etkinlik, hem sa\u011fl\u0131kl\u0131 ya\u015flanma konusunda bilin\u00e7 olu\u015fturdu hem de bilimsel \u00e7al\u0131\u015fmalara g\u00f6n\u00fcll\u00fc kat\u0131l\u0131m\u0131n \u00f6nemini bir kez daha g\u00f6zler \u00f6n\u00fcne serdi.<\/p>\n<p>\u00a0<\/p>\n<p>Kaynak: (BYZHA) Beyaz Haber Ajans\u0131<\/p>\n","protected":false},"excerpt":{"rendered":"<p>Seferihisar Belediyesi Seferi\u00e7\u0131nar Ya\u015f Alma Merkezi\u2019nde, Dokuz Eyl\u00fcl \u00dcniversitesi i\u015f birli\u011fiyle demans, Alzheimer hastal\u0131\u011f\u0131 ve sa\u011fl\u0131kl\u0131 ya\u015flanma konular\u0131nda \u00f6nemli bir s\u00f6yle\u015fi ger\u00e7ekle\u015ftirildi.<\/p>\n","protected":false},"author":1,"featured_media":3533,"comment_status":"open","ping_status":"open","sticky":false,"template":"","format":"standard","meta":{"footnotes":""},"categories":[31],"tags":[],"class_list":["post-3532","post","type-post","status-publish","format-standard","has-post-thumbnail","hentry","category-saglik"],"_links":{"self":[{"href":"https:\/\/ekonomievreni.com\/index.php?rest_route=\/wp\/v2\/posts\/3532","targetHints":{"allow":["GET"]}}],"collection":[{"href":"https:\/\/ekonomievreni.com\/index.php?rest_route=\/wp\/v2\/posts"}],"about":[{"href":"https:\/\/ekonomievreni.com\/index.php?rest_route=\/wp\/v2\/types\/post"}],"author":[{"embeddable":true,"href":"https:\/\/ekonomievreni.com\/index.php?rest_route=\/wp\/v2\/users\/1"}],"replies":[{"embeddable":true,"href":"https:\/\/ekonomievreni.com\/index.php?rest_route=%2Fwp%2Fv2%2Fcomments&post=3532"}],"version-history":[{"count":1,"href":"https:\/\/ekonomievreni.com\/index.php?rest_route=\/wp\/v2\/posts\/3532\/revisions"}],"predecessor-version":[{"id":3534,"href":"https:\/\/ekonomievreni.com\/index.php?rest_route=\/wp\/v2\/posts\/3532\/revisions\/3534"}],"wp:featuredmedia":[{"embeddable":true,"href":"https:\/\/ekonomievreni.com\/index.php?rest_route=\/wp\/v2\/media\/3533"}],"wp:attachment":[{"href":"https:\/\/ekonomievreni.com\/index.php?rest_route=%2Fwp%2Fv2%2Fmedia&parent=3532"}],"wp:term":[{"taxonomy":"category","embeddable":true,"href":"https:\/\/ekonomievreni.com\/index.php?rest_route=%2Fwp%2Fv2%2Fcategories&post=3532"},{"taxonomy":"post_tag","embeddable":true,"href":"https:\/\/ekonomievreni.com\/index.php?rest_route=%2Fwp%2Fv2%2Ftags&post=3532"}],"curies":[{"name":"wp","href":"https:\/\/api.w.org\/{rel}","templated":true}]}}