{"id":3526,"date":"2026-03-25T10:52:13","date_gmt":"2026-03-25T07:52:13","guid":{"rendered":"https:\/\/ekonomievreni.com\/?p=3526"},"modified":"2026-03-25T10:52:14","modified_gmt":"2026-03-25T07:52:14","slug":"izmir-yelkende-dunya-sahnesinde","status":"publish","type":"post","link":"https:\/\/ekonomievreni.com\/?p=3526","title":{"rendered":"\u0130zmir yelkende d\u00fcnya sahnesinde"},"content":{"rendered":"<p> Spor ve turizmi birle\u015ftirerek b\u00f6lge tan\u0131t\u0131m\u0131na katk\u0131 sa\u011flayacak Windsurf Techno 293 D\u00fcnya \u015eampiyonas\u0131 3-9 Nisan tarihleri aras\u0131nda 20 \u00fclkeden 400 yelken sporcusunun kat\u0131l\u0131m\u0131yla Fo\u00e7a\u2019da yap\u0131lacak. Tarihi Havagaz\u0131 Fabrikas\u0131\u2019nda d\u00fczenlenen lansmanda \u015fampiyonan\u0131n \u0130zmir\u2019in spor turizmi a\u00e7\u0131s\u0131ndan b\u00fcy\u00fck bir f\u0131rsat sundu\u011funu belirten \u0130zmir B\u00fcy\u00fck\u015fehir Belediye Ba\u015fkan\u0131 Dr. Cemil Tugay, kentin turizm potansiyelini art\u0131rmak i\u00e7in gereken her t\u00fcrl\u00fc deste\u011fi vereceklerini ifade etti.<\/p>\n<p>\u0130zmir, 3 \u2013 9 Nisan tarihlerinde 20 \u00fclkeden 400 yelken sporcusunun kat\u0131laca\u011f\u0131 Windsurf Techno 293 D\u00fcnya \u015eampiyonas\u0131\u2019na ev sahipli\u011fi yapacak. \u0130zmir B\u00fcy\u00fck\u015fehir Belediyesinin destekleriyle T\u00fcrkiye Yelken Federasyonu (TYF) ve Yenifo\u00e7a Yelken Spor Kul\u00fcb\u00fc i\u015f birli\u011finde, MW Phokaia Beach Resort sponsorlu\u011funda yap\u0131lacak \u015fampiyona Tarihi Havagaz\u0131 Fabrikas\u0131\u2019nda kamuoyuna duyuruldu. Programa \u0130zmir B\u00fcy\u00fck\u015fehir Belediye Ba\u015fkan\u0131 Dr. Cemil Tugay\u2019\u0131n yan\u0131 s\u0131ra; T\u00fcrkiye Yelken Federasyonu Ba\u015fkan\u0131 \u00d6zlem Akdurak, \u0130zmir Gen\u00e7lik Spor \u0130l M\u00fcd\u00fcr\u00fc Murat Eskici, T\u00fcrkiye Turizm Tan\u0131t\u0131m ve Geli\u015ftirme Ajans\u0131 (TGA) Y\u00f6netim Kurulu \u00dcyesi, T\u00fcrkiye Otelciler Federasyonu Ba\u015fkan Yard\u0131mc\u0131s\u0131 ve ET\u0130K Y\u00f6netim Kurulu Ba\u015fkan\u0131 Mehmet \u0130\u015fler, MW Phokaia Resort Otel Genel M\u00fcd\u00fcr\u00fc Bilge Durdu \u0130\u015fler, \u0130zmir B\u00fcy\u00fck\u015fehir Belediyesi Genel Sekreter Yard\u0131mc\u0131s\u0131 Prof. Dr. P\u0131nar Okyay, \u0130zmir B\u00fcy\u00fck\u015fehir Belediyesi b\u00fcrokratlar\u0131, kamu temsilcileri, yelken sporcular\u0131 ve bas\u0131n mensuplar\u0131 kat\u0131ld\u0131.<\/p>\n<p><strong>Ba\u015fkan Tugay: \u0130zmir\u2019in kalk\u0131nmas\u0131nda yol do\u011fru, hikaye hen\u00fcz bitmedi<\/strong><\/p>\n<p>\u0130zmir B\u00fcy\u00fck\u015fehir Belediye Ba\u015fkan\u0131 Dr. Cemil Tugay, \u0130zmir&#8217;in hak etti\u011fi zenginli\u011fe ula\u015fmas\u0131 i\u00e7in t\u00fcm g\u00fc\u00e7leriyle \u00e7al\u0131\u015ft\u0131klar\u0131n\u0131 s\u00f6yledi. Ba\u015fkan Tugay, \u201cBu s\u00fcrece katk\u0131 sa\u011flayan herkese, \u0130zmirli hem\u015fehrilerime ve \u0130zmir\u2019deki t\u00fcm kurumlara te\u015fekk\u00fcr edilmesi gerekti\u011fini d\u00fc\u015f\u00fcn\u00fcyorum\u201d dedi. \u0130zmir\u2019in tarihi, k\u00fclt\u00fcrel ve do\u011fal zenginliklerine dikkat \u00e7eken Tugay, \u015fehirdeki turizm potansiyelinin hen\u00fcz yeterince de\u011ferlendirilemedi\u011fini ifade etti. \u201c\u0130zmir turizmde \u00e7ok daha iyi bir noktaya gelecek, bu hikaye daha bitmedi\u201d diyen Ba\u015fkan Tugay, turizmciler ve sekt\u00f6r temsilcileriyle birlikte bu hedefe ula\u015fmak i\u00e7in el birli\u011fiyle \u00e7al\u0131\u015facaklar\u0131n\u0131 s\u00f6yledi. \u0130zmir\u2019in kalk\u0131nmas\u0131nda turizmin en \u00f6nemli lokomotiflerden biri olaca\u011f\u0131n\u0131 belirten Tugay, bu s\u00fcre\u00e7te \u00fczerine d\u00fc\u015fen t\u00fcm sorumlulu\u011fu yerine getirece\u011fini dile getirdi.<\/p>\n<p><strong>\u201c\u0130zmir \u00e7ok say\u0131da spor organizasyonuna ev sahipli\u011fi yapacak\u201d<\/strong><\/p>\n<p>\u0130zmir\u2019in spor turizmi, \u00f6zellikle su sporlar\u0131 i\u00e7in benzersiz bir do\u011fal altyap\u0131ya sahip oldu\u011funu vurgulayan Ba\u015fkan Tugay, kentin 7 antik kenti bar\u0131nd\u0131rd\u0131\u011f\u0131n\u0131 da hat\u0131rlatt\u0131. Tugay, \u201c\u0130zmir\u2019in kendi de\u011ferini bilmesi ve bu de\u011ferleri t\u00fcm d\u00fcnyaya tan\u0131tmas\u0131 gerekiyor. Bu sadece turizm i\u00e7in de\u011fil, ayn\u0131 zamanda sayg\u0131nl\u0131k kazanmak i\u00e7in de \u00e7ok \u00f6nemli. Yapmam\u0131z gereken en \u00f6nemli \u015feylerden biri, kentin do\u011fal g\u00fczelliklerini korumak, tarihine ve k\u00fclt\u00fcr\u00fcne sahip \u00e7\u0131kmak, burada ger\u00e7ekle\u015ftirilen organizasyonlara ger\u00e7ek bir samimiyetle destek olmak. D\u00fcnya \u015fampiyonas\u0131n\u0131 desteklemek de bu do\u011frultuda bizim g\u00f6revimizdi, bundan b\u00fcy\u00fck onur duyuyorum,\u201d dedi. Ba\u015fkan Tugay, \u201cBizden daha fazlas\u0131n\u0131 isteyin. Kentimize yeni spor tesisleri kazand\u0131rmak ve yeni organizasyonlara \u00f6nc\u00fcl\u00fck etmek i\u00e7in \u00e7al\u0131\u015f\u0131yoruz. \u0130zmir, pek \u00e7ok ba\u015fka spor organizasyonuna da ev sahipli\u011fi yapacak ve hak etti\u011fi yere ad\u0131m ad\u0131m ula\u015facakt\u0131r\u201d \u015feklinde konu\u015ftu.<\/p>\n<p><strong>Su fiyatlar\u0131nda indirim m\u00fcjdesi<\/strong><\/p>\n<p>Fo\u00e7a&#8217;n\u0131n daha da geli\u015fmesi i\u00e7in yo\u011fun \u00e7aba harcayacaklar\u0131n\u0131 belirten Ba\u015fkan Tugay, turizmcilere m\u00fcjde vererek, \u201cBenim Cemil Tugay olarak de\u011fil, bulundu\u011fum makam itibariyle size verdi\u011fim s\u00f6z \u015fudur: \u0130zmir\u2019i \u00e7ok sevin, \u00e7ok sahip \u00e7\u0131k\u0131n, bu lafta kalmas\u0131n. Herkes kenar\u0131ndan, k\u00f6\u015fesinden biraz katk\u0131 sa\u011flas\u0131n. Ben s\u00f6z veriyorum, \u0130zmir\u2019i hep birlikte \u00e7ok iyi bir noktaya getirece\u011fiz. Bu y\u0131l turizmcilere verdi\u011fimiz s\u00f6z\u00fc unutmuyorum, su fiyatlar\u0131nda ciddi bir indirim yapaca\u011f\u0131m. Elimden geleni yapmaya devam edece\u011fim\u201d dedi. \u0130zmir\u2019in tan\u0131t\u0131m\u0131na \u00f6nem verdi\u011fini vurgulayan Tugay, Azerbaycan ve Kazakistan gibi T\u00fcrk k\u00f6kenli \u00fclkelerde b\u00fcy\u00fck bir turizm potansiyeli oldu\u011funu g\u00f6rd\u00fc\u011f\u00fcn\u00fc belirterek, \u201c\u0130zmir\u2019i tan\u0131tmak zorunday\u0131z. Ben bu \u00fclkelerde gidip \u0130zmir\u2019i tan\u0131tmaya \u00e7al\u0131\u015f\u0131yorum, gelmek isteyen herkesi yan\u0131mda g\u00f6t\u00fcrmeye haz\u0131r\u0131m. B\u00fct\u00fcn d\u00fcnyaya \u0130zmir\u2019i tan\u0131tal\u0131m,\u201d ifadelerini kulland\u0131.<\/p>\n<p><strong>Akdurak: \u0130zmir cennet<\/strong><\/p>\n<p>T\u00fcrkiye Yelken Federasyonu Ba\u015fkan\u0131 \u00d6zlem Akdurak, \u201c\u0130zmir\u2019in cennet gibi bir yap\u0131ya sahip oldu\u011fu art\u0131k g\u00f6zler \u00f6n\u00fcnde. Yelkene g\u00f6n\u00fcl verenler, \u0130zmir\u2019in bu e\u015fsiz yap\u0131s\u0131nda varl\u0131klar\u0131n\u0131 her ge\u00e7en g\u00fcn art\u0131r\u0131yor. 2025 y\u0131l\u0131nda \u0130zmir, B\u00fcy\u00fck\u015fehir Belediyesi, Valilik ve il\u00e7e belediyelerinin deste\u011fiyle \u00fc\u00e7 Avrupa ve d\u00fcnya \u015fampiyonas\u0131na ev sahipli\u011fi yapt\u0131k.\u00a0 D\u00fc\u015f\u00fck sezonda bile yakla\u015f\u0131k 7 bin ki\u015fi yelken yar\u0131\u015flar\u0131 i\u00e7in il\u00e7elere geliyor. Yelken turizminin de\u011feri, yar\u0131\u015f\u0131n ilan\u0131yla ba\u015flar ve sporcular daha yar\u0131\u015f yerleri belirlenmeden \u00f6nce b\u00f6lgeye gelir. Bu, \u0130zmir\u2019in spor turizmi i\u00e7in ne kadar \u00f6nemli bir nokta oldu\u011funu g\u00f6steriyor\u201d dedi.<\/p>\n<p><strong>\u0130\u015fler: Spor ve turizmi birle\u015ftirme konusunda el ele olmal\u0131y\u0131z<\/strong><\/p>\n<p>T\u00fcrkiye Otelciler Federasyonu Ba\u015fkan Yard\u0131mc\u0131s\u0131, T\u00fcrkiye Turizm Tan\u0131t\u0131m ve Geli\u015ftirme Ajans\u0131 (TGA) Y\u00f6netim Kurulu \u00dcyesi ve ET\u0130K Y\u00f6netim Kurulu Ba\u015fkan\u0131 Mehmet \u0130\u015fler, \u201c\u0130zmir, spor turizminden daha fazla pay alabilir. Y\u0131lda 3-5 milyar dolar aras\u0131nda gelir elde edebiliriz. Spor turizmiyle yeni istihdam yaratabilir, turizmi 12 aya yayabiliriz. \u0130zmir, y\u00fcksek gelirli turist \u00e7ekebilir ve Avrupa&#8217;n\u0131n ilk \u00fc\u00e7 spor destinasyonlar\u0131ndan biri olabilir. Spor ve turizmi birle\u015ftirerek \u0130zmir i\u00e7in b\u00fcy\u00fck bir ekonomik s\u0131\u00e7rama yaratabiliriz. Birlikte \u00e7al\u0131\u015fmal\u0131y\u0131z\u201d diye konu\u015ftu.<\/p>\n<p><strong>Bilge Durdu \u0130\u015fler: Fo\u00e7a art\u0131k bir yelken merkezidir<\/strong><\/p>\n<p>MW Phokaia Resort Otel Genel M\u00fcd\u00fcr\u00fc Bilge Durdu \u0130\u015fler, &#8220;Fo\u00e7a art\u0131k sadece bir destinasyon de\u011fil, bir yelken merkezi, s\u00f6rf \u00fcss\u00fc ve d\u00fcnya markas\u0131d\u0131r. MW Phokaia Resort Otel olarak y\u0131llard\u0131r s\u00fcrd\u00fcrd\u00fc\u011f\u00fcm\u00fcz yelken turizmini \u015fimdi d\u00fcnya sahnesine ta\u015f\u0131yoruz\u201d ifadelerini kulland\u0131.<\/p>\n<p>\u00a0<\/p>\n<p>\u00a0<\/p>\n<p>Kaynak: (BYZHA) Beyaz Haber Ajans\u0131<\/p>\n","protected":false},"excerpt":{"rendered":"<p>Spor ve turizmi birle\u015ftirerek b\u00f6lge tan\u0131t\u0131m\u0131na katk\u0131 sa\u011flayacak Windsurf Techno 293 D\u00fcnya \u015eampiyonas\u0131 3-9 Nisan tarihleri aras\u0131nda 20 \u00fclkeden 400 yelken sporcusunun kat\u0131l\u0131m\u0131yla Fo\u00e7a\u2019da yap\u0131lacak.<\/p>\n","protected":false},"author":1,"featured_media":3527,"comment_status":"open","ping_status":"open","sticky":false,"template":"","format":"standard","meta":{"footnotes":""},"categories":[33],"tags":[],"class_list":["post-3526","post","type-post","status-publish","format-standard","has-post-thumbnail","hentry","category-spor"],"_links":{"self":[{"href":"https:\/\/ekonomievreni.com\/index.php?rest_route=\/wp\/v2\/posts\/3526","targetHints":{"allow":["GET"]}}],"collection":[{"href":"https:\/\/ekonomievreni.com\/index.php?rest_route=\/wp\/v2\/posts"}],"about":[{"href":"https:\/\/ekonomievreni.com\/index.php?rest_route=\/wp\/v2\/types\/post"}],"author":[{"embeddable":true,"href":"https:\/\/ekonomievreni.com\/index.php?rest_route=\/wp\/v2\/users\/1"}],"replies":[{"embeddable":true,"href":"https:\/\/ekonomievreni.com\/index.php?rest_route=%2Fwp%2Fv2%2Fcomments&post=3526"}],"version-history":[{"count":1,"href":"https:\/\/ekonomievreni.com\/index.php?rest_route=\/wp\/v2\/posts\/3526\/revisions"}],"predecessor-version":[{"id":3528,"href":"https:\/\/ekonomievreni.com\/index.php?rest_route=\/wp\/v2\/posts\/3526\/revisions\/3528"}],"wp:featuredmedia":[{"embeddable":true,"href":"https:\/\/ekonomievreni.com\/index.php?rest_route=\/wp\/v2\/media\/3527"}],"wp:attachment":[{"href":"https:\/\/ekonomievreni.com\/index.php?rest_route=%2Fwp%2Fv2%2Fmedia&parent=3526"}],"wp:term":[{"taxonomy":"category","embeddable":true,"href":"https:\/\/ekonomievreni.com\/index.php?rest_route=%2Fwp%2Fv2%2Fcategories&post=3526"},{"taxonomy":"post_tag","embeddable":true,"href":"https:\/\/ekonomievreni.com\/index.php?rest_route=%2Fwp%2Fv2%2Ftags&post=3526"}],"curies":[{"name":"wp","href":"https:\/\/api.w.org\/{rel}","templated":true}]}}