{"id":3505,"date":"2026-03-24T22:14:39","date_gmt":"2026-03-24T19:14:39","guid":{"rendered":"https:\/\/ekonomievreni.com\/?p=3505"},"modified":"2026-03-24T22:14:40","modified_gmt":"2026-03-24T19:14:40","slug":"tav-havalimanlarinda-ust-duzey-atamalar","status":"publish","type":"post","link":"https:\/\/ekonomievreni.com\/?p=3505","title":{"rendered":"TAV Havalimanlar\u0131\u2019nda \u00fcst d\u00fczey atamalar"},"content":{"rendered":"<p> Havaliman\u0131 i\u015fletmecili\u011finde T\u00fcrkiye\u2019nin d\u00fcnyadaki lider markas\u0131 TAV Havalimanlar\u0131\u2019nda ger\u00e7ekle\u015fecek \u00fcst d\u00fczey g\u00f6rev de\u011fi\u015fiklikleri a\u00e7\u0131kland\u0131.<\/p>\n<p>25 y\u0131ld\u0131r grupta yer alan ve 2021\u2019den bu yana Milas-Bodrum Havaliman\u0131 Genel M\u00fcd\u00fcr\u00fc olarak g\u00f6rev yapan \u0130clal Kayao\u011flu, 1 Nisan itibar\u0131yla emekliye ayr\u0131lacak.<\/p>\n<p>2009\u2019dan bu yana \u0130zmir Adnan Menderes Havaliman\u0131\u2019n\u0131n ba\u015f\u0131nda bulunan TAV Ege Genel M\u00fcd\u00fcr\u00fc Erkan Balc\u0131, 1 May\u0131s itibar\u0131yla merkezi \u0130stanbul\u2019da bulunan holdingde Havalimanlar\u0131 Optimizasyon ve Dijital Projeler Direkt\u00f6r\u00fc olarak g\u00f6revine devam edecek.<\/p>\n<p>Candemir Aky\u0131ld\u0131z, 1 May\u0131s 2026 itibar\u0131yla TAV Ege ve TAV Milas-Bodrum Genel M\u00fcd\u00fcr\u00fc olarak \u0130zmir Adnan Menderes ve Milas-Bodrum havalimanlar\u0131ndan sorumlu olacak.<\/p>\n<p>Aky\u0131ld\u0131z ve Balc\u0131, TAV Havalimanlar\u0131 Holding Grup Ba\u015fkan\u0131 \u2013 Havalimanlar\u0131 (COO) Mete Erna\u2019ya ba\u011fl\u0131 olarak g\u00f6rev yapacak.<\/p>\n<p>Di\u011fer atamalar da \u015fu \u015fekilde ger\u00e7ekle\u015fti:<\/p>\n<ul type=\"disc\">\n<li>TAV Milas-Bodrum Teknik Hizmetler Koordinat\u00f6r\u00fc olarak g\u00f6rev yapan Okay Ta\u015fdemir, 1 Nisan 2026 itibar\u0131yla TAV Milas-Bodrum Direkt\u00f6r\u00fc olarak atand\u0131.\u00a0<\/li>\n<li>TAV Havalimanlar\u0131 Holding Ticari \u0130\u015fler Koordinat\u00f6r\u00fc Erdost Erden, 1 May\u0131s 2026 itibar\u0131yla TAV Ege Operasyondan Sorumlu Genel M\u00fcd\u00fcr Yard\u0131mc\u0131s\u0131 olarak atand\u0131.<\/li>\n<\/ul>\n<p>\u00a0<\/p>\n<p>Kaynak: (BYZHA) Beyaz Haber Ajans\u0131<\/p>\n","protected":false},"excerpt":{"rendered":"<p>Havaliman\u0131 i\u015fletmecili\u011finde T\u00fcrkiye\u2019nin d\u00fcnyadaki lider markas\u0131 TAV Havalimanlar\u0131\u2019nda ger\u00e7ekle\u015fecek \u00fcst d\u00fczey g\u00f6rev de\u011fi\u015fiklikleri a\u00e7\u0131kland\u0131.<\/p>\n","protected":false},"author":1,"featured_media":3506,"comment_status":"open","ping_status":"open","sticky":false,"template":"","format":"standard","meta":{"footnotes":""},"categories":[30],"tags":[],"class_list":["post-3505","post","type-post","status-publish","format-standard","has-post-thumbnail","hentry","category-ekonomi"],"_links":{"self":[{"href":"https:\/\/ekonomievreni.com\/index.php?rest_route=\/wp\/v2\/posts\/3505","targetHints":{"allow":["GET"]}}],"collection":[{"href":"https:\/\/ekonomievreni.com\/index.php?rest_route=\/wp\/v2\/posts"}],"about":[{"href":"https:\/\/ekonomievreni.com\/index.php?rest_route=\/wp\/v2\/types\/post"}],"author":[{"embeddable":true,"href":"https:\/\/ekonomievreni.com\/index.php?rest_route=\/wp\/v2\/users\/1"}],"replies":[{"embeddable":true,"href":"https:\/\/ekonomievreni.com\/index.php?rest_route=%2Fwp%2Fv2%2Fcomments&post=3505"}],"version-history":[{"count":1,"href":"https:\/\/ekonomievreni.com\/index.php?rest_route=\/wp\/v2\/posts\/3505\/revisions"}],"predecessor-version":[{"id":3507,"href":"https:\/\/ekonomievreni.com\/index.php?rest_route=\/wp\/v2\/posts\/3505\/revisions\/3507"}],"wp:featuredmedia":[{"embeddable":true,"href":"https:\/\/ekonomievreni.com\/index.php?rest_route=\/wp\/v2\/media\/3506"}],"wp:attachment":[{"href":"https:\/\/ekonomievreni.com\/index.php?rest_route=%2Fwp%2Fv2%2Fmedia&parent=3505"}],"wp:term":[{"taxonomy":"category","embeddable":true,"href":"https:\/\/ekonomievreni.com\/index.php?rest_route=%2Fwp%2Fv2%2Fcategories&post=3505"},{"taxonomy":"post_tag","embeddable":true,"href":"https:\/\/ekonomievreni.com\/index.php?rest_route=%2Fwp%2Fv2%2Ftags&post=3505"}],"curies":[{"name":"wp","href":"https:\/\/api.w.org\/{rel}","templated":true}]}}