{"id":3502,"date":"2026-03-24T21:54:38","date_gmt":"2026-03-24T18:54:38","guid":{"rendered":"https:\/\/ekonomievreni.com\/?p=3502"},"modified":"2026-03-24T21:54:39","modified_gmt":"2026-03-24T18:54:39","slug":"prof-dr-sevil-atasoy-uyusturucu-politikalari-insan-haklari-ve-halk-sagligi-temelinde-sekillenmeli","status":"publish","type":"post","link":"https:\/\/ekonomievreni.com\/?p=3502","title":{"rendered":"Prof. Dr. Sevil Atasoy:   \u201cUyu\u015fturucu politikalar\u0131 insan haklar\u0131 ve halk sa\u011fl\u0131\u011f\u0131 temelinde \u015fekillenmeli\u201d"},"content":{"rendered":"<p> T\u00fcrkiye\u2019nin Birle\u015fmi\u015f Milletler (BM) New York Daim\u00ee Temsilcili\u011fi taraf\u0131ndan, New York T\u00fcrkevi\u2019nde, Uluslararas\u0131 Narkotik Kontrol Kurulu (INCB) Ba\u015fkan\u0131, \u00dcsk\u00fcdar \u00dcniversitesi Rekt\u00f6r Yard\u0131mc\u0131s\u0131 Prof. Dr. Sevil Atasoy\u2019un INCB \u00fcyeli\u011fine yeniden adayl\u0131\u011f\u0131 dolay\u0131s\u0131yla bir resepsiyon d\u00fczenlendi. Etkinli\u011fe, Ekonomik ve Sosyal Konsey\u2019e \u00fcye \u00e7ok say\u0131da \u00fclkenin diplomatlar\u0131 kat\u0131ld\u0131.<\/p>\n<p><strong>\u201cK\u00fcresel uyu\u015fturucu sorunu giderek karma\u015f\u0131kla\u015ft\u0131\u201d<\/strong><\/p>\n<p>New York\u2019taki Birle\u015fmi\u015f Milletler Daimi Temsilcisi B\u00fcy\u00fckel\u00e7i Ahmet Y\u0131ld\u0131z\u2019\u0131n takdim konu\u015fmas\u0131ndan sonra s\u00f6z alan INCB Ba\u015fkan\u0131 Prof. Dr. Sevil Atasoy, k\u00fcresel uyu\u015fturucu sorununun giderek karma\u015f\u0131kla\u015ft\u0131\u011f\u0131n\u0131 belirterek, \u00e7\u00f6z\u00fcm\u00fcn dengeli, kan\u0131ta dayal\u0131 ve insan odakl\u0131 politikalardan ge\u00e7ti\u011fini vurgulad\u0131.<\/p>\n<p>Prof. Dr. Atasoy, \u00f6zellikle t\u0131bbi olmayan sentetik opioidlerin yayg\u0131nla\u015fmas\u0131, yasa d\u0131\u015f\u0131 \u00fcretim y\u00f6ntemlerinin geli\u015fmesi ve uluslararas\u0131 ka\u00e7ak\u00e7\u0131l\u0131k a\u011flar\u0131n\u0131n geni\u015flemesinin acil ve ciddi tehditler olu\u015fturdu\u011funu ifade ederek, ayn\u0131 zamanda d\u00fcnya genelinde milyonlarca insan\u0131n a\u011fr\u0131 tedavisi, ruh sa\u011fl\u0131\u011f\u0131 ve palyatif bak\u0131m i\u00e7in gerekli temel ila\u00e7lara eri\u015fimde zorluk ya\u015fad\u0131\u011f\u0131na dikkat \u00e7ekti.<\/p>\n<p><strong>Uluslararas\u0131 i\u015f birli\u011finin g\u00fc\u00e7lendirilmesi \u00f6nemli<\/strong><\/p>\n<p>Uluslararas\u0131 uyu\u015fturucu kontrol sisteminin \u00fc\u00e7 temel ilkesine dikkat \u00e7eken Prof. Dr. Atasoy, kontroll\u00fc maddelerin t\u0131bbi ve bilimsel ama\u00e7larla eri\u015filebilirli\u011finin sa\u011flanmas\u0131, k\u00f6t\u00fcye kullan\u0131m\u0131n \u00f6nlenmesi ve uluslararas\u0131 i\u015f birli\u011finin g\u00fc\u00e7lendirilmesinin \u00f6nemini yineledi.<\/p>\n<p>Prof. Dr. Atasoy, \u201cUyu\u015fturucu kontrol\u00fc yaln\u0131zca bir yapt\u0131r\u0131m meselesi de\u011fil; ayn\u0131 zamanda bir halk sa\u011fl\u0131\u011f\u0131, insan onuru ve sosyal adalet meselesidir.\u201d dedi.<\/p>\n<p>Konu\u015fmas\u0131nda insan haklar\u0131, orant\u0131l\u0131l\u0131k ve hukukun \u00fcst\u00fcnl\u00fc\u011f\u00fc ilkelerine vurgu yapan Prof. Dr. Atasoy, politika yap\u0131m s\u00fcre\u00e7lerinde bu de\u011ferlerin merkezde yer almas\u0131 gerekti\u011fini belirtti.<\/p>\n<p><strong>Kurumsal dayan\u0131kl\u0131l\u0131k ve deneyimin \u00f6nemi<\/strong><\/p>\n<p>G\u00f6rev s\u00fcresi boyunca INCB\u2019nin etkinli\u011fini ve \u015feffafl\u0131\u011f\u0131n\u0131 art\u0131rmaya y\u00f6nelik \u00e7al\u0131\u015fmalara \u00f6ncelik verdi\u011fini belirten Prof. Dr. Atasoy, \u00fcye devletlerle i\u015f birli\u011fini g\u00fc\u00e7lendirmek, pratik ara\u00e7lar geli\u015ftirmek ve tavsiyelerin uygulanabilirli\u011fini art\u0131rmak i\u00e7in \u00f6nemli ad\u0131mlar att\u0131klar\u0131n\u0131 ifade etti.<\/p>\n<p>Birle\u015fmi\u015f Milletler sistemi genelinde ya\u015fanan mali k\u0131s\u0131tlamalara da de\u011finen Prof. Dr. Atasoy, bu s\u00fcre\u00e7te kurumsal s\u00fcreklilik ve kurumsal haf\u0131zan\u0131n korunmas\u0131n\u0131n kritik \u00f6nem ta\u015f\u0131d\u0131\u011f\u0131n\u0131 vurgulad\u0131.<\/p>\n<p>\u00a0\u201cDeneyim, yaln\u0131zca teknik bilgi de\u011fil; ayn\u0131 zamanda karma\u015f\u0131k siyasi ve operasyonel s\u00fcre\u00e7lerin y\u00f6netilmesinde de belirleyicidir.\u201d diyen Prof. Dr. Atasoy, s\u0131n\u0131rl\u0131 kaynaklara ra\u011fmen Kurul\u2019un etkinli\u011fini koruyabilmesi i\u00e7in mali disiplin, \u00f6nceliklendirme ve verimlilik esaslar\u0131na dayal\u0131 bir y\u00f6netim anlay\u0131\u015f\u0131 benimsediklerini belirtti.<\/p>\n<p><strong>Uluslararas\u0131 i\u015f birli\u011fi ve ortak sorumluluk<\/strong><\/p>\n<p>Prof. Dr. Atasoy, INCB\u2019nin \u00e7al\u0131\u015fmalar\u0131n\u0131n \u00fcye devletlerin g\u00fcveni ve i\u015f birli\u011fine dayand\u0131\u011f\u0131n\u0131 belirterek, a\u00e7\u0131k diyalog ve kar\u015f\u0131l\u0131kl\u0131 sayg\u0131n\u0131n uluslararas\u0131 uyu\u015fturucu kontrol sisteminin temelini olu\u015fturdu\u011funu ifade etti.<\/p>\n<p>T\u00fcrkiye taraf\u0131ndan yeniden aday g\u00f6sterildi\u011fini hat\u0131rlatan Prof. Dr. Atasoy, g\u00f6revine devam etme iste\u011fini dile getirdi ve \u201cDeneyimli liderli\u011fin s\u00fcreklili\u011fi, kar\u015f\u0131 kar\u015f\u0131ya oldu\u011fumuz mevcut ve yeni zorluklar kar\u015f\u0131s\u0131nda b\u00fcy\u00fck \u00f6nem ta\u015f\u0131maktad\u0131r.\u201d \u0130fadesinde bulundu.<\/p>\n<p><strong>\u0130nsan odakl\u0131 k\u00fcresel vizyon<\/strong><\/p>\n<p>\u201cUyu\u015fturucu politikalar\u0131 insan haklar\u0131 ve halk sa\u011fl\u0131\u011f\u0131 temelinde \u015fekillenmeli.\u201d diye konu\u015fan Prof. Dr. Sevil Atasoy, konu\u015fmas\u0131n\u0131 insan sa\u011fl\u0131\u011f\u0131n\u0131 koruyan, insan haklar\u0131na sayg\u0131l\u0131 ve toplumlar\u0131n refah\u0131n\u0131 \u00f6nceleyen dengeli ve etkili bir uluslararas\u0131 uyu\u015fturucu kontrol sistemi vizyonunu yineleyerek tamamlad\u0131.<\/p>\n<p>\u00a0<\/p>\n<p>\u00a0<\/p>\n<p>Kaynak: (BYZHA) Beyaz Haber Ajans\u0131<\/p>\n","protected":false},"excerpt":{"rendered":"<p>T\u00fcrkiye\u2019nin Birle\u015fmi\u015f Milletler (BM) New York Daim\u00ee Temsilcili\u011fi taraf\u0131ndan, New York T\u00fcrkevi\u2019nde, Uluslararas\u0131 Narkotik Kontrol Kurulu (INCB) Ba\u015fkan\u0131, \u00dcsk\u00fcdar \u00dcniversitesi Rekt\u00f6r Yard\u0131mc\u0131s\u0131 Prof.<\/p>\n","protected":false},"author":1,"featured_media":3503,"comment_status":"open","ping_status":"open","sticky":false,"template":"","format":"standard","meta":{"footnotes":""},"categories":[31],"tags":[],"class_list":["post-3502","post","type-post","status-publish","format-standard","has-post-thumbnail","hentry","category-saglik"],"_links":{"self":[{"href":"https:\/\/ekonomievreni.com\/index.php?rest_route=\/wp\/v2\/posts\/3502","targetHints":{"allow":["GET"]}}],"collection":[{"href":"https:\/\/ekonomievreni.com\/index.php?rest_route=\/wp\/v2\/posts"}],"about":[{"href":"https:\/\/ekonomievreni.com\/index.php?rest_route=\/wp\/v2\/types\/post"}],"author":[{"embeddable":true,"href":"https:\/\/ekonomievreni.com\/index.php?rest_route=\/wp\/v2\/users\/1"}],"replies":[{"embeddable":true,"href":"https:\/\/ekonomievreni.com\/index.php?rest_route=%2Fwp%2Fv2%2Fcomments&post=3502"}],"version-history":[{"count":1,"href":"https:\/\/ekonomievreni.com\/index.php?rest_route=\/wp\/v2\/posts\/3502\/revisions"}],"predecessor-version":[{"id":3504,"href":"https:\/\/ekonomievreni.com\/index.php?rest_route=\/wp\/v2\/posts\/3502\/revisions\/3504"}],"wp:featuredmedia":[{"embeddable":true,"href":"https:\/\/ekonomievreni.com\/index.php?rest_route=\/wp\/v2\/media\/3503"}],"wp:attachment":[{"href":"https:\/\/ekonomievreni.com\/index.php?rest_route=%2Fwp%2Fv2%2Fmedia&parent=3502"}],"wp:term":[{"taxonomy":"category","embeddable":true,"href":"https:\/\/ekonomievreni.com\/index.php?rest_route=%2Fwp%2Fv2%2Fcategories&post=3502"},{"taxonomy":"post_tag","embeddable":true,"href":"https:\/\/ekonomievreni.com\/index.php?rest_route=%2Fwp%2Fv2%2Ftags&post=3502"}],"curies":[{"name":"wp","href":"https:\/\/api.w.org\/{rel}","templated":true}]}}