{"id":3478,"date":"2026-03-24T11:40:45","date_gmt":"2026-03-24T08:40:45","guid":{"rendered":"https:\/\/ekonomievreni.com\/?p=3478"},"modified":"2026-03-24T11:40:47","modified_gmt":"2026-03-24T08:40:47","slug":"canikte-milli-mac-coskusu-dev-ekranda-yasanacak","status":"publish","type":"post","link":"https:\/\/ekonomievreni.com\/?p=3478","title":{"rendered":"Canik&#8217;te Milli Ma\u00e7 Co\u015fkusu Dev Ekranda Ya\u015fanacak"},"content":{"rendered":"<p> Canik Belediyesi, il\u00e7ede ger\u00e7ekle\u015ftirece\u011fi etkinlikle T\u00fcrkiye-Romanya kar\u015f\u0131la\u015fmas\u0131n\u0131 dev ekranla vatanda\u015flarla bulu\u015fturacak. Milli ma\u00e7 co\u015fkusunun ya\u015fanaca\u011f\u0131 etkinlikte vatanda\u015flar, T\u00fcrkiye A Milli Futbol Tak\u0131m\u0131&#8217;n\u0131n FIFA D\u00fcnya Kupas\u0131&#8217;na uzanan yolculu\u011funda Romanya ile m\u00fccadele edece\u011fi kar\u015f\u0131la\u015fmay\u0131 dev ekranda takip edecek. Canik Belediyesi&#8217;nin vatanda\u015flara ikramlarda bulunaca\u011f\u0131, \u00e7ocuklar i\u00e7in kar\u015f\u0131la\u015fma \u00f6ncesi aktivitelerin d\u00fczenlenece\u011fi etkinlik, 26 Mart 2026 Per\u015fembe g\u00fcn\u00fc saat 20.00&#8217;da Canik Belediyesi hizmet binas\u0131 \u00f6n\u00fcnde ger\u00e7ekle\u015ftirilecek.\u00a0<\/p>\n<p>A Milli Tak\u0131ma Tam Destek<br \/>Canikli vatanda\u015flar, Romanya kar\u015f\u0131s\u0131nda m\u00fccadele edecek olan T\u00fcrkiye A Milli Futbol Tak\u0131m\u0131&#8217;n\u0131 desteklemek i\u00e7in bir araya geliyor. Canik Belediyesi&#8217;nin il\u00e7ede d\u00fczenleyece\u011fi etkinlikte binler, dev ekranda izleyece\u011fi T\u00fcrkiye-Romanya 2026 FIFA D\u00fcnya Kupas\u0131 Avrupa Elemeleri Olay-Off Turu Yar\u0131 Final kar\u015f\u0131la\u015fmas\u0131yla milli ma\u00e7 sevincine ortak olacak. Canik Belediyesi, vatanda\u015flar taraf\u0131ndan alk\u0131\u015flar\u0131 toplayan etkinli\u011finde ayr\u0131ca \u00e7ocuklar\u0131 e\u011fitici ve e\u011flenceli aktiviteler ile \u00e7e\u015fitli hediyelerle bulu\u015fturacak. 2026 FIFA D\u00fcnya Kupas\u0131 Avrupa Elemeleri Olay-Off Turu Yar\u0131 Finali&#8217;nde Romanya ile kar\u015f\u0131la\u015facak olan T\u00fcrkiye A Milli Futbol Tak\u0131m\u0131&#8217;na ba\u015far\u0131lar dileyen Canik Belediye Ba\u015fkan\u0131 \u0130brahim Sand\u0131k\u00e7\u0131, t\u00fcm vatanda\u015flar\u0131 milli ma\u00e7 heyecan\u0131n\u0131 payla\u015fmaya davet etti.<\/p>\n<p>Kaynak: (BYZHA) Beyaz Haber Ajans\u0131<\/p>\n","protected":false},"excerpt":{"rendered":"<p>Canik Belediyesi, il\u00e7ede ger\u00e7ekle\u015ftirece\u011fi etkinlikle T\u00fcrkiye-Romanya kar\u015f\u0131la\u015fmas\u0131n\u0131 dev ekranla vatanda\u015flarla bulu\u015fturacak.<\/p>\n","protected":false},"author":1,"featured_media":3479,"comment_status":"open","ping_status":"open","sticky":false,"template":"","format":"standard","meta":{"footnotes":""},"categories":[33],"tags":[],"class_list":["post-3478","post","type-post","status-publish","format-standard","has-post-thumbnail","hentry","category-spor"],"_links":{"self":[{"href":"https:\/\/ekonomievreni.com\/index.php?rest_route=\/wp\/v2\/posts\/3478","targetHints":{"allow":["GET"]}}],"collection":[{"href":"https:\/\/ekonomievreni.com\/index.php?rest_route=\/wp\/v2\/posts"}],"about":[{"href":"https:\/\/ekonomievreni.com\/index.php?rest_route=\/wp\/v2\/types\/post"}],"author":[{"embeddable":true,"href":"https:\/\/ekonomievreni.com\/index.php?rest_route=\/wp\/v2\/users\/1"}],"replies":[{"embeddable":true,"href":"https:\/\/ekonomievreni.com\/index.php?rest_route=%2Fwp%2Fv2%2Fcomments&post=3478"}],"version-history":[{"count":1,"href":"https:\/\/ekonomievreni.com\/index.php?rest_route=\/wp\/v2\/posts\/3478\/revisions"}],"predecessor-version":[{"id":3480,"href":"https:\/\/ekonomievreni.com\/index.php?rest_route=\/wp\/v2\/posts\/3478\/revisions\/3480"}],"wp:featuredmedia":[{"embeddable":true,"href":"https:\/\/ekonomievreni.com\/index.php?rest_route=\/wp\/v2\/media\/3479"}],"wp:attachment":[{"href":"https:\/\/ekonomievreni.com\/index.php?rest_route=%2Fwp%2Fv2%2Fmedia&parent=3478"}],"wp:term":[{"taxonomy":"category","embeddable":true,"href":"https:\/\/ekonomievreni.com\/index.php?rest_route=%2Fwp%2Fv2%2Fcategories&post=3478"},{"taxonomy":"post_tag","embeddable":true,"href":"https:\/\/ekonomievreni.com\/index.php?rest_route=%2Fwp%2Fv2%2Ftags&post=3478"}],"curies":[{"name":"wp","href":"https:\/\/api.w.org\/{rel}","templated":true}]}}