{"id":3475,"date":"2026-03-24T11:31:08","date_gmt":"2026-03-24T08:31:08","guid":{"rendered":"https:\/\/ekonomievreni.com\/?p=3475"},"modified":"2026-03-24T11:31:09","modified_gmt":"2026-03-24T08:31:09","slug":"ing-turkiye-kampus-bulusmasinda-universitelilerle-bir-araya-geldi","status":"publish","type":"post","link":"https:\/\/ekonomievreni.com\/?p=3475","title":{"rendered":"ING T\u00fcrkiye, kamp\u00fcs bulu\u015fmas\u0131nda \u00fcniversitelilerle bir araya geldi"},"content":{"rendered":"<p> <strong>ING T\u00fcrkiye, farkl\u0131 \u00fcniversitelerden gelen 100\u2019\u00fcn \u00fczerinde \u00f6\u011frenciyi Genel M\u00fcd\u00fcrl\u00fck binas\u0131nda d\u00fczenledi\u011fi kamp\u00fcs bulu\u015fmas\u0131nda a\u011f\u0131rlad\u0131. G\u00fcn boyu s\u00fcren programda \u00f6\u011frenciler kariyer yolculuklar\u0131na dair merak ettikleri konular\u0131 konu\u015fma, i\u015f hayat\u0131na ili\u015fkin deneyimleri dinleme ve yetkinliklerine y\u00f6nelik fikir al\u0131\u015fveri\u015finde bulunma f\u0131rsat\u0131 buldu. Etkinlikte konu\u015fan ING T\u00fcrkiye \u0130nsan Kaynaklar\u0131 Genel M\u00fcd\u00fcr Yard\u0131mc\u0131s\u0131 Hale \u00d6kmen Atakl\u0131, \u201cING\u2019de birlikte \u00f6\u011frenmeye ve ke\u015ffetmeye a\u00e7\u0131k bir \u00e7al\u0131\u015fma ortam\u0131 sunmaya \u00f6nem veriyoruz. Esnek ve kapsay\u0131c\u0131 \u00e7al\u0131\u015fma k\u00fclt\u00fcr\u00fcm\u00fczle gen\u00e7lerin potansiyellerini ortaya koyabilecekleri bir \u00e7al\u0131\u015fma ortam\u0131 olu\u015fturuyoruz\u201d dedi.<\/strong><\/p>\n<p>ING T\u00fcrkiye, farkl\u0131 \u00fcniversitelerden gelen 100\u2019\u00fcn \u00fczerinde \u00f6\u011frenciyi Genel M\u00fcd\u00fcrl\u00fck binas\u0131nda d\u00fczenledi\u011fi kamp\u00fcs bulu\u015fmas\u0131nda a\u011f\u0131rlad\u0131. \u00d6\u011frenciler etkinlik boyunca kariyer yolculuklar\u0131na dair merak ettikleri konular\u0131 konu\u015fma, i\u015f hayat\u0131na ili\u015fkin deneyimleri dinleme ve yetkinliklerine y\u00f6nelik fikir al\u0131\u015fveri\u015finde bulunma f\u0131rsat\u0131 buldu. Ayr\u0131ca ING\u2019nin kurum k\u00fclt\u00fcr\u00fc, \u00e7al\u0131\u015fma ortam\u0131 ve gelece\u011fe y\u00f6nelik yetenek yakla\u015f\u0131m\u0131n\u0131 daha yak\u0131ndan tan\u0131ma \u015fans\u0131 yakalad\u0131. Etkinlikte ING k\u00fclt\u00fcr\u00fc, \u00f6\u011frenme ve geli\u015fim odakl\u0131 \u00e7al\u0131\u015fan deneyimi ile gen\u00e7 yeteneklere sunulan kariyer olanaklar\u0131 aktar\u0131ld\u0131. ING\u2019nin s\u00fcrd\u00fcr\u00fclebilirlik yakla\u015f\u0131m\u0131 ile m\u00fc\u015fteri deneyimi oda\u011f\u0131 ger\u00e7ek i\u015f \u00f6rnekleri \u00fczerinden payla\u015f\u0131l\u0131rken \u00f6\u011frenciler de fikirlerini aktard\u0131.<\/p>\n<p>Gen\u00e7lerin kariyerlerine g\u00fc\u00e7l\u00fc bir ba\u015flang\u0131\u00e7 yapmalar\u0131n\u0131 destekleyen ING T\u00fcrkiye, ayr\u0131ca Uluslararas\u0131 Yetenek Program\u0131 (ITP) ile gen\u00e7 yeteneklere global \u00f6l\u00e7ekte geli\u015fim ve uluslararas\u0131 bir kariyer yolculu\u011fu f\u0131rsat\u0131 sunuyor. Gen\u00e7 yetenekler, Uluslararas\u0131 Yetenek Program\u0131\u2019na Youthall \u00fczerinden 13 Nisan\u2019a kadar ba\u015fvuru yapabiliyor.<\/p>\n<p>Etkinlikle ilgili de\u011ferlendirmede bulunan\u00a0<strong>ING T\u00fcrkiye \u0130nsan Kaynaklar\u0131 Genel M\u00fcd\u00fcr Yard\u0131mc\u0131s\u0131 Hale \u00d6kmen Atakl\u0131\u00a0<\/strong>\u015funlar\u0131 s\u00f6yledi:<strong>\u00a0\u201c<\/strong>Gen\u00e7lerle bir araya gelmek, onlar\u0131n merak ettikleri konular\u0131 dinlemek ve kariyer yolculuklar\u0131na dair deneyimlerimizi payla\u015fmak bizim i\u00e7in \u00e7ok de\u011ferli. ING\u2019de \u00f6\u011frenmeye ve ke\u015ffetmeye a\u00e7\u0131k bir \u00e7al\u0131\u015fma ortam\u0131 sunmaya \u00f6nem veriyoruz. Esnek ve kapsay\u0131c\u0131 \u00e7al\u0131\u015fma k\u00fclt\u00fcr\u00fcm\u00fczle farkl\u0131 bak\u0131\u015f a\u00e7\u0131lar\u0131n\u0131 destekleyen bir yap\u0131 olu\u015ftururken gen\u00e7lerin potansiyellerini ortaya koyabilecekleri bir ortam sunmay\u0131 hedefliyoruz. Uluslararas\u0131 Yetenek Program\u0131m\u0131z (ITP) ba\u015fta olmak \u00fczere sundu\u011fumuz programlarla gen\u00e7lerin kariyerlerine g\u00fc\u00e7l\u00fc bir ba\u015flang\u0131\u00e7 yapmalar\u0131n\u0131 destekliyoruz. Bu t\u00fcr bulu\u015fmalar\u0131n gen\u00e7lerle kar\u015f\u0131l\u0131kl\u0131 \u00f6\u011frenme ve deneyim payla\u015f\u0131m\u0131 a\u00e7\u0131s\u0131ndan de\u011ferli oldu\u011funa inan\u0131yoruz.\u201d<\/p>\n<p>\u00a0<\/p>\n<p>\u00a0<\/p>\n<p>Kaynak: (BYZHA) Beyaz Haber Ajans\u0131<\/p>\n","protected":false},"excerpt":{"rendered":"<p>ING T\u00fcrkiye, farkl\u0131 \u00fcniversitelerden gelen 100\u2019\u00fcn \u00fczerinde \u00f6\u011frenciyi Genel M\u00fcd\u00fcrl\u00fck binas\u0131nda d\u00fczenledi\u011fi kamp\u00fcs bulu\u015fmas\u0131nda a\u011f\u0131rlad\u0131.<\/p>\n","protected":false},"author":1,"featured_media":3476,"comment_status":"open","ping_status":"open","sticky":false,"template":"","format":"standard","meta":{"footnotes":""},"categories":[30],"tags":[],"class_list":["post-3475","post","type-post","status-publish","format-standard","has-post-thumbnail","hentry","category-ekonomi"],"_links":{"self":[{"href":"https:\/\/ekonomievreni.com\/index.php?rest_route=\/wp\/v2\/posts\/3475","targetHints":{"allow":["GET"]}}],"collection":[{"href":"https:\/\/ekonomievreni.com\/index.php?rest_route=\/wp\/v2\/posts"}],"about":[{"href":"https:\/\/ekonomievreni.com\/index.php?rest_route=\/wp\/v2\/types\/post"}],"author":[{"embeddable":true,"href":"https:\/\/ekonomievreni.com\/index.php?rest_route=\/wp\/v2\/users\/1"}],"replies":[{"embeddable":true,"href":"https:\/\/ekonomievreni.com\/index.php?rest_route=%2Fwp%2Fv2%2Fcomments&post=3475"}],"version-history":[{"count":1,"href":"https:\/\/ekonomievreni.com\/index.php?rest_route=\/wp\/v2\/posts\/3475\/revisions"}],"predecessor-version":[{"id":3477,"href":"https:\/\/ekonomievreni.com\/index.php?rest_route=\/wp\/v2\/posts\/3475\/revisions\/3477"}],"wp:featuredmedia":[{"embeddable":true,"href":"https:\/\/ekonomievreni.com\/index.php?rest_route=\/wp\/v2\/media\/3476"}],"wp:attachment":[{"href":"https:\/\/ekonomievreni.com\/index.php?rest_route=%2Fwp%2Fv2%2Fmedia&parent=3475"}],"wp:term":[{"taxonomy":"category","embeddable":true,"href":"https:\/\/ekonomievreni.com\/index.php?rest_route=%2Fwp%2Fv2%2Fcategories&post=3475"},{"taxonomy":"post_tag","embeddable":true,"href":"https:\/\/ekonomievreni.com\/index.php?rest_route=%2Fwp%2Fv2%2Ftags&post=3475"}],"curies":[{"name":"wp","href":"https:\/\/api.w.org\/{rel}","templated":true}]}}