{"id":3463,"date":"2026-03-24T11:12:44","date_gmt":"2026-03-24T08:12:44","guid":{"rendered":"https:\/\/ekonomievreni.com\/?p=3463"},"modified":"2026-03-24T11:12:45","modified_gmt":"2026-03-24T08:12:45","slug":"allbatross-yatirimin-ust-yonetim-atamasi-dursun-sevicinin-genel-mudur-olarak-atanmasina-karar-verildi","status":"publish","type":"post","link":"https:\/\/ekonomievreni.com\/?p=3463","title":{"rendered":"Allbatross Yat\u0131r\u0131m\u2019\u0131n \u00dcst Y\u00f6netim Atamas\u0131:  Dursun Sevici\u2019nin Genel M\u00fcd\u00fcr Olarak Atanmas\u0131na Karar Verildi."},"content":{"rendered":"<p> <strong>Allbatross Yat\u0131r\u0131m Menkul De\u011ferler A.\u015e.<\/strong>\u2019nin \u00fcst y\u00f6netim kadrosunda yeni bir g\u00f6revlendirme yap\u0131ld\u0131. Eyl\u00fcl 2025\u2019ten bu yana\u00a0<strong>Genel M\u00fcd\u00fcr Yard\u0131mc\u0131s\u0131 ve Genel M\u00fcd\u00fcr Vekili<\/strong>\u00a0<strong>olarak g\u00f6rev yapan Dursun Sevici\u2019nin<\/strong>, Y\u00f6netim Kurulu karar\u0131yla\u00a0<strong>Allbatross Yat\u0131r\u0131m Menkul De\u011ferler A.\u015e. Genel M\u00fcd\u00fcr\u00fc<\/strong>\u00a0olarak atanmas\u0131na karar verildi.<\/p>\n<p>Allbatross Yat\u0131r\u0131m b\u00fcnyesinde g\u00f6rev ald\u0131\u011f\u0131 s\u00fcre boyunca \u015firketin kurumsal yap\u0131lanma s\u00fcre\u00e7lerinin g\u00fc\u00e7lendirilmesinde rol oynayan Sevici, risk y\u00f6netimi ve i\u00e7 kontrol mekanizmalar\u0131n\u0131n geli\u015ftirilmesi ile operasyonel s\u00fcre\u00e7lerin g\u00f6zden ge\u00e7irilmesine ve iyile\u015ftirilmesine y\u00f6nelik \u00e7al\u0131\u015fmalara da katk\u0131 sundu. Sevici\u2019nin yeni g\u00f6revinde, \u015firketin b\u00fcy\u00fcme hedefleri do\u011frultusunda, stratejik y\u00f6netim ve kurumsal geli\u015fim s\u00fcre\u00e7lerinde g\u00f6rev almas\u0131 \u00f6ng\u00f6r\u00fclmektedir.<\/p>\n<p>Yakla\u015f\u0131k 25 y\u0131ll\u0131k sermaye piyasas\u0131 deneyimine sahip olan Dursun Sevici, kariyerine Gedik Yat\u0131r\u0131m Menkul De\u011ferler A.\u015e.\u2019de M\u00fcfetti\u015f olarak ba\u015flam\u0131\u015f; ard\u0131ndan Tacirler Yat\u0131r\u0131m Menkul De\u011ferler A.\u015e.\u2019de \u0130\u00e7 Kontrol B\u00f6l\u00fcm M\u00fcd\u00fcr\u00fc olarak g\u00f6rev yapm\u0131\u015ft\u0131r. 2006 y\u0131l\u0131nda kat\u0131ld\u0131\u011f\u0131 Meksa Yat\u0131r\u0131m Menkul De\u011ferler A.\u015e.\u2019de uzun y\u0131llar Tefti\u015f Kurulu Ba\u015fkan\u0131 ve MASAK Uyum G\u00f6revlisi olarak sorumluluk \u00fcstlenen Sevici, 2023\u20132025 y\u0131llar\u0131 aras\u0131nda ayn\u0131 kurumda Genel M\u00fcd\u00fcr Yard\u0131mc\u0131s\u0131 olarak g\u00f6rev alm\u0131\u015ft\u0131r.<\/p>\n<p>\u00a0<\/p>\n<p>\u00a0<\/p>\n<p>Kaynak: (BYZHA) Beyaz Haber Ajans\u0131<\/p>\n","protected":false},"excerpt":{"rendered":"<p>Allbatross Yat\u0131r\u0131m Menkul De\u011ferler A.<\/p>\n","protected":false},"author":1,"featured_media":3464,"comment_status":"open","ping_status":"open","sticky":false,"template":"","format":"standard","meta":{"footnotes":""},"categories":[30],"tags":[],"class_list":["post-3463","post","type-post","status-publish","format-standard","has-post-thumbnail","hentry","category-ekonomi"],"_links":{"self":[{"href":"https:\/\/ekonomievreni.com\/index.php?rest_route=\/wp\/v2\/posts\/3463","targetHints":{"allow":["GET"]}}],"collection":[{"href":"https:\/\/ekonomievreni.com\/index.php?rest_route=\/wp\/v2\/posts"}],"about":[{"href":"https:\/\/ekonomievreni.com\/index.php?rest_route=\/wp\/v2\/types\/post"}],"author":[{"embeddable":true,"href":"https:\/\/ekonomievreni.com\/index.php?rest_route=\/wp\/v2\/users\/1"}],"replies":[{"embeddable":true,"href":"https:\/\/ekonomievreni.com\/index.php?rest_route=%2Fwp%2Fv2%2Fcomments&post=3463"}],"version-history":[{"count":1,"href":"https:\/\/ekonomievreni.com\/index.php?rest_route=\/wp\/v2\/posts\/3463\/revisions"}],"predecessor-version":[{"id":3465,"href":"https:\/\/ekonomievreni.com\/index.php?rest_route=\/wp\/v2\/posts\/3463\/revisions\/3465"}],"wp:featuredmedia":[{"embeddable":true,"href":"https:\/\/ekonomievreni.com\/index.php?rest_route=\/wp\/v2\/media\/3464"}],"wp:attachment":[{"href":"https:\/\/ekonomievreni.com\/index.php?rest_route=%2Fwp%2Fv2%2Fmedia&parent=3463"}],"wp:term":[{"taxonomy":"category","embeddable":true,"href":"https:\/\/ekonomievreni.com\/index.php?rest_route=%2Fwp%2Fv2%2Fcategories&post=3463"},{"taxonomy":"post_tag","embeddable":true,"href":"https:\/\/ekonomievreni.com\/index.php?rest_route=%2Fwp%2Fv2%2Ftags&post=3463"}],"curies":[{"name":"wp","href":"https:\/\/api.w.org\/{rel}","templated":true}]}}