{"id":3457,"date":"2026-03-24T11:12:40","date_gmt":"2026-03-24T08:12:40","guid":{"rendered":"https:\/\/ekonomievreni.com\/?p=3457"},"modified":"2026-03-24T11:12:42","modified_gmt":"2026-03-24T08:12:42","slug":"minycenterda-yeni-sezon-rengarenk-basladi","status":"publish","type":"post","link":"https:\/\/ekonomievreni.com\/?p=3457","title":{"rendered":"Minycenter\u2019da yeni sezon rengarenk ba\u015flad\u0131"},"content":{"rendered":"<p> <b>\u00c7ocuk ve bebek modas\u0131n\u0131n sevilen adresi Minycenter, \u0130lkbahar \/ Yaz 2026 sezonuna enerjik, renkli tekstil koleksiyonlar\u0131yla merhaba diyor.<\/b><\/p>\n<p>D\u00fcnyaca \u00fcnl\u00fc markalar\u0131 ayn\u0131 \u00e7at\u0131 alt\u0131nda bulu\u015fturan Minycenter; stil, kalite ve konforu bir araya getirerek hem miniklerin \u00f6zg\u00fcrce hareket edebilece\u011fi hem de ailelerin g\u00fcvenle tercih edebilece\u011fi g\u00fc\u00e7l\u00fc bir se\u00e7ki sunuyor. Sezonun ruhunu yans\u0131tan koleksiyon, canl\u0131 renk paleti, e\u011flenceli desenler ve rahat kesimleriyle dikkat \u00e7ekerken, geni\u015f \u00fcr\u00fcn gam\u0131 ile yenido\u011fandan 6 ya\u015fa kadar her ihtiyaca hitap ediyor.<\/p>\n<p>Minycenter \u00e7at\u0131s\u0131 alt\u0131nda yer alan yerli ve global markalar bu sezon da \u00e7ocuk ve bebek modas\u0131na y\u00f6n veriyor. <b>Carter&#8217;s<\/b> yumu\u015fak dokular ve g\u00fcnl\u00fck kombinlerin vazge\u00e7ilmez par\u00e7alar\u0131yla konforu \u00f6n planda tutarken, <b>OshKosh B&#8217;gosh<\/b> ikonik denim tasar\u0131mlar\u0131 ve zamans\u0131z salopetleriyle hareketli yaz g\u00fcnlerine e\u015flik ediyor. Renkli desenleri ve yarat\u0131c\u0131 tasar\u0131mlar\u0131yla Akdeniz enerjisini koleksiyonlar\u0131na ta\u015f\u0131yan <b>Boboli<\/b>, sezonun en dinamik par\u00e7alar\u0131n\u0131 sunarken; zarif ve romantik tasar\u0131mlar\u0131yla \u00f6zel g\u00fcn \u015f\u0131kl\u0131\u011f\u0131n\u0131 tamamlayan <b>Pamina<\/b> ise koleksiyona sofistike bir dokunu\u015f kat\u0131yor. Ayr\u0131ca <b>Minycenter<\/b>\u2019\u0131n kendi tekstil koleksiyonu da modern \u00e7izgileri, konforlu kal\u0131plar\u0131 ve sezonun trend renkleriyle \u00fcr\u00fcn gam\u0131n\u0131 g\u00fc\u00e7lendiriyor.<\/p>\n<p>Bu sezon \u00fcr\u00fcn \u00e7e\u015fitlili\u011finin artmas\u0131yla birlikte g\u00fcnl\u00fck kombinlerden \u00f6zel g\u00fcn elbiselerine, denim koleksiyonlar\u0131ndan yazl\u0131k tak\u0131mlara, plaj stilinden tamamlay\u0131c\u0131 aksesuarlara kadar pek \u00e7ok kategori koleksiyonda yer al\u0131yor. Nefes alan pamuklu kuma\u015flar, hareket \u00f6zg\u00fcrl\u00fc\u011f\u00fc sa\u011flayan rahat kesimler, canl\u0131 sar\u0131lar, turuncular, maviler ve pastel tonlar ile e\u011flenceli bask\u0131lar yaz\u0131n enerjisini yans\u0131t\u0131yor. <b>Minycenter\u2019\u0131n 2026\u00a0 \u0130lkbahar \/ Yaz\u00a0 tekstil koleksiyonlar\u0131<\/b>, miniklerin enerjisine e\u015flik eden tasar\u0131mlar\u0131yla hem \u015fehirde hem tatilde stil sahibi, renkli ve ilham veren bir sezon vadediyor.<\/p>\n<p>minycenter.com.tr ve t\u00fcm Minycenter ma\u011fazalar\u0131 rengarenk vitrinleri ile minikleri ve aileleri kar\u015f\u0131l\u0131yor.\u00a0<\/p>\n<p>Kaynak: (BYZHA) Beyaz Haber Ajans\u0131<\/p>\n","protected":false},"excerpt":{"rendered":"<p>\u00c7ocuk ve bebek modas\u0131n\u0131n sevilen adresi Minycenter, \u0130lkbahar \/ Yaz 2026 sezonuna enerjik, renkli tekstil koleksiyonlar\u0131yla merhaba diyor.<\/p>\n","protected":false},"author":1,"featured_media":3458,"comment_status":"open","ping_status":"open","sticky":false,"template":"","format":"standard","meta":{"footnotes":""},"categories":[30],"tags":[],"class_list":["post-3457","post","type-post","status-publish","format-standard","has-post-thumbnail","hentry","category-ekonomi"],"_links":{"self":[{"href":"https:\/\/ekonomievreni.com\/index.php?rest_route=\/wp\/v2\/posts\/3457","targetHints":{"allow":["GET"]}}],"collection":[{"href":"https:\/\/ekonomievreni.com\/index.php?rest_route=\/wp\/v2\/posts"}],"about":[{"href":"https:\/\/ekonomievreni.com\/index.php?rest_route=\/wp\/v2\/types\/post"}],"author":[{"embeddable":true,"href":"https:\/\/ekonomievreni.com\/index.php?rest_route=\/wp\/v2\/users\/1"}],"replies":[{"embeddable":true,"href":"https:\/\/ekonomievreni.com\/index.php?rest_route=%2Fwp%2Fv2%2Fcomments&post=3457"}],"version-history":[{"count":1,"href":"https:\/\/ekonomievreni.com\/index.php?rest_route=\/wp\/v2\/posts\/3457\/revisions"}],"predecessor-version":[{"id":3459,"href":"https:\/\/ekonomievreni.com\/index.php?rest_route=\/wp\/v2\/posts\/3457\/revisions\/3459"}],"wp:featuredmedia":[{"embeddable":true,"href":"https:\/\/ekonomievreni.com\/index.php?rest_route=\/wp\/v2\/media\/3458"}],"wp:attachment":[{"href":"https:\/\/ekonomievreni.com\/index.php?rest_route=%2Fwp%2Fv2%2Fmedia&parent=3457"}],"wp:term":[{"taxonomy":"category","embeddable":true,"href":"https:\/\/ekonomievreni.com\/index.php?rest_route=%2Fwp%2Fv2%2Fcategories&post=3457"},{"taxonomy":"post_tag","embeddable":true,"href":"https:\/\/ekonomievreni.com\/index.php?rest_route=%2Fwp%2Fv2%2Ftags&post=3457"}],"curies":[{"name":"wp","href":"https:\/\/api.w.org\/{rel}","templated":true}]}}