{"id":3448,"date":"2026-03-24T10:30:25","date_gmt":"2026-03-24T07:30:25","guid":{"rendered":"https:\/\/ekonomievreni.com\/?p=3448"},"modified":"2026-03-24T10:30:26","modified_gmt":"2026-03-24T07:30:26","slug":"5-adimda-dogru-takviye-nasil-secilir","status":"publish","type":"post","link":"https:\/\/ekonomievreni.com\/?p=3448","title":{"rendered":"5 Ad\u0131mda Do\u011fru Takviye Nas\u0131l Se\u00e7ilir?"},"content":{"rendered":"<p> Modern ya\u015fam h\u0131zland\u0131, beslenme d\u00fczeni de\u011fi\u015fti, g\u00fcne\u015fle temas azald\u0131, yeni trend takviyeler ise hayat\u0131n tam ortas\u0131na yerle\u015fti. Raflar vitamin, mineral ve bitkisel desteklerle dolup ta\u015farken, her g\u00fcn yeni bir madde g\u00fcndeme geliyor. Ancak \u201cHer d\u00fc\u015f\u00fck de\u011fer takviye gerektirir mi? Pop\u00fcler desteklerin ger\u00e7ekten i\u015fe yarad\u0131\u011f\u0131n\u0131 nas\u0131l anlar\u0131z? Etiket ve doz g\u00fcvenilir mi?\u201d gibi sorular giderek daha fazla \u00f6nem kazanmaya ba\u015flad\u0131.\u00a0<strong>Ac\u0131badem Life Dan\u0131\u015fman\u0131 Aile Hekimi Prof. Dr. \u0130smet Tamer vitamin takviyesini se\u00e7menin alt\u0131n ipu\u00e7lar\u0131n\u0131 payla\u015f\u0131yor.<\/strong><\/p>\n<p><strong>V\u0130TAM\u0130NE GER\u00c7EKTEN \u0130HT\u0130YACINIZ VAR MI?<\/strong><\/p>\n<p>G\u00fcn\u00fcm\u00fczde pek \u00e7ok ki\u015fi, ya\u015fam temposu ve beslenme d\u00fczenindeki de\u011fi\u015fiklikler nedeniyle eksik kald\u0131\u011f\u0131n\u0131 d\u00fc\u015f\u00fcnd\u00fc\u011f\u00fc vitamin ve mineralleri takviyelerle tamamlamaya y\u00f6neliyor. Geleneksel beslenme bi\u00e7imlerinin yerini i\u015flenmi\u015f g\u0131dalara b\u0131rakmas\u0131, taze sebze-meyve t\u00fcketiminin azalmas\u0131 mikro besin al\u0131m\u0131n\u0131 d\u00fc\u015f\u00fcr\u00fcrken; kapal\u0131 ofislerde uzun saatler \u00e7al\u0131\u015fma, g\u00fcne\u015f \u0131\u015f\u0131\u011f\u0131na daha az maruz kalma gibi modern ya\u015fam fakt\u00f6rleri \u00f6zellikle\u00a0<strong>D vitamini ba\u015fta olmak \u00fczere \u00e7e\u015fitli eksiklikleri art\u0131r\u0131yor.<\/strong>\u00a0\u00d6te yandan geli\u015fmi\u015f laboratuvar testleri sayesinde belirti vermeyen eksiklikler daha s\u0131k tespit ediliyor, sosyal medya ve pazarlama dili ise \u201cdo\u011fal, mucize, h\u0131zl\u0131 etki\u201d s\u00f6ylemleriyle takviyelere olan ilgiyi k\u00f6r\u00fckl\u00fcyor. Bu noktada laboratuvar de\u011ferlerinin tek ba\u015f\u0131na belirleyici olmad\u0131\u011f\u0131na dikkat \u00e7eken\u00a0<strong>Prof. Dr. \u0130smet Tamer<\/strong>, \u201cTahlilde de\u011ferin d\u00fc\u015f\u00fck \u00e7\u0131kmas\u0131 her zaman takviye ba\u015flanaca\u011f\u0131 anlam\u0131na gelmez. Eksikli\u011fin derecesi, klinik bulgular ve risk fakt\u00f6rleri birlikte de\u011ferlendirilmelidir. Baz\u0131 hafif d\u00fc\u015f\u00fckl\u00fcklerde ya\u015fam tarz\u0131 d\u00fczenlemesi yeterliyken, ciddi d\u00fczeylerde hedefe y\u00f6nelik tedavi gerekebilir\u201d diyerek bilin\u00e7li yakla\u015f\u0131m\u0131n \u00f6nemini vurguluyor.<\/p>\n<p><strong>HER YEN\u0130 B\u0130LE\u015eEN MUTLAKA ALINMALI MI?<\/strong><\/p>\n<p>Takviye pazar\u0131nda her g\u00fcn yeni bir bile\u015fen g\u00fcndeme geliyor. Yak\u0131n d\u00f6nemde pop\u00fclerle\u015fen berberin buna iyi bir \u00f6rnek. Peki yeni maddeler ger\u00e7ekten yeterli bilimsel kan\u0131tla m\u0131 destekleniyor, yoksa trend etkisiyle mi h\u0131zla yayg\u0131nla\u015f\u0131yor?\u00a0<strong>Prof. Dr. \u0130smet Tamer<\/strong>\u2019e g\u00f6re burada en kritik nokta, \u201cetkinlik ve g\u00fcvenlik verisinin randomize kontroll\u00fc bilimsel \u00e7al\u0131\u015fmalarla desteklenmesi\u201d. Baz\u0131 bile\u015fenler i\u00e7in umut vadeden sonu\u00e7lar bulunsa da \u00e7al\u0131\u015fmalar\u0131n kapsam\u0131, kat\u0131l\u0131mc\u0131 say\u0131s\u0131 ve kullan\u0131lan dozlar b\u00fcy\u00fck farkl\u0131l\u0131k g\u00f6sterebiliyor.\u00a0<strong>Tamer<\/strong>, \u201c Bitkilerde do\u011fal olarak bulunan berberin bile\u015fi\u011fi\u00a0\u00fczerine kan \u015fekeri ve lipid profili gibi parametrelerde olumlu sonu\u00e7lar bildiren yay\u0131nlar mevcut; ancak uzun d\u00f6nem g\u00fcvenlik verisi ve standart doz netli\u011fine dair yeterli kan\u0131t hen\u00fcz s\u0131n\u0131rl\u0131\u201d diyerek temkinli yakla\u015f\u0131lmas\u0131 gerekti\u011finin alt\u0131n\u0131 \u00e7iziyor.\u00a0<strong>Prof. Dr. \u0130smet Tamer<\/strong>, \u00f6zellikle sosyal medya etkisiyle h\u0131zla yay\u0131lan takviyeler konusunda uyar\u0131da bulunuyor ve \u201cBir madde pop\u00fcler oldu diye hemen kullanmaya ba\u015flanmamal\u0131; hele ki tedavi amac\u0131yla ve mevcut ila\u00e7larla birlikte al\u0131nacaksa mutlaka bir hekim g\u00f6r\u00fc\u015f\u00fc al\u0131nmal\u0131\u201d diyor.\u00a0<\/p>\n<p><strong>V\u0130TAM\u0130N TAKV\u0130YES\u0130N\u0130N \u0130\u00c7\u0130NDE V\u0130TAM\u0130N\u0130 YOKSA?<\/strong><\/p>\n<p>Vitamin ve bitkisel takviyelerin i\u00e7erik g\u00fcvenilirli\u011finin hem d\u00fcnyada hem T\u00fcrkiye\u2019de en \u00e7ok tart\u0131\u015f\u0131lan ba\u015fl\u0131klardan biri oldu\u011funu belirten\u00a0<strong>Prof. Dr. \u0130smet Tamer<\/strong>, \u201cBa\u011f\u0131ms\u0131z laboratuvarlar\u0131n yapt\u0131\u011f\u0131 analizlerde zaman zaman \u00fcr\u00fcn etiketinde yazan etken maddenin ya \u00e7ok d\u00fc\u015f\u00fck oranda bulundu\u011fu ya da hi\u00e7 bulunmad\u0131\u011f\u0131 tespit edilebiliyor. Bu durum \u015fa\u015f\u0131rt\u0131c\u0131 de\u011fil. G\u0131da takviyeleri ila\u00e7lar kadar s\u0131k\u0131 onay s\u00fcre\u00e7lerinden ge\u00e7medi\u011fi i\u00e7in kalite kontrol \u00fcreticinin beyan\u0131na ve uygulad\u0131\u011f\u0131 standartlara ba\u011fl\u0131d\u0131r. Ba\u011f\u0131ms\u0131z kurulu\u015flarca test yap\u0131lmad\u0131\u011f\u0131nda etiket ile i\u00e7erik aras\u0131nda tutars\u0131zl\u0131k g\u00f6r\u00fclebilir. \u00d6zellikle online sat\u0131\u015f platformlar\u0131ndaki her \u00fcr\u00fcn denetimlerden ge\u00e7medi\u011fi i\u00e7in dikkatli olunmas\u0131 gerekiyor\u201d diyor.\u00a0<\/p>\n<p><strong>DO\u011eRU TAKV\u0130YE SE\u00c7ME REHBER\u0130\u00a0<\/strong><\/p>\n<p>T\u00fcketicilerin takviye se\u00e7erken dikkat etmesi gereken noktalar konusunda pratik bir \u201cal\u0131\u015fveri\u015f kontrol listesi\u201d haz\u0131rlayan\u00a0<strong>Prof. Dr. \u0130smet Tamer<\/strong>, do\u011fru \u00fcr\u00fcn tercihinin sand\u0131\u011f\u0131m\u0131zdan daha kritik oldu\u011funu belirtiyor. Buna g\u00f6re takviye sat\u0131n al\u0131rken \u015fu ad\u0131mlar g\u00f6z \u00f6n\u00fcnde bulundurulmal\u0131:<\/p>\n<p><strong>Etiket mutlaka incelenmeli.<\/strong>\u00a0Etken maddenin ad\u0131 ve miktar\u0131 \u015feffaf \u015fekilde yaz\u0131yor mu? Her bile\u015fenin dozu belirtilmi\u015f mi? Yan etki, gebelik\u2013emzirme ve \u00e7ocuk kullan\u0131m\u0131 uyar\u0131lar\u0131 yer al\u0131yor mu?<\/p>\n<p><strong>Ba\u011f\u0131ms\u0131z test sertifikalar\u0131 \u00f6nemli.<\/strong>\u00a0USP, NSF, ConsumerLab gibi kurulu\u015flar\u0131n do\u011frulama logosu \u00fcr\u00fcn\u00fcn g\u00fcvenilirli\u011fini art\u0131r\u0131r. \u00dcretim yeri, GMP bilgisi ve marka ileti\u015fim detaylar\u0131 net olmal\u0131.<\/p>\n<p><strong>\u0130la\u00e7 kullan\u0131yorsan\u0131z dikkat!<\/strong>\u00a0Bitkisel ve do\u011fal takviyeler ila\u00e7larla etkile\u015fime girebilir. D\u00fczenli ila\u00e7 kullananlar mutlaka hekim g\u00f6r\u00fc\u015f\u00fc almal\u0131.<\/p>\n<p><strong>Ama\u00e7 net olmal\u0131.<\/strong>\u00a0Destek ama\u00e7l\u0131 m\u0131 yoksa belirli bir eksiklik i\u00e7in mi kullan\u0131l\u0131yor? Spesifik eksiklik \u015f\u00fcphesinde \u00f6nce test, ard\u0131ndan hedefe y\u00f6nelik \u00fcr\u00fcn se\u00e7imi yap\u0131lmal\u0131.<\/p>\n<p><strong>Fiyat tek kriter de\u011fildir.<\/strong>\u00a0\u00c7ok ucuz \u00fcr\u00fcnler kalite \u015f\u00fcphesi yaratabilir; en pahal\u0131s\u0131 da en iyi anlam\u0131na gelmez. Bilimsel veri ve sertifika her zaman fiyat\u0131n \u00f6n\u00fcndedir.<\/p>\n<p><strong>Prof. Dr. Tamer<\/strong>, takviyelerin herkes i\u00e7in rutin bir ihtiya\u00e7 olmad\u0131\u011f\u0131n\u0131 vurgulayarak, \u201cYeni bir madde pop\u00fcler oldu diye hemen uzun s\u00fcreli kullan\u0131ma ba\u015flanmamal\u0131. G\u00fcvenilir kan\u0131ta, \u00fcr\u00fcn do\u011frulamas\u0131na ve hekim de\u011ferlendirmesine dayanan se\u00e7im en sa\u011fl\u0131kl\u0131 yakla\u015f\u0131md\u0131r\u201d diyor.<\/p>\n<p>\u00a0<\/p>\n<p>\u00a0<\/p>\n<p>Kaynak: (BYZHA) Beyaz Haber Ajans\u0131<\/p>\n","protected":false},"excerpt":{"rendered":"<p>Modern ya\u015fam h\u0131zland\u0131, beslenme d\u00fczeni de\u011fi\u015fti, g\u00fcne\u015fle temas azald\u0131, yeni trend takviyeler ise hayat\u0131n tam ortas\u0131na yerle\u015fti.<\/p>\n","protected":false},"author":1,"featured_media":3449,"comment_status":"open","ping_status":"open","sticky":false,"template":"","format":"standard","meta":{"footnotes":""},"categories":[31],"tags":[],"class_list":["post-3448","post","type-post","status-publish","format-standard","has-post-thumbnail","hentry","category-saglik"],"_links":{"self":[{"href":"https:\/\/ekonomievreni.com\/index.php?rest_route=\/wp\/v2\/posts\/3448","targetHints":{"allow":["GET"]}}],"collection":[{"href":"https:\/\/ekonomievreni.com\/index.php?rest_route=\/wp\/v2\/posts"}],"about":[{"href":"https:\/\/ekonomievreni.com\/index.php?rest_route=\/wp\/v2\/types\/post"}],"author":[{"embeddable":true,"href":"https:\/\/ekonomievreni.com\/index.php?rest_route=\/wp\/v2\/users\/1"}],"replies":[{"embeddable":true,"href":"https:\/\/ekonomievreni.com\/index.php?rest_route=%2Fwp%2Fv2%2Fcomments&post=3448"}],"version-history":[{"count":1,"href":"https:\/\/ekonomievreni.com\/index.php?rest_route=\/wp\/v2\/posts\/3448\/revisions"}],"predecessor-version":[{"id":3450,"href":"https:\/\/ekonomievreni.com\/index.php?rest_route=\/wp\/v2\/posts\/3448\/revisions\/3450"}],"wp:featuredmedia":[{"embeddable":true,"href":"https:\/\/ekonomievreni.com\/index.php?rest_route=\/wp\/v2\/media\/3449"}],"wp:attachment":[{"href":"https:\/\/ekonomievreni.com\/index.php?rest_route=%2Fwp%2Fv2%2Fmedia&parent=3448"}],"wp:term":[{"taxonomy":"category","embeddable":true,"href":"https:\/\/ekonomievreni.com\/index.php?rest_route=%2Fwp%2Fv2%2Fcategories&post=3448"},{"taxonomy":"post_tag","embeddable":true,"href":"https:\/\/ekonomievreni.com\/index.php?rest_route=%2Fwp%2Fv2%2Ftags&post=3448"}],"curies":[{"name":"wp","href":"https:\/\/api.w.org\/{rel}","templated":true}]}}