{"id":3442,"date":"2026-03-24T00:40:32","date_gmt":"2026-03-23T21:40:32","guid":{"rendered":"https:\/\/ekonomievreni.com\/?p=3442"},"modified":"2026-03-24T00:40:33","modified_gmt":"2026-03-23T21:40:33","slug":"cahim-2-serisi-dunyaya-aciliyor","status":"publish","type":"post","link":"https:\/\/ekonomievreni.com\/?p=3442","title":{"rendered":"&#8216;Cahim 2&#8217; Serisi D\u00fcnyaya A\u00e7\u0131l\u0131yor"},"content":{"rendered":"<p> <b>Cahim 2, son g\u00fcnlerin en g\u00fc\u00e7l\u00fc a\u00e7\u0131l\u0131\u015f\u0131n\u0131 yapt\u0131.<\/b><\/p>\n<p>T\u00fcrk korku sinemas\u0131n\u0131n son d\u00f6nemde \u00f6ne \u00e7\u0131kan yap\u0131mlar\u0131ndan biri olan \u201cCahim\u201d serisi, ikinci filmiyle sinema salonlar\u0131nda g\u00fc\u00e7l\u00fc bir performans sergiliyor. Y\u00f6netmenli\u011fini Do\u011fukan M\u0131s\u0131r\u2019\u0131n \u00fcstlendi\u011fi \u201cCahim 2\u201d, 13 Mart\u2019ta vizyona girerek izleyiciyle bulu\u015ftu.<\/p>\n<p>\u201cCahim 2\u201d, T\u00fcrkiye\u2019de yakalad\u0131\u011f\u0131 ba\u015far\u0131n\u0131n ard\u0131ndan uluslararas\u0131 pazara da a\u00e7\u0131l\u0131yor. Film; Almanya, Avusturya ve Azerbaycan ba\u015fta olmak \u00fczere, G\u00fcney Amerika\u2019da Arjantin, Brezilya, Meksika, \u015eili, Kolombiya, Peru, Uruguay, Panama, Dominik Cumhuriyeti, Ekvador, Bolivya, Paraguay, El Salvador, Venezuela ve K\u00fcba\u2019da vizyona girecek.<\/p>\n<p>Korku t\u00fcr\u00fcndeki yap\u0131m, vizyona girdi\u011fi ilk haftalardan itibaren yakalad\u0131\u011f\u0131 seyirci ilgisi ve olumlu geri d\u00f6n\u00fc\u015flerle de dikkat \u00e7ekiyor. Sinema izleyicisinin yorumlar\u0131, serinin ikinci filminde atmosferin ve hik\u00e2ye derinli\u011finin \u00f6nemli \u00f6l\u00e7\u00fcde g\u00fc\u00e7lendi\u011fini ispat etti.\u00a0<\/p>\n<p>G\u00f6sterimdeki ikinci haftas\u0131nda elde etti\u011fi performansla \u00f6ne \u00e7\u0131kan \u201cCahim 2\u201d, yerli korku sinemas\u0131nda kal\u0131c\u0131 bir marka olma yolunda ilerliyor. Seri yap\u0131s\u0131n\u0131n s\u00fcrd\u00fcr\u00fclebilirli\u011fi ve izleyici kar\u015f\u0131l\u0131\u011f\u0131 a\u00e7\u0131s\u0131ndan dikkat \u00e7eken film, uzun soluklu bir korku evreninin g\u00fc\u00e7l\u00fc ad\u0131mlar\u0131ndan biri olarak de\u011ferlendiriliyor.<\/p>\n<p>Ba\u015frollerinde Ali Murat \u00d6zgen, Salih Bayraktar, Sultan K\u00f6ro\u011flu K\u0131l\u0131\u00e7 ve Irmak \u015eeker\u2019in yer ald\u0131\u011f\u0131 yap\u0131m, ger\u00e7ek bir hik\u00e2yeden esinlenen anlat\u0131s\u0131yla dikkat \u00e7ekiyor.<\/p>\n<p>\u201cCahim 2\u201d, yerli korku sinemas\u0131nda seri \u00fcretimin s\u00fcrd\u00fcr\u00fclebilirli\u011fi a\u00e7\u0131s\u0131ndan \u00f6nemli bir \u00f6rnek olu\u015ftururken, y\u00f6netmen Do\u011fukan M\u0131s\u0131r\u2019\u0131n t\u00fcr i\u00e7erisindeki konumunu da daha da g\u00fc\u00e7lendiren bir proje olarak \u00f6ne \u00e7\u0131k\u0131yor.<\/p>\n<p><b>K\u00fcnye<\/b><\/p>\n<p><b>Yap\u0131m:<\/b> Zebra Production<b>\u00a0<\/b><\/p>\n<p><b>Y\u00f6netmen- Senarist:<\/b> Do\u011fukan M\u0131s\u0131r<\/p>\n<p><b>Oyuncular:<\/b> Ali Murat \u00d6zgen, Sultan K\u00f6ro\u011flu K\u0131l\u0131\u00e7, Irmak \u015eeker, Salih Bayraktar, Ayla Kaymak, Simge Konrat, Nizamettin \u00d6zkaya<\/p>\n<p>Kaynak: (BYZHA) Beyaz Haber Ajans\u0131<\/p>\n","protected":false},"excerpt":{"rendered":"<p>Cahim 2, son g\u00fcnlerin en g\u00fc\u00e7l\u00fc a\u00e7\u0131l\u0131\u015f\u0131n\u0131 yapt\u0131.<\/p>\n","protected":false},"author":1,"featured_media":3443,"comment_status":"open","ping_status":"open","sticky":false,"template":"","format":"standard","meta":{"footnotes":""},"categories":[1],"tags":[],"class_list":["post-3442","post","type-post","status-publish","format-standard","has-post-thumbnail","hentry","category-magazin"],"_links":{"self":[{"href":"https:\/\/ekonomievreni.com\/index.php?rest_route=\/wp\/v2\/posts\/3442","targetHints":{"allow":["GET"]}}],"collection":[{"href":"https:\/\/ekonomievreni.com\/index.php?rest_route=\/wp\/v2\/posts"}],"about":[{"href":"https:\/\/ekonomievreni.com\/index.php?rest_route=\/wp\/v2\/types\/post"}],"author":[{"embeddable":true,"href":"https:\/\/ekonomievreni.com\/index.php?rest_route=\/wp\/v2\/users\/1"}],"replies":[{"embeddable":true,"href":"https:\/\/ekonomievreni.com\/index.php?rest_route=%2Fwp%2Fv2%2Fcomments&post=3442"}],"version-history":[{"count":1,"href":"https:\/\/ekonomievreni.com\/index.php?rest_route=\/wp\/v2\/posts\/3442\/revisions"}],"predecessor-version":[{"id":3444,"href":"https:\/\/ekonomievreni.com\/index.php?rest_route=\/wp\/v2\/posts\/3442\/revisions\/3444"}],"wp:featuredmedia":[{"embeddable":true,"href":"https:\/\/ekonomievreni.com\/index.php?rest_route=\/wp\/v2\/media\/3443"}],"wp:attachment":[{"href":"https:\/\/ekonomievreni.com\/index.php?rest_route=%2Fwp%2Fv2%2Fmedia&parent=3442"}],"wp:term":[{"taxonomy":"category","embeddable":true,"href":"https:\/\/ekonomievreni.com\/index.php?rest_route=%2Fwp%2Fv2%2Fcategories&post=3442"},{"taxonomy":"post_tag","embeddable":true,"href":"https:\/\/ekonomievreni.com\/index.php?rest_route=%2Fwp%2Fv2%2Ftags&post=3442"}],"curies":[{"name":"wp","href":"https:\/\/api.w.org\/{rel}","templated":true}]}}