{"id":3436,"date":"2026-03-23T20:22:09","date_gmt":"2026-03-23T17:22:09","guid":{"rendered":"https:\/\/ekonomievreni.com\/?p=3436"},"modified":"2026-03-23T20:22:10","modified_gmt":"2026-03-23T17:22:10","slug":"genc-zihinler-iklim-degisikligi-ve-kutup-arastirmalari-icin-sahaya-cikiyor-basvurularda-son-gunler","status":"publish","type":"post","link":"https:\/\/ekonomievreni.com\/?p=3436","title":{"rendered":"Gen\u00e7 Zihinler \u0130klim De\u011fi\u015fikli\u011fi ve Kutup Ara\u015ft\u0131rmalar\u0131 \u0130\u00e7in Sahaya \u00c7\u0131k\u0131yor,  Ba\u015fvurularda Son G\u00fcnler"},"content":{"rendered":"<p> T\u00fcrkiye\u2019nin bilim ve teknoloji alan\u0131ndaki en b\u00fcy\u00fck organizasyonu\u00a0<strong>TEKNOFEST<\/strong>\u00a0kapsam\u0131nda,\u00a0<strong>T\u00dcB\u0130TAK\u00a0<\/strong>y\u00fcr\u00fct\u00fcc\u00fcl\u00fc\u011f\u00fcnde d\u00fczenlenen iki \u00f6nemli yar\u0131\u015fma lise \u00f6\u011frencilerini gelece\u011fin en kritik meselelerine \u00e7\u00f6z\u00fcm \u00fcretmeye davet ediyor.\u00a0<strong>\u0130klim de\u011fi\u015fikli\u011fi ve kutup ara\u015ft\u0131rmalar\u0131<\/strong>\u00a0gibi k\u00fcresel \u00f6l\u00e7ekte \u00f6nem ta\u015f\u0131yan alanlara odaklanan bu yar\u0131\u015fmalar, gen\u00e7lerin bilimsel \u00fcretkenli\u011fini desteklerken T\u00fcrkiye\u2019nin uluslararas\u0131 bilim sahnesindeki g\u00fcc\u00fcn\u00fc art\u0131rmay\u0131 hedefliyor. Her iki yar\u0131\u015fma i\u00e7in de\u00a0<strong>son ba\u015fvuru tarihinin 23 Mart olmas\u0131<\/strong>, heyecan\u0131 ve rekabeti zirveye ta\u015f\u0131yor.<\/p>\n<p><strong>\u0130klim Krizine Gen\u00e7lerden Bilimsel \u00c7\u00f6z\u00fcmler<\/strong><\/p>\n<p><strong>Lise \u00d6\u011frencileri \u0130klim De\u011fi\u015fikli\u011fi Ara\u015ft\u0131rma Projeleri Yar\u0131\u015fmas\u0131<\/strong>, gen\u00e7leri yaln\u0131zca k\u00fcresel iklim krizini anlamaya de\u011fil, ayn\u0131 zamanda \u00e7\u00f6z\u00fcm \u00fcretmeye te\u015fvik ediyor.\u00a0\u00c7evre, Ekonomik Sekt\u00f6rler, Hava ve \u0130klim, S\u00fcrd\u00fcr\u00fclebilirlik ve Refah, Su Ara\u015ft\u0131rmalar\u0131 ve Toplumsal Fark\u0131ndal\u0131k\u00a0gibi 6 ana 22 alt kategoriyle geni\u015f bir alanda proje geli\u015ftirme imk\u00e2n\u0131 sunan yar\u0131\u015fma, \u00f6\u011frencilerin ger\u00e7ek d\u00fcnya problemlerine bilimsel yakla\u015f\u0131m geli\u015ftirmesini sa\u011fl\u0131yor. Do\u011fal kaynaklar\u0131n korunmas\u0131, \u015fehirlerin iklim direncinin art\u0131r\u0131lmas\u0131 ve karbon sal\u0131m\u0131n\u0131n azalt\u0131lmas\u0131 gibi ba\u015fl\u0131klar, gen\u00e7lerin yenilik\u00e7i fikirleriyle yeniden ele al\u0131n\u0131yor. Bu y\u00f6n\u00fcyle yar\u0131\u015fma, sadece bir proje s\u00fcreci de\u011fil, ayn\u0131 zamanda toplumsal d\u00f6n\u00fc\u015f\u00fcm\u00fcn de ba\u015flang\u0131c\u0131 olarak g\u00f6r\u00fcl\u00fcyor.<\/p>\n<p><strong>Kutuplar\u0131n Gizemi Gen\u00e7 Ara\u015ft\u0131rmac\u0131larla \u00c7\u00f6z\u00fcl\u00fcyor<\/strong><\/p>\n<p><strong>Lise \u00d6\u011frencileri Kutup Ara\u015ft\u0131rma Projeleri Yar\u0131\u015fmas\u0131<\/strong>\u00a0ise \u00f6\u011frencileri d\u00fcnyan\u0131n en zorlu ve en az ke\u015ffedilmi\u015f b\u00f6lgeleri olan kutuplar\u0131 bilimsel olarak incelemeye davet ediyor. Canl\u0131 bilimlerinden yer bilimlerine, fiziki bilimlerden sosyal ve be\u015feri bilimlere kadar uzanan disiplinler aras\u0131 yap\u0131s\u0131yla dikkat \u00e7eken yar\u0131\u015fma, k\u00fcresel iklim sisteminin merkezinde yer alan kutuplar\u0131n daha iyi anla\u015f\u0131lmas\u0131n\u0131 hedefliyor. Buzullar\u0131n erimesi, ekosistem de\u011fi\u015fimleri ve kutup b\u00f6lgelerinin stratejik \u00f6nemi gibi konular, gen\u00e7lerin bilimsel merak\u0131yla bulu\u015farak yeni perspektifler kazand\u0131r\u0131yor.<\/p>\n<p><strong>23 MART Son G\u00fcn: Gelece\u011fe \u0130mza Atma F\u0131rsat\u0131<\/strong><\/p>\n<p>Her iki yar\u0131\u015fmada da dereceye giren \u00f6\u011frencileri 90 bin TL\u2019ye varan \u00f6d\u00fcller beklerken, as\u0131l kazan\u0131m\u0131n bilimsel d\u00fc\u015f\u00fcnme becerisi, ara\u015ft\u0131rma k\u00fclt\u00fcr\u00fc ve k\u00fcresel vizyon oldu\u011fu vurgulan\u0131yor. Gen\u00e7lerin bilgi t\u00fcketen de\u011fil, bilgi \u00fcreten bireyler olarak yeti\u015fmesini ama\u00e7layan bu \u00f6nemli organizasyonlar, T\u00fcrkiye\u2019nin bilim ve teknoloji yolculu\u011funda kritik bir rol \u00fcstleniyor. Ba\u015fvurular\u0131n 23 Mart\u2019ta sona erece\u011fi bu b\u00fcy\u00fck f\u0131rsat, gelece\u011fe y\u00f6n vermek isteyen t\u00fcm lise \u00f6\u011frencilerini bekliyor.<\/p>\n<p>\u00a0<\/p>\n<p>\u00a0<\/p>\n<p>Kaynak: (BYZHA) Beyaz Haber Ajans\u0131<\/p>\n","protected":false},"excerpt":{"rendered":"<p>T\u00fcrkiye\u2019nin bilim ve teknoloji alan\u0131ndaki en b\u00fcy\u00fck organizasyonu\u00a0TEKNOFEST\u00a0kapsam\u0131nda,\u00a0T\u00dcB\u0130TAK\u00a0y\u00fcr\u00fct\u00fcc\u00fcl\u00fc\u011f\u00fcnde d\u00fczenlenen iki \u00f6nemli yar\u0131\u015fma lise \u00f6\u011frencilerini gelece\u011fin en kritik meselelerine \u00e7\u00f6z\u00fcm \u00fcretmeye davet ediyor.<\/p>\n","protected":false},"author":1,"featured_media":3437,"comment_status":"open","ping_status":"open","sticky":false,"template":"","format":"standard","meta":{"footnotes":""},"categories":[32],"tags":[],"class_list":["post-3436","post","type-post","status-publish","format-standard","has-post-thumbnail","hentry","category-teknoloji"],"_links":{"self":[{"href":"https:\/\/ekonomievreni.com\/index.php?rest_route=\/wp\/v2\/posts\/3436","targetHints":{"allow":["GET"]}}],"collection":[{"href":"https:\/\/ekonomievreni.com\/index.php?rest_route=\/wp\/v2\/posts"}],"about":[{"href":"https:\/\/ekonomievreni.com\/index.php?rest_route=\/wp\/v2\/types\/post"}],"author":[{"embeddable":true,"href":"https:\/\/ekonomievreni.com\/index.php?rest_route=\/wp\/v2\/users\/1"}],"replies":[{"embeddable":true,"href":"https:\/\/ekonomievreni.com\/index.php?rest_route=%2Fwp%2Fv2%2Fcomments&post=3436"}],"version-history":[{"count":1,"href":"https:\/\/ekonomievreni.com\/index.php?rest_route=\/wp\/v2\/posts\/3436\/revisions"}],"predecessor-version":[{"id":3438,"href":"https:\/\/ekonomievreni.com\/index.php?rest_route=\/wp\/v2\/posts\/3436\/revisions\/3438"}],"wp:featuredmedia":[{"embeddable":true,"href":"https:\/\/ekonomievreni.com\/index.php?rest_route=\/wp\/v2\/media\/3437"}],"wp:attachment":[{"href":"https:\/\/ekonomievreni.com\/index.php?rest_route=%2Fwp%2Fv2%2Fmedia&parent=3436"}],"wp:term":[{"taxonomy":"category","embeddable":true,"href":"https:\/\/ekonomievreni.com\/index.php?rest_route=%2Fwp%2Fv2%2Fcategories&post=3436"},{"taxonomy":"post_tag","embeddable":true,"href":"https:\/\/ekonomievreni.com\/index.php?rest_route=%2Fwp%2Fv2%2Ftags&post=3436"}],"curies":[{"name":"wp","href":"https:\/\/api.w.org\/{rel}","templated":true}]}}