{"id":3433,"date":"2026-03-23T20:22:06","date_gmt":"2026-03-23T17:22:06","guid":{"rendered":"https:\/\/ekonomievreni.com\/?p=3433"},"modified":"2026-03-23T20:22:07","modified_gmt":"2026-03-23T17:22:07","slug":"eczacibasi-dynavitin-hedefi-final","status":"publish","type":"post","link":"https:\/\/ekonomievreni.com\/?p=3433","title":{"rendered":"Eczac\u0131bas\u0327\u0131 Dynavit\u2019in hedefi final!"},"content":{"rendered":"<p> Eczac\u0131ba\u015f\u0131 Dynavit, AXA Sigorta Kupa Voley Kad\u0131nlar\u2019da yar\u0131 final kar\u015f\u0131la\u015fmas\u0131na \u00e7\u0131k\u0131yor. Ankara ev sahipli\u011finde Fenerbah\u00e7e Medicana ile kar\u015f\u0131 kar\u015f\u0131ya gelecek turuncu beyazl\u0131lar, finalist olmay\u0131 hedefliyor. M\u00fccadele 24 Mart Sal\u0131 g\u00fcn\u00fc saat 19.00\u2019da Ankara Spor Salonu\u2019nda oynanacak. Sabah saatlerinde Ankara&#8217;ya seyahat eden tak\u0131m, g\u00fcn\u00fc tek idmanla tamamlad\u0131.\u00a0<\/p>\n<p>Yar\u0131 final kar\u015f\u0131la\u015fmas\u0131 \u00f6ncesi g\u00f6r\u00fc\u015flerini dile getiren\u00a0<strong>Eczac\u0131ba\u015f\u0131 Dynavit ba\u015fantren\u00f6r\u00fc Giulio Bregoli;<\/strong>\u00a0<em>\u201cKupa Voley yar\u0131 finalinde Fenerbah\u00e7e Medicana ile kar\u015f\u0131la\u015faca\u011f\u0131z. G\u00fc\u00e7l\u00fc bir rakibe kar\u015f\u0131 zorlu bir ma\u00e7 olaca\u011f\u0131n\u0131 biliyoruz. Bu seviyede bir kar\u015f\u0131la\u015fmada detaylar ve oyun disiplini belirleyici oluyor. Bizim i\u00e7in \u00f6nemli olan, haz\u0131rl\u0131klar\u0131m\u0131z\u0131 sahaya do\u011fru \u015fekilde yans\u0131tmak&#8230; En iyi performans\u0131m\u0131z\u0131 ortaya koyarak finale y\u00fckselmek istiyoruz\u201d\u00a0<\/em>dedi.<\/p>\n<p><strong>Yar\u0131 Final Heyecan\u0131 TRT Spor ekranlar\u0131nda\u2026<\/strong><\/p>\n<p>Fenerbah\u00e7e Medicana \u2013 Eczac\u0131ba\u015f\u0131 Dynavit AXA Sigorta Kupa Voley Kad\u0131nlar Yar\u0131 Final kar\u015f\u0131la\u015fmas\u0131 24 Mart Sal\u0131 saat 19.00\u2019da TRT Spor ekranlar\u0131ndan naklen yay\u0131nlanacak.<\/p>\n<p>\u00a0<\/p>\n<p>\u00a0<\/p>\n<p>Kaynak: (BYZHA) Beyaz Haber Ajans\u0131<\/p>\n","protected":false},"excerpt":{"rendered":"<p>Eczac\u0131ba\u015f\u0131 Dynavit, AXA Sigorta Kupa Voley Kad\u0131nlar\u2019da yar\u0131 final kar\u015f\u0131la\u015fmas\u0131na \u00e7\u0131k\u0131yor.<\/p>\n","protected":false},"author":1,"featured_media":3434,"comment_status":"open","ping_status":"open","sticky":false,"template":"","format":"standard","meta":{"footnotes":""},"categories":[33],"tags":[],"class_list":["post-3433","post","type-post","status-publish","format-standard","has-post-thumbnail","hentry","category-spor"],"_links":{"self":[{"href":"https:\/\/ekonomievreni.com\/index.php?rest_route=\/wp\/v2\/posts\/3433","targetHints":{"allow":["GET"]}}],"collection":[{"href":"https:\/\/ekonomievreni.com\/index.php?rest_route=\/wp\/v2\/posts"}],"about":[{"href":"https:\/\/ekonomievreni.com\/index.php?rest_route=\/wp\/v2\/types\/post"}],"author":[{"embeddable":true,"href":"https:\/\/ekonomievreni.com\/index.php?rest_route=\/wp\/v2\/users\/1"}],"replies":[{"embeddable":true,"href":"https:\/\/ekonomievreni.com\/index.php?rest_route=%2Fwp%2Fv2%2Fcomments&post=3433"}],"version-history":[{"count":1,"href":"https:\/\/ekonomievreni.com\/index.php?rest_route=\/wp\/v2\/posts\/3433\/revisions"}],"predecessor-version":[{"id":3435,"href":"https:\/\/ekonomievreni.com\/index.php?rest_route=\/wp\/v2\/posts\/3433\/revisions\/3435"}],"wp:featuredmedia":[{"embeddable":true,"href":"https:\/\/ekonomievreni.com\/index.php?rest_route=\/wp\/v2\/media\/3434"}],"wp:attachment":[{"href":"https:\/\/ekonomievreni.com\/index.php?rest_route=%2Fwp%2Fv2%2Fmedia&parent=3433"}],"wp:term":[{"taxonomy":"category","embeddable":true,"href":"https:\/\/ekonomievreni.com\/index.php?rest_route=%2Fwp%2Fv2%2Fcategories&post=3433"},{"taxonomy":"post_tag","embeddable":true,"href":"https:\/\/ekonomievreni.com\/index.php?rest_route=%2Fwp%2Fv2%2Ftags&post=3433"}],"curies":[{"name":"wp","href":"https:\/\/api.w.org\/{rel}","templated":true}]}}