{"id":3427,"date":"2026-03-23T16:21:41","date_gmt":"2026-03-23T13:21:41","guid":{"rendered":"https:\/\/ekonomievreni.com\/?p=3427"},"modified":"2026-03-23T16:21:42","modified_gmt":"2026-03-23T13:21:42","slug":"bayraklida-yaslilar-haftasi-sosyal-ve-saglik-programlariyla-geciyor","status":"publish","type":"post","link":"https:\/\/ekonomievreni.com\/?p=3427","title":{"rendered":"Bayrakl\u0131\u2019da Ya\u015fl\u0131lar Haftas\u0131 Sosyal ve Sa\u011fl\u0131k Programlar\u0131yla Ge\u00e7iyor"},"content":{"rendered":"\n<p align=\"left\">Bayrakl\u0131 Belediyesi, Ya\u015fl\u0131lar Haftas\u0131 kapsam\u0131nda il\u00e7ede ya\u015fayan ya\u015f alm\u0131\u015f b\u00fcy\u00fckler i\u00e7in sosyal, k\u00fclt\u00fcrel ve sa\u011fl\u0131k odakl\u0131 etkinlikler d\u00fczenliyor. Hafta boyunca ger\u00e7ekle\u015ftirilecek programlarla ya\u015f alm\u0131\u015f b\u00fcy\u00fcklerin sosyal hayata kat\u0131l\u0131m\u0131 desteklenirken, sa\u011fl\u0131k ve ya\u015fam kalitelerini art\u0131rmaya y\u00f6nelik \u00e7al\u0131\u015fmalar da hayata ge\u00e7irilecek.<\/p>\n<p>Program kapsam\u0131nda vatanda\u015flar ilk olarak Ata An\u0131 Evi\u2019ne d\u00fczenlenen ziyaretle tarih yolculu\u011funa \u00e7\u0131kacak. Gazi Mustafa Kemal Atat\u00fcrk\u2019\u00fcn \u0130zmir\u2019i seyretti\u011fi tarihi noktada ger\u00e7ekle\u015ftirilecek bulu\u015fmada kat\u0131l\u0131mc\u0131lar, hem ge\u00e7mi\u015fe tan\u0131kl\u0131k edecek hem de sosyal bir ortamda bir araya gelecek.<\/p>\n<p>Manavkuyu\u2019daki Bahar Evi\u2019nde d\u00fczenlenecek dijital okuryazarl\u0131k e\u011fitimleriyle ya\u015f alm\u0131\u015f b\u00fcy\u00fcklerin teknolojiye uyumu desteklenirken, sa\u011fl\u0131k ekipleri taraf\u0131ndan tansiyon, \u015feker ve kolesterol \u00f6l\u00e7\u00fcmleri de yap\u0131lacak. Ayr\u0131ca \u201c\u0130yi Olu\u015f Bulu\u015fmalar\u0131\u201d kapsam\u0131nda ger\u00e7ekle\u015ftirilecek at\u00f6lyelerde, sa\u011fl\u0131kl\u0131 ve aktif ya\u015f alman\u0131n yollar\u0131 ele al\u0131nacak.<\/p>\n<p>Bayrakl\u0131 Belediyesi, yaln\u0131zca bu hafta kapsam\u0131nda de\u011fil y\u0131l boyunca s\u00fcrd\u00fcrd\u00fc\u011f\u00fc hizmetlerle de ya\u015f alm\u0131\u015f b\u00fcy\u00fcklerin yan\u0131nda olmaya devam ediyor. Ya\u015fl\u0131 destek hizmet hatt\u0131, refakat\u00e7i deste\u011fi, evde ki\u015fisel bak\u0131m hizmetleri, ev ziyaretleri, psikososyal destek ve medikal malzeme yard\u0131mlar\u0131yla ihtiya\u00e7 sahibi vatanda\u015flara destek sa\u011fl\u0131yor.<\/p>\n<p>Ba\u015fkan \u00d6nal: \u201cBu kente emek vermi\u015f ya\u015f alm\u0131\u015f b\u00fcy\u00fcklerimiz bizim en k\u0131ymetli de\u011ferlerimizdir\u201d<br \/>Bayrakl\u0131 Belediye Ba\u015fkan\u0131 \u0130rfan \u00d6nal, Ya\u015fl\u0131lar Haftas\u0131 kapsam\u0131nda yap\u0131lan etkinliklere ili\u015fkin \u015fu de\u011ferlendirmede bulundu: \u201cBayrakl\u0131\u2019da y\u0131llarca bu sokaklarda eme\u011fi olan, bu kentin haf\u0131zas\u0131n\u0131 olu\u015fturan ya\u015f alm\u0131\u015f b\u00fcy\u00fcklerimiz bizim en k\u0131ymetli de\u011ferlerimizdir. Sosyal belediyecilik anlay\u0131\u015f\u0131m\u0131z kapsam\u0131nda y\u0131l boyunca s\u00fcrd\u00fcrd\u00fc\u011f\u00fcm\u00fcz hizmetlerin yan\u0131 s\u0131ra Ya\u015fl\u0131lar Haftas\u0131 vesilesiyle de onlar\u0131n hayat\u0131na dokunan, sosyal hayata kat\u0131l\u0131mlar\u0131n\u0131 art\u0131ran etkinlikler d\u00fczenledik. Amac\u0131m\u0131z; ya\u015f alm\u0131\u015f b\u00fcy\u00fcklerimizin kendilerini yaln\u0131z hissetmedi\u011fi, her zaman yanlar\u0131nda oldu\u011fumuzu bildikleri bir Bayrakl\u0131\u2019y\u0131 birlikte b\u00fcy\u00fctmek\u201d dedi.\u00a0<\/p>\n<p align=\"left\">\u00a0<\/p>\n<p>Kaynak: (BYZHA) Beyaz Haber Ajans\u0131<\/p>\n","protected":false},"excerpt":{"rendered":"<p>Bayrakl\u0131 Belediyesi, Ya\u015fl\u0131lar Haftas\u0131 kapsam\u0131nda il\u00e7ede ya\u015fayan ya\u015f alm\u0131\u015f b\u00fcy\u00fckler i\u00e7in sosyal, k\u00fclt\u00fcrel ve sa\u011fl\u0131k odakl\u0131 etkinlikler d\u00fczenliyor.<\/p>\n","protected":false},"author":1,"featured_media":3428,"comment_status":"open","ping_status":"open","sticky":false,"template":"","format":"standard","meta":{"footnotes":""},"categories":[31],"tags":[],"class_list":["post-3427","post","type-post","status-publish","format-standard","has-post-thumbnail","hentry","category-saglik"],"_links":{"self":[{"href":"https:\/\/ekonomievreni.com\/index.php?rest_route=\/wp\/v2\/posts\/3427","targetHints":{"allow":["GET"]}}],"collection":[{"href":"https:\/\/ekonomievreni.com\/index.php?rest_route=\/wp\/v2\/posts"}],"about":[{"href":"https:\/\/ekonomievreni.com\/index.php?rest_route=\/wp\/v2\/types\/post"}],"author":[{"embeddable":true,"href":"https:\/\/ekonomievreni.com\/index.php?rest_route=\/wp\/v2\/users\/1"}],"replies":[{"embeddable":true,"href":"https:\/\/ekonomievreni.com\/index.php?rest_route=%2Fwp%2Fv2%2Fcomments&post=3427"}],"version-history":[{"count":1,"href":"https:\/\/ekonomievreni.com\/index.php?rest_route=\/wp\/v2\/posts\/3427\/revisions"}],"predecessor-version":[{"id":3429,"href":"https:\/\/ekonomievreni.com\/index.php?rest_route=\/wp\/v2\/posts\/3427\/revisions\/3429"}],"wp:featuredmedia":[{"embeddable":true,"href":"https:\/\/ekonomievreni.com\/index.php?rest_route=\/wp\/v2\/media\/3428"}],"wp:attachment":[{"href":"https:\/\/ekonomievreni.com\/index.php?rest_route=%2Fwp%2Fv2%2Fmedia&parent=3427"}],"wp:term":[{"taxonomy":"category","embeddable":true,"href":"https:\/\/ekonomievreni.com\/index.php?rest_route=%2Fwp%2Fv2%2Fcategories&post=3427"},{"taxonomy":"post_tag","embeddable":true,"href":"https:\/\/ekonomievreni.com\/index.php?rest_route=%2Fwp%2Fv2%2Ftags&post=3427"}],"curies":[{"name":"wp","href":"https:\/\/api.w.org\/{rel}","templated":true}]}}