{"id":3406,"date":"2026-03-23T15:29:16","date_gmt":"2026-03-23T12:29:16","guid":{"rendered":"https:\/\/ekonomievreni.com\/?p=3406"},"modified":"2026-03-23T15:29:17","modified_gmt":"2026-03-23T12:29:17","slug":"cittaslow-turkiye-ulusal-ag-toplantisi-seferihisarda-duzenlenecek","status":"publish","type":"post","link":"https:\/\/ekonomievreni.com\/?p=3406","title":{"rendered":"Cittaslow T\u00fcrkiye Ulusal A\u011f Toplant\u0131s\u0131 Seferihisar\u2019da d\u00fczenlenecek"},"content":{"rendered":"<p> T\u00fcrkiye\u2019de sakin \u015fehir hareketinin \u00f6nc\u00fcs\u00fc olan Seferihisar, Cittaslow T\u00fcrkiye Ulusal A\u011f Toplant\u0131s\u0131\u2019na ev sahipli\u011fi yapmaya haz\u0131rlan\u0131yor.\u00a0<\/p>\n<p>T\u00fcrkiye\u2019nin ilk Cittaslow \u00fcyesi olan Seferihisar\u2019da ger\u00e7ekle\u015ftirilecek toplant\u0131, 27\u201329 Mart tarihleri aras\u0131nda d\u00fczenlenecek.<\/p>\n<p>Toplant\u0131da, sakin \u015fehir Cittaslow felsefesinin yereldeki yans\u0131malar\u0131, iyi uygulama \u00f6rnekleri, kentler aras\u0131 dayan\u0131\u015fma ve ortak gelecek vizyonu ele al\u0131nacak. T\u00fcrkiye\u2019nin farkl\u0131 b\u00f6lgelerinden Cittaslow \u00fcyesi belediyelerin temsilcileri Seferihisar\u2019da bir araya gelerek deneyim payla\u015f\u0131m\u0131nda bulunacak.\u00a0<\/p>\n<p>Program kapsam\u0131nda ayr\u0131ca Seferihisar Belediyesi taraf\u0131ndan hayata ge\u00e7irilen Cittaslow uygulamalar\u0131 yerinde incelenecek.<\/p>\n<p>Program kapsam\u0131nda kat\u0131l\u0131mc\u0131lar 27 Mart Cuma g\u00fcn\u00fc Seferihisar\u2019da bir araya gelerek otele kay\u0131t i\u015flemlerini ger\u00e7ekle\u015ftirecek.<\/p>\n<p>Toplant\u0131n\u0131n ana oturumu 28 Mart Cumartesi g\u00fcn\u00fc Gaea Hotel\u2019de ger\u00e7ekle\u015ftirilecek. Saat 10.00\u2019da ba\u015flayacak toplant\u0131n\u0131n a\u00e7\u0131l\u0131\u015f konu\u015fmalar\u0131n\u0131 Seferihisar Belediye Ba\u015fkan\u0131 \u0130smail Yeti\u015fkin ile Cittaslow T\u00fcrkiye Koordinat\u00f6r Vekili Mustafa Geyik\u00e7i yapacak.\u00a0<\/p>\n<p>A\u00e7\u0131l\u0131\u015f konu\u015fmalar\u0131n\u0131n ard\u0131ndan Cittaslow T\u00fcrkiye Koordinat\u00f6rl\u00fc\u011f\u00fc taraf\u0131ndan g\u00fcncel geli\u015fmeler payla\u015f\u0131lacak, Seferihisar\u2019\u0131n iyi uygulamalar\u0131 ve s\u00fcrd\u00fcr\u00fclebilir gastro rotalar\u0131 hakk\u0131nda sunum ger\u00e7ekle\u015ftirilecek. Ayr\u0131ca Cittaslow T\u00fcrkiye A\u011f\u0131 \u00fcyesi belediyelerin temsilcileri deneyimlerini payla\u015facak, bir sonraki ulusal a\u011f toplant\u0131s\u0131n\u0131n tarihi ve yeri kararla\u015ft\u0131r\u0131lacak ve kat\u0131l\u0131mc\u0131lar\u0131n g\u00f6r\u00fc\u015fleri al\u0131nacak.<\/p>\n<p>Program kapsam\u0131nda Seferihisar Belediyesi Cittaslow Uygulamalar\u0131 Teknik \u0130nceleme Program\u0131 ger\u00e7ekle\u015ftirilecek.\u00a0<\/p>\n<p>Bu kapsamda kat\u0131l\u0131mc\u0131lar Can Y\u00fccel Tohum Merkezi\u2019ni ziyaret edecek, Seferihisar\u2019\u0131n yerel \u00fcretim ve gastronomi k\u00fclt\u00fcr\u00fcn\u00fc tan\u0131tan Gastrorota Karak\u0131l\u00e7\u0131k Rotas\u0131 ve Gastrorota Enginar Rotas\u0131 kapsam\u0131nda \u00e7e\u015fitli noktalarda incelemelerde bulunacak. Program \u00e7er\u00e7evesinde Ulam\u0131\u015f K\u00f6y Pazar\u0131 ziyaret edilecek, k\u00f6y kahvesinde armola peyniri ve karak\u0131l\u00e7\u0131k ekme\u011fi tad\u0131m\u0131 yap\u0131lacak. Ayr\u0131ca D\u00fczce K\u00f6y\u00fc\u2019nde tarihi medrese ve hamam gezisi ger\u00e7ekle\u015ftirilecek ve k\u00f6y meydan\u0131nda kahve molas\u0131 verilecek.<\/p>\n<p>G\u00fcn\u00fcn sonunda kat\u0131l\u0131mc\u0131lar i\u00e7in Joy S\u0131\u011fac\u0131k\u2019ta gala yeme\u011fi d\u00fczenlenecek.<\/p>\n<p>Program\u0131n son g\u00fcn\u00fc olan 29 Mart 2026 Pazar g\u00fcn\u00fc kat\u0131l\u0131mc\u0131lar\u0131n otelden ayr\u0131l\u0131\u015flar\u0131 ger\u00e7ekle\u015ftirilecek. Dileyen kat\u0131l\u0131mc\u0131lar i\u00e7in\u00fc opsiyonel programlar kapsam\u0131nda S\u0131\u011fac\u0131k Kalei\u00e7i, S\u0131\u011fac\u0131k \u00dcretici Pazar\u0131 ve Mavi Bayrakl\u0131 plajlara tekne turu ziyaretleri ger\u00e7ekle\u015ftirilecek.<\/p>\n<p>Cittaslow ruhunun T\u00fcrkiye\u2019de filizlendi\u011fi Seferihisar\u2019da ger\u00e7ekle\u015ftirilecek bu \u00f6nemli bulu\u015fma, hareketin ge\u00e7mi\u015ften bug\u00fcne geli\u015fimini de\u011ferlendirmek ve gelece\u011fe y\u00f6nelik ortak vizyon olu\u015fturmak a\u00e7\u0131s\u0131ndan \u00f6nemli bir platform olacak.<\/p>\n<p>\u00a0<\/p>\n<p>Kaynak: (BYZHA) Beyaz Haber Ajans\u0131<\/p>\n","protected":false},"excerpt":{"rendered":"<p>T\u00fcrkiye\u2019de sakin \u015fehir hareketinin \u00f6nc\u00fcs\u00fc olan Seferihisar, Cittaslow T\u00fcrkiye Ulusal A\u011f Toplant\u0131s\u0131\u2019na ev sahipli\u011fi yapmaya haz\u0131rlan\u0131yor.<\/p>\n","protected":false},"author":1,"featured_media":3407,"comment_status":"open","ping_status":"open","sticky":false,"template":"","format":"standard","meta":{"footnotes":""},"categories":[32],"tags":[],"class_list":["post-3406","post","type-post","status-publish","format-standard","has-post-thumbnail","hentry","category-teknoloji"],"_links":{"self":[{"href":"https:\/\/ekonomievreni.com\/index.php?rest_route=\/wp\/v2\/posts\/3406","targetHints":{"allow":["GET"]}}],"collection":[{"href":"https:\/\/ekonomievreni.com\/index.php?rest_route=\/wp\/v2\/posts"}],"about":[{"href":"https:\/\/ekonomievreni.com\/index.php?rest_route=\/wp\/v2\/types\/post"}],"author":[{"embeddable":true,"href":"https:\/\/ekonomievreni.com\/index.php?rest_route=\/wp\/v2\/users\/1"}],"replies":[{"embeddable":true,"href":"https:\/\/ekonomievreni.com\/index.php?rest_route=%2Fwp%2Fv2%2Fcomments&post=3406"}],"version-history":[{"count":1,"href":"https:\/\/ekonomievreni.com\/index.php?rest_route=\/wp\/v2\/posts\/3406\/revisions"}],"predecessor-version":[{"id":3408,"href":"https:\/\/ekonomievreni.com\/index.php?rest_route=\/wp\/v2\/posts\/3406\/revisions\/3408"}],"wp:featuredmedia":[{"embeddable":true,"href":"https:\/\/ekonomievreni.com\/index.php?rest_route=\/wp\/v2\/media\/3407"}],"wp:attachment":[{"href":"https:\/\/ekonomievreni.com\/index.php?rest_route=%2Fwp%2Fv2%2Fmedia&parent=3406"}],"wp:term":[{"taxonomy":"category","embeddable":true,"href":"https:\/\/ekonomievreni.com\/index.php?rest_route=%2Fwp%2Fv2%2Fcategories&post=3406"},{"taxonomy":"post_tag","embeddable":true,"href":"https:\/\/ekonomievreni.com\/index.php?rest_route=%2Fwp%2Fv2%2Ftags&post=3406"}],"curies":[{"name":"wp","href":"https:\/\/api.w.org\/{rel}","templated":true}]}}