{"id":3400,"date":"2026-03-23T11:05:28","date_gmt":"2026-03-23T08:05:28","guid":{"rendered":"https:\/\/ekonomievreni.com\/?p=3400"},"modified":"2026-03-23T11:05:29","modified_gmt":"2026-03-23T08:05:29","slug":"levi-straussun-dusunce-mirasi-niluferde-ele-alindi","status":"publish","type":"post","link":"https:\/\/ekonomievreni.com\/?p=3400","title":{"rendered":"Levi-Strauss\u2019un d\u00fc\u015f\u00fcnce miras\u0131 Nil\u00fcfer\u2019de ele al\u0131nd\u0131"},"content":{"rendered":"<p> <b>Do\u00e7. Dr. Levent \u00dcnsald\u0131 y\u00fcr\u00fct\u00fcc\u00fcl\u00fc\u011f\u00fcnde d\u00fczenlenen \u201cNas\u0131l Yapm\u0131\u015flar?\u201d s\u00f6yle\u015fi dizisinde Frans\u0131z antropolog Claude Levi-Strauss\u2019un d\u00fc\u015f\u00fcnce miras\u0131 ve yap\u0131salc\u0131l\u0131\u011f\u0131n temelleri konu\u015fuldu.<\/b><\/p>\n<p>Nil\u00fcfer Belediyesi taraf\u0131ndan Pancar Deposu\u2019nda d\u00fczenlenen \u201cNas\u0131l Yapm\u0131\u015flar?\u201d s\u00f6yle\u015fi dizisinde bu ay, 20. y\u00fczy\u0131l d\u00fc\u015f\u00fcnce d\u00fcnyas\u0131n\u0131 derinden etkileyen Claude Levi-Strauss\u2019un yap\u0131salc\u0131 yakla\u015f\u0131m\u0131 ele al\u0131nd\u0131. S\u00f6yle\u015fi serisinin y\u00fcr\u00fct\u00fcc\u00fcs\u00fc Do\u00e7. Dr. Levent \u00dcnsald\u0131, Levi-Strauss\u2019un modern felsefenin merkezindeki \u201c\u00f6zne\u201d kavram\u0131n\u0131 farkl\u0131 bir perspektifle ele ald\u0131.<\/p>\n<p>S\u00f6yle\u015fide, insan\u0131n d\u00fcnyay\u0131 kendi bilinciyle kuran \u00f6zg\u00fcr bir akt\u00f6r oldu\u011fu fikrini Levi-Strauss\u2019un arg\u00fcmanlar\u0131yla ele\u015ftiren \u00dcnsald\u0131, bireyin edilgen konumuna dikkat \u00e7ekti. \u00dcnsald\u0131, insan\u0131n asl\u0131nda dil ve k\u00fclt\u00fcr gibi kendisinden \u00f6nce var olan ve bilin\u00e7d\u0131\u015f\u0131 i\u015fleyen geni\u015f yap\u0131lar\u0131n sadece bir par\u00e7as\u0131 oldu\u011funu savundu.<\/p>\n<p>Sosyolojinin ara\u015ft\u0131rma pratikleri ile antropolojinin insana dair evrensel aray\u0131\u015f\u0131 aras\u0131ndaki farklar\u0131n da de\u011ferlendirildi\u011fi etkinlikte, antropolojinin yerelden yola \u00e7\u0131karak t\u00fcm insanl\u0131k i\u00e7in ge\u00e7erli \u201cde\u011fi\u015fmezleri\u201d bulma \u00e7abas\u0131 anlat\u0131ld\u0131. K\u00fclt\u00fcrel farkl\u0131l\u0131klar\u0131n \u00f6tesinde yatan ortak zihinsel yap\u0131n\u0131n; mitler, ikili kar\u015f\u0131tl\u0131klar ve sembolik sistemler arac\u0131l\u0131\u011f\u0131yla nas\u0131l i\u015fledi\u011fi kat\u0131l\u0131mc\u0131larla payla\u015f\u0131ld\u0131.<\/p>\n<p>\u201c\u0130LKEL VE UYGAR AYRIMI YOKTUR\u201d<\/p>\n<p>Toplumsal ya\u015fam\u0131n temelini olu\u015fturan ileti\u015fim ve m\u00fcbadele mant\u0131\u011f\u0131, s\u00f6yle\u015finin bir di\u011fer ba\u015fl\u0131\u011f\u0131 oldu. \u00dcnsald\u0131; kelimelerin, metalar\u0131n ve akrabal\u0131k ba\u011flar\u0131n\u0131n dola\u015f\u0131m\u0131 \u00fczerinden kurulan bu geni\u015f a\u011f\u0131n toplumlar\u0131 nas\u0131l in\u015fa etti\u011fini ele ald\u0131. Levi-Strauss\u2019un \u201cilkel\u201d ve \u201cuygar\u201d toplum ayr\u0131m\u0131n\u0131 reddeden yakla\u015f\u0131m\u0131n\u0131 hat\u0131rlatan Do\u00e7. Dr. Levent \u00dcnsald\u0131, insan zihninin her co\u011frafyada ve her k\u00fclt\u00fcrde temelde benzer bir yap\u0131sal mant\u0131kla \u00e7al\u0131\u015ft\u0131\u011f\u0131n\u0131 ifade etti.<\/p>\n<p>\u00a0<\/p>\n<p>\u00a0<\/p>\n<p>Kaynak: (BYZHA) Beyaz Haber Ajans\u0131<\/p>\n","protected":false},"excerpt":{"rendered":"<p>Do\u00e7.<\/p>\n","protected":false},"author":1,"featured_media":3401,"comment_status":"open","ping_status":"open","sticky":false,"template":"","format":"standard","meta":{"footnotes":""},"categories":[31],"tags":[],"class_list":["post-3400","post","type-post","status-publish","format-standard","has-post-thumbnail","hentry","category-saglik"],"_links":{"self":[{"href":"https:\/\/ekonomievreni.com\/index.php?rest_route=\/wp\/v2\/posts\/3400","targetHints":{"allow":["GET"]}}],"collection":[{"href":"https:\/\/ekonomievreni.com\/index.php?rest_route=\/wp\/v2\/posts"}],"about":[{"href":"https:\/\/ekonomievreni.com\/index.php?rest_route=\/wp\/v2\/types\/post"}],"author":[{"embeddable":true,"href":"https:\/\/ekonomievreni.com\/index.php?rest_route=\/wp\/v2\/users\/1"}],"replies":[{"embeddable":true,"href":"https:\/\/ekonomievreni.com\/index.php?rest_route=%2Fwp%2Fv2%2Fcomments&post=3400"}],"version-history":[{"count":1,"href":"https:\/\/ekonomievreni.com\/index.php?rest_route=\/wp\/v2\/posts\/3400\/revisions"}],"predecessor-version":[{"id":3402,"href":"https:\/\/ekonomievreni.com\/index.php?rest_route=\/wp\/v2\/posts\/3400\/revisions\/3402"}],"wp:featuredmedia":[{"embeddable":true,"href":"https:\/\/ekonomievreni.com\/index.php?rest_route=\/wp\/v2\/media\/3401"}],"wp:attachment":[{"href":"https:\/\/ekonomievreni.com\/index.php?rest_route=%2Fwp%2Fv2%2Fmedia&parent=3400"}],"wp:term":[{"taxonomy":"category","embeddable":true,"href":"https:\/\/ekonomievreni.com\/index.php?rest_route=%2Fwp%2Fv2%2Fcategories&post=3400"},{"taxonomy":"post_tag","embeddable":true,"href":"https:\/\/ekonomievreni.com\/index.php?rest_route=%2Fwp%2Fv2%2Ftags&post=3400"}],"curies":[{"name":"wp","href":"https:\/\/api.w.org\/{rel}","templated":true}]}}