{"id":3391,"date":"2026-03-23T10:52:56","date_gmt":"2026-03-23T07:52:56","guid":{"rendered":"https:\/\/ekonomievreni.com\/?p=3391"},"modified":"2026-03-23T10:52:57","modified_gmt":"2026-03-23T07:52:57","slug":"bucada-saglikli-yaslanmanin-yollari-konusulacak","status":"publish","type":"post","link":"https:\/\/ekonomievreni.com\/?p=3391","title":{"rendered":"Buca\u2019da sa\u011fl\u0131kl\u0131 ya\u015flanman\u0131n yollar\u0131 konu\u015fulacak"},"content":{"rendered":"<p> Buca Belediyesi, toplum sa\u011fl\u0131\u011f\u0131n\u0131 g\u00fc\u00e7lendirmeye y\u00f6nelik \u00e7al\u0131\u015fmalar\u0131na bir yenisini daha ekliyor. \u201cK\u00f6\u015fe Bucak Sa\u011fl\u0131k\u201d vizyonu do\u011frultusunda d\u00fczenlenen \u201cAktif ve Sa\u011fl\u0131kl\u0131 Ya\u015flanmak\u201d paneli, alan\u0131nda uzman isimleri Bucal\u0131larla bulu\u015fturacak. Buca Belediye Ba\u015fkan\u0131 Mimar G\u00f6rkem Duman, t\u00fcm hem\u015fehrilerini panele davet etti.<\/p>\n<p>Buca Belediyesi ile Ege Geriatri Derne\u011fi i\u015f birli\u011finde ger\u00e7ekle\u015ftirilecek Aktif ve Sa\u011fl\u0131kl\u0131 Ya\u015flanmak ba\u015fl\u0131kl\u0131 panel, 25 Mart \u00c7ar\u015famba g\u00fcn\u00fc saat 15.00\u2019te Buca Belediyesi Yar\u0131 Olimpik Y\u00fczme Havuzu Konferans Salonu\u2019nda yap\u0131lacak. Buca Belediyesi, vatanda\u015flar\u0131n programa kat\u0131l\u0131m\u0131n\u0131 kolayla\u015ft\u0131rmak amac\u0131yla saat 14.30\u2019da Buca Belediyesi\u2019nin ana hizmet binas\u0131n\u0131n \u00f6n\u00fcnden servis kald\u0131racak.<\/p>\n<p>Moderat\u00f6rl\u00fc\u011f\u00fcn\u00fc Ege \u00dcniversitesi T\u0131p Fak\u00fcltesi Geriatri Bilim Dal\u0131 Ba\u015fkan\u0131 Prof. Dr. Sevnaz \u015eahin\u2019in \u00fcstlenece\u011fi panelde, sa\u011fl\u0131kl\u0131 ya\u015f alma s\u00fcreci bilimsel ve pratik y\u00f6nleriyle ele al\u0131nacak. Programda, Ege \u00dcniversitesi Sa\u011fl\u0131k Bilimleri Fak\u00fcltesi \u00d6\u011fretim G\u00f6revlisi Do\u00e7. Dr. \u00d6zge K\u00fc\u00e7\u00fckerd\u00f6nmez \u201cSa\u011fl\u0131kl\u0131 Ya\u015f Alma ve Beslenme\u201d, Dokuz Eyl\u00fcl \u00dcniversitesi Fizik Tedavi ve Rehabilitasyon Fak\u00fcltesi \u00d6\u011fretim G\u00f6revlisi Prof. Dr. Nursen \u0130l\u00e7in \u201cSa\u011fl\u0131kl\u0131 Ya\u015f Almak \u0130\u00e7in Fiziksel Aktivite ve Egzersiz\u201d, Ege Geriatri Derne\u011fi Ba\u015fkan\u0131 Mevl\u00fct \u00dclgen ise \u201cYa\u015f Dostu Toplum ve Kent\u201d ba\u015fl\u0131klar\u0131nda sunum yapacak.<\/p>\n<p>BA\u015eKAN DUMAN\u2019DAN BUCALILARA DAVET<\/p>\n<p>Buca Belediye Ba\u015fkan\u0131 G\u00f6rkem Duman, sa\u011fl\u0131kl\u0131 ya\u015flanman\u0131n bilin\u00e7li bir ya\u015famla m\u00fcmk\u00fcn oldu\u011funa dikkat \u00e7ekerek t\u00fcm vatanda\u015flar\u0131 panele davet etti. Ba\u015fkan G\u00f6rkem Duman, \u201cDaha din\u00e7, daha sa\u011fl\u0131kl\u0131 ve huzurlu bir ya\u015fam hepimizin hakk\u0131. Bu panelde, ya\u015fam kalitesini art\u0131rman\u0131n yollar\u0131n\u0131 uzman isimlerden dinleyece\u011fiz. T\u00fcm hem\u015fehrilerimizi bu bulu\u015fmaya davet ediyorum\u201d diye konu\u015ftu.<\/p>\n<p>\u00a0<\/p>\n<p>Kaynak: (BYZHA) Beyaz Haber Ajans\u0131<\/p>\n","protected":false},"excerpt":{"rendered":"<p>Buca Belediyesi, toplum sa\u011fl\u0131\u011f\u0131n\u0131 g\u00fc\u00e7lendirmeye y\u00f6nelik \u00e7al\u0131\u015fmalar\u0131na bir yenisini daha ekliyor.<\/p>\n","protected":false},"author":1,"featured_media":3392,"comment_status":"open","ping_status":"open","sticky":false,"template":"","format":"standard","meta":{"footnotes":""},"categories":[31],"tags":[],"class_list":["post-3391","post","type-post","status-publish","format-standard","has-post-thumbnail","hentry","category-saglik"],"_links":{"self":[{"href":"https:\/\/ekonomievreni.com\/index.php?rest_route=\/wp\/v2\/posts\/3391","targetHints":{"allow":["GET"]}}],"collection":[{"href":"https:\/\/ekonomievreni.com\/index.php?rest_route=\/wp\/v2\/posts"}],"about":[{"href":"https:\/\/ekonomievreni.com\/index.php?rest_route=\/wp\/v2\/types\/post"}],"author":[{"embeddable":true,"href":"https:\/\/ekonomievreni.com\/index.php?rest_route=\/wp\/v2\/users\/1"}],"replies":[{"embeddable":true,"href":"https:\/\/ekonomievreni.com\/index.php?rest_route=%2Fwp%2Fv2%2Fcomments&post=3391"}],"version-history":[{"count":1,"href":"https:\/\/ekonomievreni.com\/index.php?rest_route=\/wp\/v2\/posts\/3391\/revisions"}],"predecessor-version":[{"id":3393,"href":"https:\/\/ekonomievreni.com\/index.php?rest_route=\/wp\/v2\/posts\/3391\/revisions\/3393"}],"wp:featuredmedia":[{"embeddable":true,"href":"https:\/\/ekonomievreni.com\/index.php?rest_route=\/wp\/v2\/media\/3392"}],"wp:attachment":[{"href":"https:\/\/ekonomievreni.com\/index.php?rest_route=%2Fwp%2Fv2%2Fmedia&parent=3391"}],"wp:term":[{"taxonomy":"category","embeddable":true,"href":"https:\/\/ekonomievreni.com\/index.php?rest_route=%2Fwp%2Fv2%2Fcategories&post=3391"},{"taxonomy":"post_tag","embeddable":true,"href":"https:\/\/ekonomievreni.com\/index.php?rest_route=%2Fwp%2Fv2%2Ftags&post=3391"}],"curies":[{"name":"wp","href":"https:\/\/api.w.org\/{rel}","templated":true}]}}