{"id":3388,"date":"2026-03-23T10:52:51","date_gmt":"2026-03-23T07:52:51","guid":{"rendered":"https:\/\/ekonomievreni.com\/?p=3388"},"modified":"2026-03-23T10:52:52","modified_gmt":"2026-03-23T07:52:52","slug":"gecmisi-yuzyillara-dayanan-ipekbocekciligi-yeniden-canlandiriliyor","status":"publish","type":"post","link":"https:\/\/ekonomievreni.com\/?p=3388","title":{"rendered":"Ge\u00e7mi\u015fi y\u00fczy\u0131llara dayanan ipekb\u00f6cek\u00e7ili\u011fi yeniden canland\u0131r\u0131l\u0131yor"},"content":{"rendered":"<p> \u00a0<\/p>\n<p><span style=\"font-size:12pt\"><span style=\"font-family:Cambria,serif\"><span style=\",serif\">Antalya B\u00fcy\u00fck\u015fehir Belediyesi, k\u0131rsal \u00fcretimi g\u00fc\u00e7lendirmek ve unutulmaya y\u00fcz tutan geleneksel \u00fcretim alanlar\u0131n\u0131 yeniden canland\u0131rmak amac\u0131yla ipekb\u00f6cek\u00e7ili\u011fini yayg\u0131nla\u015ft\u0131rma \u00e7al\u0131\u015fmalar\u0131n\u0131 s\u00fcrd\u00fcr\u00fcyor. Daha \u00f6nce Sapadere \u0130pek Evi b\u00fcnyesinde ba\u015flat\u0131lan ipekb\u00f6cek\u00e7ili\u011fini geli\u015ftirme ve yayg\u0131nla\u015ft\u0131rma \u00e7al\u0131\u015fmalar\u0131, art\u0131k il genelinde daha geni\u015f bir alana yay\u0131l\u0131yor. <\/span><\/span><\/span><\/p>\n<p><span style=\"font-size:12pt\"><span style=\"font-family:Cambria,serif\"><span style=\",serif\">Anadolu\u2019da uzun y\u0131llar \u00f6nemli bir ge\u00e7im kayna\u011f\u0131 olan ipekb\u00f6cek\u00e7ili\u011fi, son y\u0131llarda yeniden de\u011fer kazanmaya ba\u015flad\u0131. Dut yapraklar\u0131yla beslenen ipekb\u00f6ceklerinin olu\u015fturdu\u011fu kozalardan elde edilen ipek, tekstilden el sanatlar\u0131na kadar pek \u00e7ok alanda kullan\u0131l\u0131yor. \u00d6zellikle k\u0131rsal b\u00f6lgelerde kad\u0131nlar\u0131n \u00fcretime kat\u0131lmas\u0131n\u0131 sa\u011flayan ipekb\u00f6cek\u00e7ili\u011fi, d\u00fc\u015f\u00fck maliyetli ancak katma de\u011feri y\u00fcksek bir \u00fcretim modeli olarak dikkat \u00e7ekiyor. Antalya B\u00fcy\u00fck\u015fehir Belediyesi, hem geleneksel \u00fcretimi ya\u015fatmak hem de k\u0131rsaldaki \u00fcreticilere yeni bir gelir kap\u0131s\u0131 olu\u015fturmak amac\u0131yla ipekb\u00f6cek\u00e7ili\u011fini yayg\u0131nla\u015ft\u0131rma \u00e7al\u0131\u015fmalar\u0131na h\u0131z verdi. <\/span><\/span><\/span><\/p>\n<p><span style=\"font-size:12pt\"><span style=\"font-family:Cambria,serif\"><span style=\",serif\">35 \u00dcRET\u0130C\u0130YE 565 BESLEME TABLASI<\/span><\/span><\/span><\/p>\n<p><span style=\"font-size:12pt\"><span style=\"font-family:Cambria,serif\"><span style=\",serif\">Proje kapsam\u0131nda Alanya\u2019n\u0131n Dim Alacami, Bucak, \u00d6tek\u00f6y, Ta\u015fba\u015f\u0131, G\u00fcm\u00fc\u015fkavak, Uzun\u00f6z, Yaylakonak ve \u015e\u0131hlar mahallelerinde \u00fcretim yapan 35 \u00fcreticiye toplam 565 adet ipekb\u00f6ce\u011fi besleme tablas\u0131 hibe edildi. Dim Alacami Mahallesi\u2019nde ger\u00e7ekle\u015ftirilen da\u011f\u0131t\u0131mda Tar\u0131msal Hizmetler Dairesi Ba\u015fkanl\u0131\u011f\u0131 ekipleri, \u00fcreticilere besleme tablalar\u0131n\u0131 teslim etti. Y\u0131llard\u0131r \u00fcretim yapt\u0131klar\u0131n\u0131 belirten bir \u00fcretici, verilen deste\u011fin hayat\u0131 kolayla\u015ft\u0131rd\u0131\u011f\u0131 belirterek \u201c1994\u2019ten beri b\u00f6cek tutuyorum Allah\u2019a \u015f\u00fck\u00fcr. Tahta sand\u0131k nem tutuyordu, \u00e7ok a\u011f\u0131r oluyordu. Plastik sand\u0131k daha iyi olacak bizim i\u00e7in\u201d diyerek memnuniyetini dile getirdi. \u00a0<\/span><\/span><\/span><\/p>\n<p><span style=\"font-size:12pt\"><span style=\"font-family:Cambria,serif\"><span style=\",serif\">\u201cDAHA FAZLA \u00dcRET\u0130M YAPMAYI PLANLIYORUZ\u201d<\/span><\/span><\/span><\/p>\n<p><span style=\"font-size:12pt\"><span style=\"font-family:Cambria,serif\"><span style=\",serif\">Alanya Dim Alacami Mahallesi Muhtar\u0131 Kadir Kozak ise her y\u0131l \u00fcretim yap\u0131ld\u0131\u011f\u0131n\u0131 belirterek, \u201c\u00d6nceden a\u011fa\u00e7lardan yap\u0131yorduk, a\u011fa\u00e7lar k\u0131r\u0131l\u0131yordu. Kartondan yap\u0131yorduk, karton y\u0131rt\u0131l\u0131yordu. Kullanam\u0131yorduk, bir seferlik oluyordu. Ama bu \u00f6m\u00fcrl\u00fck oldu bizim i\u00e7in. B\u00fcy\u00fck\u015fehir Belediyesi g\u00fczel bir kasa yapm\u0131\u015f. Bunu sera \u015feklinde yap\u0131p daha fazla \u00fcretmeyi d\u00fc\u015f\u00fcn\u00fcyorum. Antalya B\u00fcy\u00fck\u015fehir Belediyesi\u2019ne te\u015fekk\u00fcr ediyoruz. \u00d6nc\u00fc oldular\u201d diye konu\u015ftu.<\/span><\/span><\/span><\/p>\n<p><span style=\"font-size:12pt\"><span style=\"font-family:Cambria,serif\"><span style=\",serif\">B\u00d6LGE EKONOM\u0130S\u0130NE B\u00dcY\u00dcK KATKI<\/span><\/span><\/span><\/p>\n<p><span style=\"font-size:12pt\"><span style=\"font-family:Cambria,serif\"><span style=\",serif\">Alanya Ziraat Odas\u0131 Ba\u015fkan\u0131 Tahir G\u00f6ktepe de \u00f6zellikle k\u0131rsal mahallelerde \u00fcretimin desteklenmesinin b\u00fcy\u00fck \u00f6nem ta\u015f\u0131d\u0131\u011f\u0131n\u0131 vurgulayarak \u00a0\u201cB\u00fcy\u00fck\u015fehir Belediyemize \u00e7ok te\u015fekk\u00fcr ediyoruz. \u00d6zellikle Dim Alacami gibi en k\u0131rsal b\u00f6lgelerin desteklenmesi \u00e7ok \u00f6nemli, \u00fcreticilerimiz i\u00e7in de \u00e7ok k\u0131ymetli bir destek oldu\u201d ifadelerini kullanarak b\u00f6lge ekonomisine katk\u0131 sa\u011flayaca\u011f\u0131n\u0131 belirtti. <\/span><\/span><\/span><\/p>\n<p>\u00a0<\/p>\n<p>Kaynak: (BYZHA) Beyaz Haber Ajans\u0131<\/p>\n","protected":false},"excerpt":{"rendered":"<p>\u00a0    Antalya B\u00fcy\u00fck\u015fehir Belediyesi, k\u0131rsal \u00fcretimi g\u00fc\u00e7lendirmek ve unutulmaya y\u00fcz tutan geleneksel \u00fcretim alanlar\u0131n\u0131 yeniden canland\u0131rmak amac\u0131yla ipekb\u00f6cek\u00e7ili\u011fini yayg\u0131nla\u015ft\u0131rma \u00e7al\u0131\u015fmalar\u0131n\u0131 s\u00fcrd\u00fcr\u00fcyor.<\/p>\n","protected":false},"author":1,"featured_media":3389,"comment_status":"open","ping_status":"open","sticky":false,"template":"","format":"standard","meta":{"footnotes":""},"categories":[30],"tags":[],"class_list":["post-3388","post","type-post","status-publish","format-standard","has-post-thumbnail","hentry","category-ekonomi"],"_links":{"self":[{"href":"https:\/\/ekonomievreni.com\/index.php?rest_route=\/wp\/v2\/posts\/3388","targetHints":{"allow":["GET"]}}],"collection":[{"href":"https:\/\/ekonomievreni.com\/index.php?rest_route=\/wp\/v2\/posts"}],"about":[{"href":"https:\/\/ekonomievreni.com\/index.php?rest_route=\/wp\/v2\/types\/post"}],"author":[{"embeddable":true,"href":"https:\/\/ekonomievreni.com\/index.php?rest_route=\/wp\/v2\/users\/1"}],"replies":[{"embeddable":true,"href":"https:\/\/ekonomievreni.com\/index.php?rest_route=%2Fwp%2Fv2%2Fcomments&post=3388"}],"version-history":[{"count":1,"href":"https:\/\/ekonomievreni.com\/index.php?rest_route=\/wp\/v2\/posts\/3388\/revisions"}],"predecessor-version":[{"id":3390,"href":"https:\/\/ekonomievreni.com\/index.php?rest_route=\/wp\/v2\/posts\/3388\/revisions\/3390"}],"wp:featuredmedia":[{"embeddable":true,"href":"https:\/\/ekonomievreni.com\/index.php?rest_route=\/wp\/v2\/media\/3389"}],"wp:attachment":[{"href":"https:\/\/ekonomievreni.com\/index.php?rest_route=%2Fwp%2Fv2%2Fmedia&parent=3388"}],"wp:term":[{"taxonomy":"category","embeddable":true,"href":"https:\/\/ekonomievreni.com\/index.php?rest_route=%2Fwp%2Fv2%2Fcategories&post=3388"},{"taxonomy":"post_tag","embeddable":true,"href":"https:\/\/ekonomievreni.com\/index.php?rest_route=%2Fwp%2Fv2%2Ftags&post=3388"}],"curies":[{"name":"wp","href":"https:\/\/api.w.org\/{rel}","templated":true}]}}