{"id":3370,"date":"2026-03-23T10:45:15","date_gmt":"2026-03-23T07:45:15","guid":{"rendered":"https:\/\/ekonomievreni.com\/?p=3370"},"modified":"2026-03-23T10:45:16","modified_gmt":"2026-03-23T07:45:16","slug":"yurt-disi-uretici-fiyat-endeksi-subat-2026","status":"publish","type":"post","link":"https:\/\/ekonomievreni.com\/?p=3370","title":{"rendered":"Yurt D\u0131\u015f\u0131 \u00dcretici Fiyat Endeksi, \u015eubat 2026"},"content":{"rendered":"<p> \u00a0<\/p>\n<p><strong>Yurt D\u0131\u015f\u0131 \u00dcretici Fiyat Endeksi (YD-\u00dcFE) y\u0131ll\u0131k %35,55 artt\u0131, ayl\u0131k %2,38 artt\u0131<\/strong><\/p>\n<p>YD-\u00dcFE 2026 y\u0131l\u0131 \u015eubat ay\u0131nda bir \u00f6nceki aya g\u00f6re %2,38 art\u0131\u015f, bir \u00f6nceki y\u0131l\u0131n Aral\u0131k ay\u0131na g\u00f6re %6,53 art\u0131\u015f, bir \u00f6nceki y\u0131l\u0131n ayn\u0131 ay\u0131na g\u00f6re %35,55 art\u0131\u015f ve on iki ayl\u0131k ortalamalara g\u00f6re %28,90 art\u0131\u015f g\u00f6sterdi.<\/p>\n<p><strong>YD-\u00dcFE de\u011fi\u015fim oranlar\u0131 (%), \u015eubat 2026<\/strong><\/p>\n<table>\n<thead>\n<tr>\n<th>\u00a0<\/th>\n<th>\u015eubat 2026<\/th>\n<th>\u015eubat 2025<\/th>\n<th>\u015eubat 2024<\/th>\n<\/tr>\n<\/thead>\n<tbody>\n<tr>\n<td>Bir \u00f6nceki aya g\u00f6re de\u011fi\u015fim oran\u0131<\/td>\n<td>2,38<\/td>\n<td>2,05<\/td>\n<td>2,38<\/td>\n<\/tr>\n<tr>\n<td>Bir \u00f6nceki y\u0131l\u0131n Aral\u0131k ay\u0131na g\u00f6re de\u011fi\u015fim oran\u0131<\/td>\n<td>6,53<\/td>\n<td>4,10<\/td>\n<td>7,06<\/td>\n<\/tr>\n<tr>\n<td>Bir \u00f6nceki y\u0131l\u0131n ayn\u0131 ay\u0131na g\u00f6re de\u011fi\u015fim oran\u0131<\/td>\n<td>35,55<\/td>\n<td>20,08<\/td>\n<td>62,38<\/td>\n<\/tr>\n<tr>\n<td>On iki ayl\u0131k ortalamalara g\u00f6re de\u011fi\u015fim oran\u0131<\/td>\n<td>28,90<\/td>\n<td>34,95<\/td>\n<td>52,96<\/td>\n<\/tr>\n<\/tbody>\n<\/table>\n<p><strong>YD-\u00dcFE y\u0131ll\u0131k de\u011fi\u015fim oran\u0131 (%), \u015eubat 2026<\/strong><img loading=\"lazy\" decoding=\"async\" height=\"800\" src=\"https:\/\/www.beyazhaberajansi.com\/images\/files\/2026\/03\/69c0f01ce2ff1.png\" width=\"1830\" \/><\/p>\n<p><strong>YD-\u00dcFE imalat \u00fcr\u00fcnlerinde y\u0131ll\u0131k %35,20 artt\u0131<\/strong><\/p>\n<p>Sanayinin iki sekt\u00f6r\u00fcn\u00fcn y\u0131ll\u0131k de\u011fi\u015fimleri; madencilik ve ta\u015f ocak\u00e7\u0131l\u0131\u011f\u0131nda %56,66 art\u0131\u015f, imalatta %35,20 art\u0131\u015f olarak ger\u00e7ekle\u015fti.<\/p>\n<p>Ana sanayi gruplar\u0131n\u0131n y\u0131ll\u0131k de\u011fi\u015fimleri; ara mallar\u0131nda %32,95 art\u0131\u015f, dayan\u0131kl\u0131 t\u00fcketim mallar\u0131nda %45,18 art\u0131\u015f, dayan\u0131ks\u0131z t\u00fcketim mallar\u0131nda %43,44 art\u0131\u015f, enerjide %14,12 art\u0131\u015f, sermaye mallar\u0131nda %34,90 art\u0131\u015f olarak ger\u00e7ekle\u015fti.<\/p>\n<p><strong>YD-\u00dcFE y\u0131ll\u0131k de\u011fi\u015fim oranlar\u0131 (%), \u015eubat 2026<\/strong><img loading=\"lazy\" decoding=\"async\" height=\"600\" src=\"https:\/\/www.beyazhaberajansi.com\/images\/files\/2026\/03\/69c0f02534c1e.png\" width=\"1830\" \/><\/p>\n<p><strong>Sekt\u00f6rlere g\u00f6re YD-\u00dcFE y\u0131ll\u0131k de\u011fi\u015fim oranlar\u0131 (%), \u015eubat 2026<\/strong><img loading=\"lazy\" decoding=\"async\" height=\"1400\" src=\"https:\/\/www.beyazhaberajansi.com\/images\/files\/2026\/03\/69c0f0358badb.png\" width=\"1830\" \/><\/p>\n<p><strong>YD-\u00dcFE imalat \u00fcr\u00fcnlerinde ayl\u0131k %2,36 artt\u0131<\/strong><\/p>\n<p>Sanayinin iki sekt\u00f6r\u00fcn\u00fcn ayl\u0131k de\u011fi\u015fimleri; madencilik ve ta\u015f ocak\u00e7\u0131l\u0131\u011f\u0131nda %3,20 art\u0131\u015f, imalatta %2,36 art\u0131\u015f olarak ger\u00e7ekle\u015fti.<\/p>\n<p>Ana sanayi gruplar\u0131n\u0131n ayl\u0131k de\u011fi\u015fimleri; ara mallar\u0131nda %2,50 art\u0131\u015f, dayan\u0131kl\u0131 t\u00fcketim mallar\u0131nda %2,13 art\u0131\u015f, dayan\u0131ks\u0131z t\u00fcketim mallar\u0131nda %2,81 art\u0131\u015f, enerjide %4,17 art\u0131\u015f, sermaye mallar\u0131nda %1,69 art\u0131\u015f olarak ger\u00e7ekle\u015fti.<\/p>\n<p><strong>YD-\u00dcFE ayl\u0131k de\u011fi\u015fim oranlar\u0131 (%), \u015eubat 2026<\/strong><img loading=\"lazy\" decoding=\"async\" height=\"600\" src=\"https:\/\/www.beyazhaberajansi.com\/images\/files\/2026\/03\/69c0f03ea0ea6.png\" width=\"1830\" \/><\/p>\n<p><strong>Sekt\u00f6rlere g\u00f6re YD-\u00dcFE ayl\u0131k de\u011fi\u015fim oranlar\u0131 (%), \u015eubat 2026<\/strong><img loading=\"lazy\" decoding=\"async\" height=\"1400\" src=\"https:\/\/www.beyazhaberajansi.com\/images\/files\/2026\/03\/69c0f045ece3e.png\" width=\"1830\" \/><\/p>\n<p>\u00a0<\/p>\n<p>Kaynak: (BYZHA) Beyaz Haber Ajans\u0131<\/p>\n","protected":false},"excerpt":{"rendered":"<p>\u00a0    Yurt D\u0131\u015f\u0131 \u00dcretici Fiyat Endeksi (YD-\u00dcFE) y\u0131ll\u0131k %35,55 artt\u0131, ayl\u0131k %2,38 artt\u0131    YD-\u00dcFE 2026 y\u0131l\u0131 \u015eubat ay\u0131nda bir \u00f6nceki aya g\u00f6re %2,38 art\u0131\u015f, bir \u00f6nceki y\u0131l\u0131n Aral\u0131k ay\u0131na g\u00f6re %6,53 art\u0131\u015f, bir \u00f6nceki y\u0131l\u0131n ayn\u0131 ay\u0131na g\u00f6re %35,55 art\u0131\u015f ve on iki ayl\u0131k ortalamalara g\u00f6re %28,90 art\u0131\u015f g\u00f6sterdi.<\/p>\n","protected":false},"author":1,"featured_media":3371,"comment_status":"open","ping_status":"open","sticky":false,"template":"","format":"standard","meta":{"footnotes":""},"categories":[30],"tags":[],"class_list":["post-3370","post","type-post","status-publish","format-standard","has-post-thumbnail","hentry","category-ekonomi"],"_links":{"self":[{"href":"https:\/\/ekonomievreni.com\/index.php?rest_route=\/wp\/v2\/posts\/3370","targetHints":{"allow":["GET"]}}],"collection":[{"href":"https:\/\/ekonomievreni.com\/index.php?rest_route=\/wp\/v2\/posts"}],"about":[{"href":"https:\/\/ekonomievreni.com\/index.php?rest_route=\/wp\/v2\/types\/post"}],"author":[{"embeddable":true,"href":"https:\/\/ekonomievreni.com\/index.php?rest_route=\/wp\/v2\/users\/1"}],"replies":[{"embeddable":true,"href":"https:\/\/ekonomievreni.com\/index.php?rest_route=%2Fwp%2Fv2%2Fcomments&post=3370"}],"version-history":[{"count":1,"href":"https:\/\/ekonomievreni.com\/index.php?rest_route=\/wp\/v2\/posts\/3370\/revisions"}],"predecessor-version":[{"id":3372,"href":"https:\/\/ekonomievreni.com\/index.php?rest_route=\/wp\/v2\/posts\/3370\/revisions\/3372"}],"wp:featuredmedia":[{"embeddable":true,"href":"https:\/\/ekonomievreni.com\/index.php?rest_route=\/wp\/v2\/media\/3371"}],"wp:attachment":[{"href":"https:\/\/ekonomievreni.com\/index.php?rest_route=%2Fwp%2Fv2%2Fmedia&parent=3370"}],"wp:term":[{"taxonomy":"category","embeddable":true,"href":"https:\/\/ekonomievreni.com\/index.php?rest_route=%2Fwp%2Fv2%2Fcategories&post=3370"},{"taxonomy":"post_tag","embeddable":true,"href":"https:\/\/ekonomievreni.com\/index.php?rest_route=%2Fwp%2Fv2%2Ftags&post=3370"}],"curies":[{"name":"wp","href":"https:\/\/api.w.org\/{rel}","templated":true}]}}