{"id":3361,"date":"2026-03-23T01:01:36","date_gmt":"2026-03-22T22:01:36","guid":{"rendered":"https:\/\/ekonomievreni.com\/?p=3361"},"modified":"2026-03-23T01:01:37","modified_gmt":"2026-03-22T22:01:37","slug":"buyuksehir-sporcusu-faruk-ozturk-avrupa-ikincisi-oldu","status":"publish","type":"post","link":"https:\/\/ekonomievreni.com\/?p=3361","title":{"rendered":"B\u00fcy\u00fck\u015fehir sporcusu Faruk \u00d6zt\u00fcrk Avrupa ikincisi oldu"},"content":{"rendered":"<p> <span style=\"font-size:12pt\"><span style=\"font-family:Cambria,serif\"><em><span style=\",serif\">G\u00fcrcistan&#8217;\u0131n ba\u015fkenti Tiflis&#8217;te d\u00fczenlenen 2026 Parapowerlifting (Bedensel Engelli Halter) Avrupa \u015eampiyonas\u0131&#8217;nda m\u00fccadele eden Antalya B\u00fcy\u00fck\u015fehir Belediyesi Spor Kul\u00fcb\u00fc sporcusu Faruk \u00d6zt\u00fcrk, 215 kiloluk kald\u0131r\u0131\u015f\u0131yla g\u00fcm\u00fc\u015f madalya kazanarak Avrupa ikincisi oldu ve \u00f6nemli bir ba\u015far\u0131ya imza att\u0131. <\/span><\/em><\/span><\/span><\/p>\n<p><span style=\"font-size:12pt\"><span style=\"font-family:Cambria,serif\"><em><span style=\",serif\">Antalya B\u00fcy\u00fck\u015fehir Belediyesi Spor Kul\u00fcb\u00fc sporcusu ve Milli sporcu Faruk \u00d6zt\u00fcrk Avrupa Para Halter \u015eampiyonas\u0131\u2019nda kazand\u0131\u011f\u0131 iki g\u00fcm\u00fc\u015f madalyayla T\u00fcrkiye\u2019nin ve Antalya\u2019n\u0131n gururu oldu. Ba\u015far\u0131l\u0131 sporcu, hedefinin Olimpiyat Oyunlar\u0131na kat\u0131larak madalya kazanmak oldu\u011funu s\u00f6yledi. <\/span><\/em><\/span><\/span><\/p>\n<p><span style=\"font-size:12pt\"><span style=\"font-family:Cambria,serif\"><em><span style=\",serif\">\u0130K\u0130 G\u00dcM\u00dc\u015e MADALYA KAZANDIRDI <\/span><\/em><\/span><\/span><\/p>\n<p><span style=\"font-size:12pt\"><span style=\"font-family:Cambria,serif\"><em><span style=\",serif\">12 y\u0131ll\u0131k kariyerine T\u00fcrkiye, Avrupa ve D\u00fcnya \u015fampiyonluklar\u0131 s\u0131\u011fd\u0131ran Milli halterci Faruk \u00d6zt\u00fcrk, ba\u015far\u0131lar\u0131na bir yenisini daha eklemeye haz\u0131rlan\u0131yor. Son olarak G\u00fcrcistan&#8217;\u0131n ba\u015fkenti Tiflis&#8217;te d\u00fczenlenen 2026 Bedensel Engelli Halter Avrupa \u015eampiyonas\u0131&#8217;nda 107 kiloda 2 g\u00fcm\u00fc\u015f madalya kazanarak T\u00fcrkiye\u2019ye b\u00fcy\u00fck bir gurur ya\u015fatan gen\u00e7 sporcu, g\u00f6z\u00fcn\u00fc \u015fimdi 2028&#8217;e dikti. <\/span><\/em><\/span><\/span><\/p>\n<p><span style=\"font-size:12pt\"><span style=\"font-family:Cambria,serif\"><em><span style=\",serif\">HAYAL\u0130M OL\u0130MP\u0130YAT MADALYASI <\/span><\/em><\/span><\/span><\/p>\n<p><span style=\"font-size:12pt\"><span style=\"font-family:Cambria,serif\"><em><span style=\",serif\">\u00c7al\u0131\u015fmalar\u0131na Antalya Spor Salonu&#8217;nda devam eden \u00d6zt\u00fcrk, Olimpiyat madalyas\u0131n\u0131 kazanmay\u0131 hedefliyor. 2014 y\u0131l\u0131nda halter sporuna ba\u015flad\u0131\u011f\u0131na s\u00f6yleyen Antalya B\u00fcy\u00fck\u015fehir Belediyesi Spor Kul\u00fcb\u00fc sporcusu Faruk \u00d6zt\u00fcrk, \u201cKazand\u0131\u011f\u0131m ba\u015far\u0131larla \u00fclkemin gururu olmaktan dolay\u0131 \u00e7ok mutluyum. \u00a0Engelli birey olmama ra\u011fmen hi\u00e7bir zaman normal insanlardan bir fark\u0131m oldu\u011funu d\u00fc\u015f\u00fcnmedim. B\u00f6yle d\u00fc\u015f\u00fcnerek b\u00fcy\u00fck ba\u015far\u0131lar elde ettim. D\u00fcnya ve Avrupa \u015fampiyonu oldum. \u00d6zellikle olimpiyat hedefim i\u00e7in antrenman tempomu da artt\u0131rd\u0131m, Los Angeles 2028\u2019de \u00fclkemi ve Antalya\u2019y\u0131 temsil etmek istiyorum. Yo\u011fun bir antrenman d\u00f6nemine girdim. Hayalim olan olimpiyat alt\u0131n madalyas\u0131na ula\u015fmak istiyorum.\u00a0 Antalya B\u00fcy\u00fck\u015fehir Belediyesi sporcusu olmaktan gurur duyuyorum, bana ve t\u00fcm sporculara verdikleri destekten dolay\u0131 te\u015fekk\u00fcr ediyorum\u201d diye konu\u015ftu. <\/span><\/em><\/span><\/span><\/p>\n<p>\u00a0<\/p>\n<p>\u00a0<\/p>\n<p>Kaynak: (BYZHA) Beyaz Haber Ajans\u0131<\/p>\n","protected":false},"excerpt":{"rendered":"<p>G\u00fcrcistan&#8217;\u0131n ba\u015fkenti Tiflis&#8217;te d\u00fczenlenen 2026 Parapowerlifting (Bedensel Engelli Halter) Avrupa \u015eampiyonas\u0131&#8217;nda m\u00fccadele eden Antalya B\u00fcy\u00fck\u015fehir Belediyesi Spor Kul\u00fcb\u00fc sporcusu Faruk \u00d6zt\u00fcrk, 215 kiloluk kald\u0131r\u0131\u015f\u0131yla g\u00fcm\u00fc\u015f madalya kazanarak Avrupa ikincisi oldu ve \u00f6nemli bir ba\u015far\u0131ya imza att\u0131.<\/p>\n","protected":false},"author":1,"featured_media":3362,"comment_status":"open","ping_status":"open","sticky":false,"template":"","format":"standard","meta":{"footnotes":""},"categories":[33],"tags":[],"class_list":["post-3361","post","type-post","status-publish","format-standard","has-post-thumbnail","hentry","category-spor"],"_links":{"self":[{"href":"https:\/\/ekonomievreni.com\/index.php?rest_route=\/wp\/v2\/posts\/3361","targetHints":{"allow":["GET"]}}],"collection":[{"href":"https:\/\/ekonomievreni.com\/index.php?rest_route=\/wp\/v2\/posts"}],"about":[{"href":"https:\/\/ekonomievreni.com\/index.php?rest_route=\/wp\/v2\/types\/post"}],"author":[{"embeddable":true,"href":"https:\/\/ekonomievreni.com\/index.php?rest_route=\/wp\/v2\/users\/1"}],"replies":[{"embeddable":true,"href":"https:\/\/ekonomievreni.com\/index.php?rest_route=%2Fwp%2Fv2%2Fcomments&post=3361"}],"version-history":[{"count":1,"href":"https:\/\/ekonomievreni.com\/index.php?rest_route=\/wp\/v2\/posts\/3361\/revisions"}],"predecessor-version":[{"id":3363,"href":"https:\/\/ekonomievreni.com\/index.php?rest_route=\/wp\/v2\/posts\/3361\/revisions\/3363"}],"wp:featuredmedia":[{"embeddable":true,"href":"https:\/\/ekonomievreni.com\/index.php?rest_route=\/wp\/v2\/media\/3362"}],"wp:attachment":[{"href":"https:\/\/ekonomievreni.com\/index.php?rest_route=%2Fwp%2Fv2%2Fmedia&parent=3361"}],"wp:term":[{"taxonomy":"category","embeddable":true,"href":"https:\/\/ekonomievreni.com\/index.php?rest_route=%2Fwp%2Fv2%2Fcategories&post=3361"},{"taxonomy":"post_tag","embeddable":true,"href":"https:\/\/ekonomievreni.com\/index.php?rest_route=%2Fwp%2Fv2%2Ftags&post=3361"}],"curies":[{"name":"wp","href":"https:\/\/api.w.org\/{rel}","templated":true}]}}