{"id":3352,"date":"2026-03-23T01:01:30","date_gmt":"2026-03-22T22:01:30","guid":{"rendered":"https:\/\/ekonomievreni.com\/?p=3352"},"modified":"2026-03-23T01:01:31","modified_gmt":"2026-03-22T22:01:31","slug":"bucada-saglik-hizmeti-mahallelere-geliyor","status":"publish","type":"post","link":"https:\/\/ekonomievreni.com\/?p=3352","title":{"rendered":"Buca\u2019da sa\u011fl\u0131k hizmeti mahallelere geliyor"},"content":{"rendered":"<p> Buca Belediyesi\u2019nin \u201cK\u00f6\u015fe Bucak Sa\u011fl\u0131k\u201d ismiyle ba\u015flatt\u0131\u011f\u0131 sa\u011fl\u0131k seferberli\u011fi t\u00fcm h\u0131z\u0131yla devam ediyor. \u00c7al\u0131\u015fmay\u0131 Buca\u2019n\u0131n t\u00fcm mahallelerine yayacaklar\u0131n\u0131 belirten Buca Belediye Ba\u015fkan\u0131 Mimar G\u00f6rkem Duman,\u00a0 \u201cSa\u011fl\u0131k hizmetini vatanda\u015f\u0131m\u0131z\u0131n aya\u011f\u0131na g\u00f6t\u00fcr\u00fcyoruz\u201d dedi.<\/p>\n<p>Buca Belediyesi, il\u00e7ede ya\u015fayan vatanda\u015flar\u0131n ya\u015fam kalitesini art\u0131rmak ve sa\u011fl\u0131k sorunlar\u0131n\u0131 hen\u00fcz ortaya \u00e7\u0131kmadan tespit etmek amac\u0131yla \u00f6nemli bir projeye imza att\u0131. \u201cK\u00f6\u015fe Bucak Sa\u011fl\u0131k\u201d slogan\u0131yla y\u00fcr\u00fct\u00fclen proje kapsam\u0131nda, belediye ekipleri her hafta farkl\u0131 bir mahallede \u00fccretsiz \u015feker ve tansiyon \u00f6l\u00e7\u00fcm\u00fc ger\u00e7ekle\u015ftiriyor. Sosyal belediyecilik vizyonuyla ba\u015flat\u0131lan sa\u011fl\u0131k seferberli\u011finin ilk ad\u0131m\u0131 G\u00f6ksu Mahallesi oldu. Ard\u0131ndan Ye\u015filba\u011flar Mahallesi\u2019nde \u00e7al\u0131\u015fma ger\u00e7ekle\u015ftiren ekipler, 23 \u2013 27 Mart tarihleri aras\u0131nda ise Mustafa Kemal Mahallesi Muhtarl\u0131\u011f\u0131\u2019nda hizmet verecekler.<\/p>\n<p><strong>\u201cAMACIMIZ HASTALIKLARI BA\u015eLAMADAN\u00a0\u00a0\u00d6NLEMEK\u00a0\u201d<\/strong><\/p>\n<p>Buca Belediye Ba\u015fkan\u0131 Mimar G\u00f6rkem Duman, projeyi Buca\u2019n\u0131n tamam\u0131na yayacaklar\u0131n\u0131 ifade ederek, \u201cHem\u015fehrilerimizin sa\u011fl\u0131\u011f\u0131 bizim \u00f6nceli\u011fimiz. &#8216;K\u00f6\u015fe Bucak Sa\u011fl\u0131k&#8217; ile sa\u011fl\u0131k hizmetini vatanda\u015f\u0131m\u0131z\u0131n aya\u011f\u0131na g\u00f6t\u00fcr\u00fcyoruz. Amac\u0131m\u0131z sadece hastal\u0131kla m\u00fccadele etmek de\u011fil, koruyucu hekimlik anlay\u0131\u015f\u0131yla hastal\u0131klar\u0131 hen\u00fcz ba\u015flamadan \u00f6nleyebilmektir\u201d diye konu\u015ftu.<\/p>\n<p><strong>MUHTARLIK B\u0130NASINDA H\u0130ZMET VER\u0130L\u0130YOR<\/strong><\/p>\n<p>Proje kapsam\u0131nda muhtarl\u0131k binalar\u0131nda kurulan sa\u011fl\u0131k noktalar\u0131nda vatanda\u015flara \u00fccretsiz hizmet veriliyor. Bu kapsamda diyabet riskine kar\u015f\u0131 \u015feker \u00f6l\u00e7\u00fcm\u00fc, hipertansiyon kontrol\u00fc i\u00e7in ise tansiyon \u00f6l\u00e7\u00fcm\u00fc yap\u0131l\u0131rken, elde edilen sonu\u00e7lara g\u00f6re gerekli bilgilendirmeler de sa\u011flan\u0131yor.<\/p>\n<p>Sa\u011fl\u0131k taramalar\u0131, 23\u201327 Mart tarihleri aras\u0131nda Mustafa Kemal Mahallesi\u2019nde ger\u00e7ekle\u015ftirilecek. Vatanda\u015flara, hafta i\u00e7i her g\u00fcn 09.30\u201312.30 ve 13.30\u201316.30 saatleri aras\u0131nda hizmet verilecek.<\/p>\n<p>Kaynak: (BYZHA) Beyaz Haber Ajans\u0131<\/p>\n","protected":false},"excerpt":{"rendered":"<p>Buca Belediyesi\u2019nin \u201cK\u00f6\u015fe Bucak Sa\u011fl\u0131k\u201d ismiyle ba\u015flatt\u0131\u011f\u0131 sa\u011fl\u0131k seferberli\u011fi t\u00fcm h\u0131z\u0131yla devam ediyor.<\/p>\n","protected":false},"author":1,"featured_media":3353,"comment_status":"open","ping_status":"open","sticky":false,"template":"","format":"standard","meta":{"footnotes":""},"categories":[31],"tags":[],"class_list":["post-3352","post","type-post","status-publish","format-standard","has-post-thumbnail","hentry","category-saglik"],"_links":{"self":[{"href":"https:\/\/ekonomievreni.com\/index.php?rest_route=\/wp\/v2\/posts\/3352","targetHints":{"allow":["GET"]}}],"collection":[{"href":"https:\/\/ekonomievreni.com\/index.php?rest_route=\/wp\/v2\/posts"}],"about":[{"href":"https:\/\/ekonomievreni.com\/index.php?rest_route=\/wp\/v2\/types\/post"}],"author":[{"embeddable":true,"href":"https:\/\/ekonomievreni.com\/index.php?rest_route=\/wp\/v2\/users\/1"}],"replies":[{"embeddable":true,"href":"https:\/\/ekonomievreni.com\/index.php?rest_route=%2Fwp%2Fv2%2Fcomments&post=3352"}],"version-history":[{"count":1,"href":"https:\/\/ekonomievreni.com\/index.php?rest_route=\/wp\/v2\/posts\/3352\/revisions"}],"predecessor-version":[{"id":3354,"href":"https:\/\/ekonomievreni.com\/index.php?rest_route=\/wp\/v2\/posts\/3352\/revisions\/3354"}],"wp:featuredmedia":[{"embeddable":true,"href":"https:\/\/ekonomievreni.com\/index.php?rest_route=\/wp\/v2\/media\/3353"}],"wp:attachment":[{"href":"https:\/\/ekonomievreni.com\/index.php?rest_route=%2Fwp%2Fv2%2Fmedia&parent=3352"}],"wp:term":[{"taxonomy":"category","embeddable":true,"href":"https:\/\/ekonomievreni.com\/index.php?rest_route=%2Fwp%2Fv2%2Fcategories&post=3352"},{"taxonomy":"post_tag","embeddable":true,"href":"https:\/\/ekonomievreni.com\/index.php?rest_route=%2Fwp%2Fv2%2Ftags&post=3352"}],"curies":[{"name":"wp","href":"https:\/\/api.w.org\/{rel}","templated":true}]}}