{"id":3349,"date":"2026-03-23T01:01:27","date_gmt":"2026-03-22T22:01:27","guid":{"rendered":"https:\/\/ekonomievreni.com\/?p=3349"},"modified":"2026-03-23T01:01:28","modified_gmt":"2026-03-22T22:01:28","slug":"arabesk-muzigin-usta-ismi-canseverin-tedavi-sureci-basladi","status":"publish","type":"post","link":"https:\/\/ekonomievreni.com\/?p=3349","title":{"rendered":"Arabesk M\u00fczi\u011fin Usta \u0130smi Cansever\u2019in Tedavi S\u00fcreci Ba\u015flad\u0131!"},"content":{"rendered":"<p> Arabesk m\u00fczi\u011fin usta isimlerinden Cansever, bir s\u00fcredir devam eden sa\u011fl\u0131k m\u00fccadelesinde kritik bir s\u00fcrece girdi. Sanat\u00e7\u0131n\u0131n tedavi kapsam\u0131nda hastaneye yat\u0131\u015f\u0131 ger\u00e7ekle\u015firken, 26 Mart tarihinde ilik nakli operasyonunun yap\u0131laca\u011f\u0131 \u00f6\u011frenildi.<\/p>\n<p>Y\u0131llard\u0131r m\u00fczik d\u00fcnyas\u0131nda kendine has yorumu ve g\u00fc\u00e7l\u00fc sesiyle geni\u015f kitlelere ula\u015fan Cansever, bu zorlu s\u00fcre\u00e7te ya\u015fam m\u00fccadelesini kararl\u0131l\u0131kla s\u00fcrd\u00fcr\u00fcyor.<\/p>\n<p>Bu \u00f6nemli s\u00fcre\u00e7te Cansever\u2019e ailesi, sevenleri ve sanat camias\u0131ndan bir\u00e7ok isim destek verirken, sosyal medyada da ge\u00e7mi\u015f olsun mesajlar\u0131 artarak devam ediyor. Hayranlar\u0131, usta sanat\u00e7\u0131n\u0131n bir an \u00f6nce sa\u011fl\u0131\u011f\u0131na kavu\u015fmas\u0131n\u0131 temenni ediyor.<\/p>\n<p>Ger\u00e7ekle\u015fecek ilik nakli operasyonu, tedavi s\u00fcrecinin en kritik a\u015famalar\u0131ndan biri olarak \u00f6ne \u00e7\u0131k\u0131yor.<\/p>\n<p>Kaynak: (BYZHA) Beyaz Haber Ajans\u0131<\/p>\n","protected":false},"excerpt":{"rendered":"<p>Arabesk m\u00fczi\u011fin usta isimlerinden Cansever, bir s\u00fcredir devam eden sa\u011fl\u0131k m\u00fccadelesinde kritik bir s\u00fcrece girdi.<\/p>\n","protected":false},"author":1,"featured_media":3350,"comment_status":"open","ping_status":"open","sticky":false,"template":"","format":"standard","meta":{"footnotes":""},"categories":[1],"tags":[],"class_list":["post-3349","post","type-post","status-publish","format-standard","has-post-thumbnail","hentry","category-magazin"],"_links":{"self":[{"href":"https:\/\/ekonomievreni.com\/index.php?rest_route=\/wp\/v2\/posts\/3349","targetHints":{"allow":["GET"]}}],"collection":[{"href":"https:\/\/ekonomievreni.com\/index.php?rest_route=\/wp\/v2\/posts"}],"about":[{"href":"https:\/\/ekonomievreni.com\/index.php?rest_route=\/wp\/v2\/types\/post"}],"author":[{"embeddable":true,"href":"https:\/\/ekonomievreni.com\/index.php?rest_route=\/wp\/v2\/users\/1"}],"replies":[{"embeddable":true,"href":"https:\/\/ekonomievreni.com\/index.php?rest_route=%2Fwp%2Fv2%2Fcomments&post=3349"}],"version-history":[{"count":1,"href":"https:\/\/ekonomievreni.com\/index.php?rest_route=\/wp\/v2\/posts\/3349\/revisions"}],"predecessor-version":[{"id":3351,"href":"https:\/\/ekonomievreni.com\/index.php?rest_route=\/wp\/v2\/posts\/3349\/revisions\/3351"}],"wp:featuredmedia":[{"embeddable":true,"href":"https:\/\/ekonomievreni.com\/index.php?rest_route=\/wp\/v2\/media\/3350"}],"wp:attachment":[{"href":"https:\/\/ekonomievreni.com\/index.php?rest_route=%2Fwp%2Fv2%2Fmedia&parent=3349"}],"wp:term":[{"taxonomy":"category","embeddable":true,"href":"https:\/\/ekonomievreni.com\/index.php?rest_route=%2Fwp%2Fv2%2Fcategories&post=3349"},{"taxonomy":"post_tag","embeddable":true,"href":"https:\/\/ekonomievreni.com\/index.php?rest_route=%2Fwp%2Fv2%2Ftags&post=3349"}],"curies":[{"name":"wp","href":"https:\/\/api.w.org\/{rel}","templated":true}]}}