{"id":3343,"date":"2026-03-23T01:01:21","date_gmt":"2026-03-22T22:01:21","guid":{"rendered":"https:\/\/ekonomievreni.com\/?p=3343"},"modified":"2026-03-23T01:01:23","modified_gmt":"2026-03-22T22:01:23","slug":"turkiye-japonyaya-1-milyar-dolarlik-gida-urunleri-ihracati-hedefliyor","status":"publish","type":"post","link":"https:\/\/ekonomievreni.com\/?p=3343","title":{"rendered":"T\u00fcrkiye, Japonya\u2019ya 1 milyar dolarl\u0131k g\u0131da \u00fcr\u00fcnleri ihracat\u0131 hedefliyor"},"content":{"rendered":"<p> D\u00fcnya\u2019n\u0131n g\u0131da ambar\u0131 Anadolu co\u011frafyas\u0131nda yeti\u015fen lezzetleri d\u00fcnyan\u0131n d\u00f6rt bir taraf\u0131na ula\u015ft\u0131ran T\u00fcrk g\u0131da sekt\u00f6r\u00fc, Uzak Do\u011fu\u2019nun en b\u00fcy\u00fck g\u0131da fuar\u0131 olan FOODEX JAPAN 2026 \u2013 51. Uluslararas\u0131 G\u0131da ve \u0130\u00e7ecek Fuar\u0131\u2019nda uluslararas\u0131 pazardaki g\u00fcc\u00fcn\u00fc bir kez daha g\u00f6zler \u00f6n\u00fcne serdi.<\/p>\n<p><strong>I\u015f\u0131k: \u201cJaponya\u2019ya g\u0131da ihracat\u0131nda hedefimiz 1 milyar dolar\u201d<\/strong><\/p>\n<p>T\u00fcrkiye\u2019nin 2025 y\u0131l\u0131nda k\u00fcresel iklim krizinin olumsuz etkilerine ra\u011fmen Japonya\u2019ya 337 milyon dolarl\u0131k g\u0131da \u00fcr\u00fcnleri ihra\u00e7 etti\u011fi bilgisini veren Ege \u0130hracat\u00e7\u0131 Birlikleri S\u00fcrd\u00fcr\u00fclebilirlik ve Organik \u00dcr\u00fcnler Koordinat\u00f6r\u00fc Ege Kuru Meyve ve Mamulleri \u0130hracat\u00e7\u0131lar\u0131 Birli\u011fi Ba\u015fkan\u0131 Mehmet Ali I\u015f\u0131k, hedeflerinin orta vadede Japonya\u2019ya g\u0131da ihracat\u0131n\u0131 1 milyar dolar\u0131n \u00fczerine \u00e7\u0131karmak oldu\u011funu bu hedefe ula\u015fmak i\u00e7in Foodex Fuar\u0131\u2019nda b\u00fcy\u00fck bir ad\u0131m att\u0131klar\u0131n\u0131 dile getirdi.<\/p>\n<p>Japonya\u2019n\u0131n y\u0131ll\u0131k 70 milyar dolar\u0131n \u00fczerinde g\u0131da \u00fcr\u00fcnleri ithal eden b\u00fcy\u00fck bir \u00fclke oldu\u011funa dikkati \u00e7eken I\u015f\u0131k, \u201cT\u00fcrkiye\u2019nin Japonya\u2019ya g\u0131da ihracat\u0131n\u0131n y\u00fczde 30\u2019unu Ege B\u00f6lgesi\u2019nden yap\u0131yoruz. Fuar kapsam\u0131nda ger\u00e7ekle\u015ftirdi\u011fimiz tan\u0131t\u0131m ve pazarlama faaliyetleri b\u00fcy\u00fck ilgi g\u00f6rd\u00fc. Firmalar\u0131m\u0131z 400 adet ikili i\u015f g\u00f6r\u00fc\u015fmesi (B2B) ger\u00e7ekle\u015ftirdi. Japon al\u0131c\u0131larla \u00f6nceden e\u015fle\u015ftirme \u00e7al\u0131\u015fmalar\u0131 yap\u0131ld\u0131. T\u00fcrkiye stand\u0131, dikkat \u00e7ekici tasar\u0131m\u0131 ve konumuyla yo\u011fun ziyaret\u00e7i \u00e7ekti. T\u00fcrkiye\u2019nin g\u00f6r\u00fcn\u00fcrl\u00fc\u011f\u00fcn\u00fc art\u0131rmak amac\u0131yla fuar alan\u0131nda reklamlar, dijital tan\u0131t\u0131mlar ve influencer i\u015f birlikleri de ger\u00e7ekle\u015ftirildi. \u0130ki \u00fclke aras\u0131ndaki ticaretin geli\u015ftirilmesi ve devam eden Serbest Ticaret Anla\u015fmas\u0131 s\u00fcrecinin h\u0131zland\u0131r\u0131lmas\u0131, T\u00fcrk \u00fcr\u00fcnlerinin rekabet g\u00fcc\u00fcn\u00fc art\u0131racak kritik unsurlar aras\u0131nda yer al\u0131yor\u201d \u015feklinde konu\u015ftu.\u00a0<\/p>\n<p><strong>\u00d6zt\u00fcrk: \u201cJaponya Stratejik \u00d6neme Sahip Bir Pazar\u201d<\/strong><\/p>\n<p>FOODEX Japan Fuar\u0131\u2019n\u0131n yaln\u0131zca Japonya\u2019ya de\u011fil; G\u00fcney Kore, ABD, Kanada ve Avrupa\u2019dan gelen al\u0131c\u0131lar\u0131yla b\u00f6lgesel bir ticaret merkezi niteli\u011fi ta\u015f\u0131d\u0131\u011f\u0131n\u0131n alt\u0131n\u0131 \u00e7izen Ege Hububat Bakliyat Ya\u011fl\u0131 Tohumlar ve Mamulleri \u0130hracat\u00e7\u0131lar\u0131 Birli\u011fi Ba\u015fkan\u0131 Muhammet \u00d6zt\u00fcrk, FOODEX Japan Fuar\u0131\u2019n\u0131n T\u00fcrk firmalar\u0131 i\u00e7in hem yeni i\u015f ba\u011flant\u0131lar\u0131 kurma hem de Uzak Do\u011fu pazar\u0131n\u0131 yak\u0131ndan tan\u0131ma f\u0131rsat\u0131 sa\u011flad\u0131\u011f\u0131n\u0131n ifade etti.\u00a0<\/p>\n<p>T\u00fcrk firmalar\u0131n\u0131n Japon t\u00fcketicisinin kalite ve sa\u011fl\u0131kl\u0131 \u00fcr\u00fcnlere verdi\u011fi \u00f6nem do\u011frultusunda, pazara uygun \u00fcr\u00fcn ve stratejiler geli\u015ftirdi\u011fine vurgu yapan \u00d6zt\u00fcrk \u015f\u00f6yle konu\u015ftu; \u201cZeytinya\u011f\u0131ndan makarnaya, dondurulmu\u015f \u00fcr\u00fcnlerden \u00e7ikolataya kadar geni\u015f bir \u00fcr\u00fcn yelpazesi Japon ve uluslararas\u0131 al\u0131c\u0131lara sunuldu. Bu temaslar\u0131n sonu\u00e7lar\u0131n\u0131 \u00f6n\u00fcm\u00fczdeki d\u00f6nemde alaca\u011f\u0131m\u0131za inan\u0131yoruz.\u201d<\/p>\n<p><strong>Girit: \u201cT\u00fcrk Mutfa\u011f\u0131 Japonya\u2019da \u0130lgi Oda\u011f\u0131 Oldu\u201d<\/strong><\/p>\n<p>FOODEX Japan Fuar\u0131 s\u00fcresince d\u00fczenlenen tad\u0131m etkinliklerinin ziyaret\u00e7ilerden b\u00fcy\u00fck be\u011feni toplad\u0131\u011f\u0131 bilgisini veren Ege Su \u00dcr\u00fcnleri ve Hayvansal Mamuller \u0130hracat\u00e7\u0131lar\u0131 Birli\u011fi Ba\u015fkan\u0131 Bedri Girit, Michelin y\u0131ld\u0131zl\u0131 \u015eef Osman Serdaro\u011flu\u2019nun katk\u0131lar\u0131yla T\u00fcrk \u00fcr\u00fcnleri Japon damak tad\u0131na uygun \u015fekilde sunuldu\u011funu kaydetti.\u00a0<\/p>\n<p>\u00d6ne \u00e7\u0131kan etkinlikler hakk\u0131nda bilgi veren Girit, \u201cT\u00fcrk somonu ve orkinosuyla haz\u0131rlanan su\u015fi ve sa\u015fimi sunumlar\u0131, T\u00fcrk \u015faraplar\u0131 ve T\u00fcrk kahvesi tad\u0131mlar\u0131, T\u00fcrk zeytinya\u011f\u0131 seminerleri, T\u00fcrk \u00e7ay\u0131 semineri T\u00fcrk \u00fcr\u00fcnlerinin kalite ve \u00e7e\u015fitlili\u011fini do\u011frudan deneyimleme f\u0131rsat\u0131 sundu. 2025 y\u0131l\u0131nda Japonya\u2019ya 337 milyon dolarl\u0131k g\u0131da ihracat\u0131m\u0131z\u0131n y\u00fczde 33\u2019\u00fcne tekab\u00fcl eden 113 milyon dolarl\u0131k k\u0131sm\u0131n\u0131 su \u00fcr\u00fcnleri olu\u015fturdu\u201d ifadelerini kulland\u0131.\u00a0<\/p>\n<p><strong>Uygun: \u201cKurumsal Temaslar ve \u0130\u015f Birli\u011fi G\u00f6r\u00fc\u015fmeleri Yapt\u0131k\u201d<\/strong><\/p>\n<p>Japonya\u2019da Foodex Fuar\u0131 kapsam\u0131nda yaln\u0131zca stand faaliyetleriyle s\u0131n\u0131rl\u0131 kalmad\u0131klar\u0131n\u0131, T\u00fcrkiye ile Japonya aras\u0131ndaki ticari ili\u015fkilerin geli\u015ftirilmesine y\u00f6nelik temaslarda bulunduklar\u0131n\u0131 anlatan Ege Zeytin ve Zeytinya\u011f\u0131 \u0130hracat\u00e7\u0131lar\u0131 Birli\u011fi Ba\u015fkan\u0131 Emre Uygun, E\u0130B heyeti olarak Japonya\u2019n\u0131n \u00f6nde gelen kurum ve kurulu\u015flar\u0131 aras\u0131nda yer alan Japonya Ulusal Deniz Suyu Bal\u0131k Yeti\u015ftiricili\u011fi Birli\u011fi, Japonya Kuruyemi\u015f Birli\u011fi, Otsuma Kad\u0131n \u00dcniversitesi, Japonya Bitkisel Ya\u011f Derne\u011fi ve Japonya Y\u00f6netim Birli\u011fi g\u00f6r\u00fc\u015fmeler yapt\u0131klar\u0131n\u0131 vurgulad\u0131.\u00a0<\/p>\n<p>Japonya\u2019n\u0131n T\u00fcrk zeytinya\u011f\u0131 sekt\u00f6r\u00fcn\u00fcn ihracat yapt\u0131\u011f\u0131 \u00fclkeler aras\u0131nda ABD\u2019den sonra ikinci s\u0131raya oturdu\u011fu bilgisini veren Uygun, \u201cJaponya, 2024\/25 sezonunda T\u00fcrkiye\u2019nin 251 milyon dolarl\u0131k zeytinya\u011f\u0131 ihracat\u0131ndan y\u00fczde 9 pay ald\u0131. Japonya\u2019ya ihracat\u0131m\u0131z\u0131n k\u0131sa vadede 100 milyon dolara ula\u015faca\u011f\u0131na inan\u0131yoruz\u201d diyerek s\u00f6zlerini noktalad\u0131.\u00a0<\/p>\n<p>T\u00fcrkiye&#8217;nin Japonya&#8217;ya ger\u00e7ekle\u015ftirdi\u011fi ihracatta \u00f6ne \u00e7\u0131kan \u00fcr\u00fcnler; Taze veya so\u011futulmu\u015f bal\u0131klar, makarnalar ve kuskus, zeytinya\u011f\u0131 kurutulmu\u015f \u00fcz\u00fcmler, meyve ve sebze sular\u0131, bal\u0131k filetolar\u0131 ve di\u011fer bal\u0131k etleri, haz\u0131rlanm\u0131\u015f veya konserve edilmi\u015f domatesler, taze veya kurutulmu\u015f hurma, incir, f\u0131nd\u0131k, taze veya kurutulmu\u015f turun\u00e7giller, dondurulmu\u015f bal\u0131klar oldu.\u00a0<\/p>\n<p>2026 y\u0131l\u0131nda yakla\u015f\u0131k 3.238 firman\u0131n kat\u0131ld\u0131\u011f\u0131 fuarda, T\u00fcrkiye\u2019den milli kat\u0131l\u0131m kapsam\u0131nda 45, bireysel olarak 4 firma olmak \u00fczere toplam 49 T\u00fcrk firmas\u0131 yer ald\u0131. 4 g\u00fcn s\u00fcren fuar\u0131 73.842 ziyaret\u00e7i gezdi.\u00a0<\/p>\n<p>Tokyo B\u00fcy\u00fckel\u00e7isi O\u011fuzhan Ertu\u011frul ile Ticaret Ba\u015fm\u00fc\u015favirleri Mukaddes Nur Y\u0131lmaz ve Sedat Y\u0131ld\u0131z, T\u00fcrk firmalar\u0131n\u0131n yer ald\u0131\u011f\u0131 stantlar\u0131 ziyaret ederek kat\u0131l\u0131mc\u0131larla bir araya geldi. Ziyaret kapsam\u0131nda Japon pazar\u0131 hakk\u0131nda de\u011ferlendirmelerde bulunulurken, firmalar\u0131n talepleri ve kar\u015f\u0131la\u015ft\u0131klar\u0131 hususlar da ele al\u0131nd\u0131.<\/p>\n<p>Ege \u0130hracat\u00e7\u0131 Birlikleri heyetinde, Ege \u0130hracat\u00e7\u0131 Birlikleri S\u00fcrd\u00fcr\u00fclebilirlik ve Organik \u00dcr\u00fcnler Koordinat\u00f6r\u00fc Ege Kuru Meyve ve Mamulleri \u0130hracat\u00e7\u0131lar\u0131 Birli\u011fi Ba\u015fkan\u0131 Mehmet Ali I\u015f\u0131k, Ege Hububat Bakliyat Ya\u011fl\u0131 Tohumlar ve Mamulleri \u0130hracat\u00e7\u0131lar\u0131 Birli\u011fi Ba\u015fkan\u0131 Muhammet \u00d6zt\u00fcrk, Ege Su \u00dcr\u00fcnleri ve Hayvansal Mamuller \u0130hracat\u00e7\u0131lar\u0131 Birli\u011fi Ba\u015fkan\u0131 Bedri Girit, Ege Zeytin ve Zeytinya\u011f\u0131 \u0130hracat\u00e7\u0131lar\u0131 Birli\u011fi Ba\u015fkan\u0131 Emre Uygun ve Ege Hububat Bakliyat Ya\u011fl\u0131 Tohumlar ve Mamulleri \u0130hracat\u00e7\u0131lar\u0131 Birli\u011fi Y\u00f6netim Kurulu \u00dcyesi R\u0131za Seyyar yer ald\u0131.\u00a0<\/p>\n<p>Kaynak: (BYZHA) Beyaz Haber Ajans\u0131<\/p>\n","protected":false},"excerpt":{"rendered":"<p>D\u00fcnya\u2019n\u0131n g\u0131da ambar\u0131 Anadolu co\u011frafyas\u0131nda yeti\u015fen lezzetleri d\u00fcnyan\u0131n d\u00f6rt bir taraf\u0131na ula\u015ft\u0131ran T\u00fcrk g\u0131da sekt\u00f6r\u00fc, Uzak Do\u011fu\u2019nun en b\u00fcy\u00fck g\u0131da fuar\u0131 olan FOODEX JAPAN 2026 \u2013 51.<\/p>\n","protected":false},"author":1,"featured_media":3344,"comment_status":"open","ping_status":"open","sticky":false,"template":"","format":"standard","meta":{"footnotes":""},"categories":[30],"tags":[],"class_list":["post-3343","post","type-post","status-publish","format-standard","has-post-thumbnail","hentry","category-ekonomi"],"_links":{"self":[{"href":"https:\/\/ekonomievreni.com\/index.php?rest_route=\/wp\/v2\/posts\/3343","targetHints":{"allow":["GET"]}}],"collection":[{"href":"https:\/\/ekonomievreni.com\/index.php?rest_route=\/wp\/v2\/posts"}],"about":[{"href":"https:\/\/ekonomievreni.com\/index.php?rest_route=\/wp\/v2\/types\/post"}],"author":[{"embeddable":true,"href":"https:\/\/ekonomievreni.com\/index.php?rest_route=\/wp\/v2\/users\/1"}],"replies":[{"embeddable":true,"href":"https:\/\/ekonomievreni.com\/index.php?rest_route=%2Fwp%2Fv2%2Fcomments&post=3343"}],"version-history":[{"count":1,"href":"https:\/\/ekonomievreni.com\/index.php?rest_route=\/wp\/v2\/posts\/3343\/revisions"}],"predecessor-version":[{"id":3345,"href":"https:\/\/ekonomievreni.com\/index.php?rest_route=\/wp\/v2\/posts\/3343\/revisions\/3345"}],"wp:featuredmedia":[{"embeddable":true,"href":"https:\/\/ekonomievreni.com\/index.php?rest_route=\/wp\/v2\/media\/3344"}],"wp:attachment":[{"href":"https:\/\/ekonomievreni.com\/index.php?rest_route=%2Fwp%2Fv2%2Fmedia&parent=3343"}],"wp:term":[{"taxonomy":"category","embeddable":true,"href":"https:\/\/ekonomievreni.com\/index.php?rest_route=%2Fwp%2Fv2%2Fcategories&post=3343"},{"taxonomy":"post_tag","embeddable":true,"href":"https:\/\/ekonomievreni.com\/index.php?rest_route=%2Fwp%2Fv2%2Ftags&post=3343"}],"curies":[{"name":"wp","href":"https:\/\/api.w.org\/{rel}","templated":true}]}}