{"id":3340,"date":"2026-03-23T01:01:20","date_gmt":"2026-03-22T22:01:20","guid":{"rendered":"https:\/\/ekonomievreni.com\/?p=3340"},"modified":"2026-03-23T01:01:21","modified_gmt":"2026-03-22T22:01:21","slug":"sarkidan-kitaba-markadan-sahneye-basin-bulteni-servisi-neden-vazgecilmez","status":"publish","type":"post","link":"https:\/\/ekonomievreni.com\/?p=3340","title":{"rendered":"\u015eark\u0131dan Kitaba, Markadan Sahneye: Bas\u0131n B\u00fclteni Servisi Neden Vazge\u00e7ilmez?"},"content":{"rendered":"\n<p data-end=\"405\" data-start=\"78\">Dijital i\u00e7erik \u00fcretiminin h\u0131z kazand\u0131\u011f\u0131 g\u00fcn\u00fcm\u00fczde, \u00fcretilen \u00e7al\u0131\u015fmalar\u0131n do\u011fru kitleye ula\u015fmas\u0131 en az i\u00e7erik \u00fcretimi kadar \u00f6nemli hale geldi. M\u00fczik, medya, yay\u0131nc\u0131l\u0131k ve kurumsal ileti\u015fim alanlar\u0131nda faaliyet g\u00f6steren ki\u015fi ve markalar i\u00e7in g\u00f6r\u00fcn\u00fcrl\u00fck; yaln\u0131zca \u00fcretmekle de\u011fil, do\u011fru stratejiyle da\u011f\u0131t\u0131m yapmakla m\u00fcmk\u00fcn oluyor.<\/p>\n<p data-end=\"874\" data-start=\"407\">Bu noktada <strong data-end=\"444\" data-start=\"418\">bas\u0131n b\u00fclteni da\u011f\u0131t\u0131m\u0131<\/strong>, i\u00e7eriklerin geni\u015f kitlelere ula\u015fmas\u0131n\u0131 sa\u011flayan en etkili y\u00f6ntemlerden biri olarak \u00f6ne \u00e7\u0131k\u0131yor. Profesyonel \u015fekilde haz\u0131rlanan ve g\u00fc\u00e7l\u00fc bir da\u011f\u0131t\u0131m a\u011f\u0131yla servis edilen i\u00e7erikler, hem dijital bas\u0131nda yer buluyor hem de arama motorlar\u0131nda kal\u0131c\u0131 bir g\u00f6r\u00fcn\u00fcrl\u00fck elde ediyor. Bu s\u00fcre\u00e7te do\u011fru yap\u0131land\u0131r\u0131lm\u0131\u015f bir <strong data-end=\"781\" data-start=\"756\">bas\u0131n b\u00fclteni servisi<\/strong>, i\u00e7eri\u011fin yaln\u0131zca yay\u0131nlanmas\u0131n\u0131 de\u011fil, ayn\u0131 zamanda do\u011fru konumland\u0131r\u0131lmas\u0131n\u0131 da sa\u011fl\u0131yor.<\/p>\n<p data-end=\"1266\" data-start=\"876\">Son d\u00f6nemde \u00f6zellikle \u015fark\u0131 \u00e7\u0131karan sanat\u00e7\u0131lar, yeni klip yay\u0131nlayan m\u00fczisyenler, kitap lansman\u0131 ger\u00e7ekle\u015ftiren yazarlar ve tiyatro oyunlar\u0131n\u0131 duyurmak isteyen ekipler; bas\u0131n b\u00fclteni da\u011f\u0131t\u0131m\u0131 ile projelerini daha geni\u015f kitlelere ula\u015ft\u0131r\u0131yor. Bunun yan\u0131 s\u0131ra kurumsal firmalar, yeni \u00fcr\u00fcn\u00fcn\u00fc tan\u0131tmak isteyen markalar ve hizmet lansman\u0131 yapan giri\u015fimler de bu y\u00f6ntemi aktif olarak kullan\u0131yor.<\/p>\n<p data-end=\"1759\" data-start=\"1268\">T\u00fcrkiye\u2019de dijital PR ve medya da\u011f\u0131t\u0131m\u0131 alan\u0131nda faaliyet g\u00f6steren <strong data-end=\"1354\" data-start=\"1335\">BultenYolla.com<\/strong>, sundu\u011fu bas\u0131n b\u00fclteni servisi ile farkl\u0131 sekt\u00f6rlerden bir\u00e7ok projeye g\u00f6r\u00fcn\u00fcrl\u00fck kazand\u0131r\u0131yor. Platform, i\u00e7eriklerin sadece yay\u0131nlanmas\u0131n\u0131 de\u011fil, ayn\u0131 zamanda medya a\u011f\u0131nda etkili bir \u015fekilde konumland\u0131r\u0131lmas\u0131n\u0131 sa\u011flayarak s\u00fcrd\u00fcr\u00fclebilir bir dijital etki olu\u015fturmay\u0131 hedefliyor. Bas\u0131n b\u00fclteni da\u011f\u0131t\u0131m\u0131 s\u00fcre\u00e7lerinin profesyonel \u015fekilde y\u00f6netilmesi, i\u00e7eriklerin do\u011fru mecralarda yer almas\u0131n\u0131 m\u00fcmk\u00fcn k\u0131l\u0131yor.<\/p>\n<p data-end=\"2155\" data-start=\"1761\">Dijital tan\u0131t\u0131m\u0131n bir di\u011fer \u00f6nemli aya\u011f\u0131n\u0131 ise video odakl\u0131 kampanyalar olu\u015fturuyor. \u00d6zellikle m\u00fczik projeleri, \u00fcr\u00fcn tan\u0131t\u0131mlar\u0131 ve marka ileti\u015fiminde kullan\u0131lan <strong data-end=\"1941\" data-start=\"1923\">YouTube reklam<\/strong> \u00e7al\u0131\u015fmalar\u0131; hedef kitleye do\u011frudan eri\u015fim sa\u011flama a\u00e7\u0131s\u0131ndan \u00f6nemli bir avantaj sunuyor. Bas\u0131n b\u00fclteni ile desteklenen YouTube reklam stratejileri, \u00e7ok kanall\u0131 bir ileti\u015fim modeli olu\u015fturarak etkile\u015fimi art\u0131r\u0131yor.<\/p>\n<p data-end=\"2526\" data-start=\"2157\">BultenYolla.com, yaln\u0131zca bas\u0131n b\u00fclteni servisi sunmakla kalmay\u0131p, ayn\u0131 zamanda dijital tan\u0131t\u0131m s\u00fcre\u00e7lerini b\u00fct\u00fcnsel bir yakla\u015f\u0131mla ele alarak i\u00e7eriklerin hem medya hem de dijital platformlarda daha g\u00fc\u00e7l\u00fc bir \u015fekilde yer almas\u0131na katk\u0131 sa\u011fl\u0131yor. Bu yakla\u015f\u0131m, farkl\u0131 sekt\u00f6rlerden \u00fcreticilerin ve markalar\u0131n projelerini daha geni\u015f kitlelere ula\u015ft\u0131rmas\u0131n\u0131 kolayla\u015ft\u0131r\u0131yor.<\/p>\n<p data-end=\"2993\" data-start=\"2533\"><strong data-end=\"2561\" data-start=\"2533\">BultenYolla.com Hakk\u0131nda<\/strong><\/p>\n<p data-end=\"2993\" data-start=\"2533\">BultenYolla.com, sanat\u00e7\u0131lar, markalar ve kurumsal firmalar i\u00e7in bas\u0131n b\u00fclteni da\u011f\u0131t\u0131m\u0131 ve dijital PR hizmetleri sunan bir platformdur. Geni\u015f medya a\u011f\u0131 sayesinde haz\u0131rlanan i\u00e7eriklerin ulusal ve yerel bas\u0131nda yer almas\u0131n\u0131 sa\u011flayan platform, ayn\u0131 zamanda dijital g\u00f6r\u00fcn\u00fcrl\u00fc\u011f\u00fc art\u0131rmaya y\u00f6nelik \u00e7\u00f6z\u00fcmler geli\u015ftirir. M\u00fczik, medya, etkinlik ve kurumsal ileti\u015fim alanlar\u0131nda bir\u00e7ok projeye profesyonel bas\u0131n b\u00fclteni servisi sunmaktad\u0131r.<\/p>\n<p data-end=\"3347\" data-is-last-node=\"\" data-is-only-node=\"\" data-start=\"2995\"><strong data-end=\"3025\" data-start=\"2995\">Warble Medya Ltd. Hakk\u0131nda<\/strong><\/p>\n<p data-end=\"3347\" data-is-last-node=\"\" data-is-only-node=\"\" data-start=\"2995\">Warble Medya Ltd., dijital medya, m\u00fczik da\u011f\u0131t\u0131m\u0131, PR ve i\u00e7erik y\u00f6netimi alanlar\u0131nda faaliyet g\u00f6steren uluslararas\u0131 bir medya \u015firketidir. Farkl\u0131 markalar\u0131 ve hizmetleriyle sanat\u00e7\u0131lar, ajanslar ve markalar i\u00e7in kapsaml\u0131 \u00e7\u00f6z\u00fcmler sunan \u015firket, dijital d\u00f6n\u00fc\u015f\u00fcm s\u00fcre\u00e7lerinde stratejik i\u015f ortakl\u0131\u011f\u0131 sa\u011flamay\u0131 hedeflemektedir.<\/p>\n<p>Kaynak: (BYZHA) Beyaz Haber Ajans\u0131<\/p>\n","protected":false},"excerpt":{"rendered":"<p>Dijital i\u00e7erik \u00fcretiminin h\u0131z kazand\u0131\u011f\u0131 g\u00fcn\u00fcm\u00fczde, \u00fcretilen \u00e7al\u0131\u015fmalar\u0131n do\u011fru kitleye ula\u015fmas\u0131 en az i\u00e7erik \u00fcretimi kadar \u00f6nemli hale geldi.<\/p>\n","protected":false},"author":1,"featured_media":3341,"comment_status":"open","ping_status":"open","sticky":false,"template":"","format":"standard","meta":{"footnotes":""},"categories":[30],"tags":[],"class_list":["post-3340","post","type-post","status-publish","format-standard","has-post-thumbnail","hentry","category-ekonomi"],"_links":{"self":[{"href":"https:\/\/ekonomievreni.com\/index.php?rest_route=\/wp\/v2\/posts\/3340","targetHints":{"allow":["GET"]}}],"collection":[{"href":"https:\/\/ekonomievreni.com\/index.php?rest_route=\/wp\/v2\/posts"}],"about":[{"href":"https:\/\/ekonomievreni.com\/index.php?rest_route=\/wp\/v2\/types\/post"}],"author":[{"embeddable":true,"href":"https:\/\/ekonomievreni.com\/index.php?rest_route=\/wp\/v2\/users\/1"}],"replies":[{"embeddable":true,"href":"https:\/\/ekonomievreni.com\/index.php?rest_route=%2Fwp%2Fv2%2Fcomments&post=3340"}],"version-history":[{"count":1,"href":"https:\/\/ekonomievreni.com\/index.php?rest_route=\/wp\/v2\/posts\/3340\/revisions"}],"predecessor-version":[{"id":3342,"href":"https:\/\/ekonomievreni.com\/index.php?rest_route=\/wp\/v2\/posts\/3340\/revisions\/3342"}],"wp:featuredmedia":[{"embeddable":true,"href":"https:\/\/ekonomievreni.com\/index.php?rest_route=\/wp\/v2\/media\/3341"}],"wp:attachment":[{"href":"https:\/\/ekonomievreni.com\/index.php?rest_route=%2Fwp%2Fv2%2Fmedia&parent=3340"}],"wp:term":[{"taxonomy":"category","embeddable":true,"href":"https:\/\/ekonomievreni.com\/index.php?rest_route=%2Fwp%2Fv2%2Fcategories&post=3340"},{"taxonomy":"post_tag","embeddable":true,"href":"https:\/\/ekonomievreni.com\/index.php?rest_route=%2Fwp%2Fv2%2Ftags&post=3340"}],"curies":[{"name":"wp","href":"https:\/\/api.w.org\/{rel}","templated":true}]}}