{"id":3337,"date":"2026-03-23T01:01:18","date_gmt":"2026-03-22T22:01:18","guid":{"rendered":"https:\/\/ekonomievreni.com\/?p=3337"},"modified":"2026-03-23T01:01:19","modified_gmt":"2026-03-22T22:01:19","slug":"baskan-sadi-ozdemirden-ucge-sirketler-grubuna-inovasyon-ziyareti","status":"publish","type":"post","link":"https:\/\/ekonomievreni.com\/?p=3337","title":{"rendered":"Ba\u015fkan \u015eadi \u00d6zdemir\u2019den \u00dc\u00e7ge \u015eirketler Grubu\u2019na inovasyon ziyareti"},"content":{"rendered":"\n<p class=\"cf7a747987be32b5western\" style=\"text-align:start\"><span style=\"font-size:16px\"><span style=\"color:#1a1a1a\"><span style=\", Arial, sans-serif\"><span style=\"font-style:normal\"><span><span style=\"font-weight:400\"><span style=\"white-space:normal\"><span style=\"background-color:#ffffff\"><span><span><span><span style=\"font-size:medium\"><span style=\", times\"><font face=\"Times New Roman, Times, serif\"><font size=\"3\"><b>Nil\u00fcfer Belediye Ba\u015fkan\u0131 \u015eadi \u00d6zdemir, \u00dc\u00e7ge \u015eirketler Grubu\u2019nu ziyaret ederek firman\u0131n yeni nesil geri d\u00f6n\u00fc\u015f\u00fcm projeleri ve \u00e7evreci inovasyon \u00e7al\u0131\u015fmalar\u0131n\u0131 yerinde inceledi.<\/b><\/font><\/font><\/span><\/span><\/span><\/span><\/span><\/span><\/span><\/span><\/span><\/span><\/span><\/span><\/span><\/p>\n<p class=\"cf7a747987be32b5western\" style=\"text-align:start\"><span style=\"font-size:16px\"><span style=\"color:#1a1a1a\"><span style=\", Arial, sans-serif\"><span style=\"font-style:normal\"><span><span style=\"font-weight:400\"><span style=\"white-space:normal\"><span style=\"background-color:#ffffff\"><span><span><span><span style=\"font-size:medium\"><span style=\", times\"><font face=\"Times New Roman, Times, serif\"><font size=\"3\">Nil\u00fcfer Belediye Ba\u015fkan\u0131 \u015eadi \u00d6zdemir, kentte do\u011fay\u0131 koruyan ve s\u00fcrd\u00fcr\u00fclebilirli\u011fi destekleyen \u00e7al\u0131\u015fmalar\u0131 yak\u0131ndan takip etmeye devam ediyor. Bu kapsamda Ba\u015fkan \u015eadi \u00d6zdemir, Nil\u00fcfer Belediye Ba\u015fkan Yard\u0131mc\u0131s\u0131 Zerrin G\u00fcle\u015f ile birlikte \u00dc\u00e7ge \u015eirketler Grubu\u2019na bir ziyaret ger\u00e7ekle\u015ftirdi.<\/font><\/font><\/span><\/span><\/span><\/span><\/span><\/span><\/span><\/span><\/span><\/span><\/span><\/span><\/span><\/p>\n<p class=\"cf7a747987be32b5western\" style=\"text-align:start\"><span style=\"font-size:16px\"><span style=\"color:#1a1a1a\"><span style=\", Arial, sans-serif\"><span style=\"font-style:normal\"><span><span style=\"font-weight:400\"><span style=\"white-space:normal\"><span style=\"background-color:#ffffff\"><span><span><span><span style=\"font-size:medium\"><span style=\", times\"><font face=\"Times New Roman, Times, serif\"><font size=\"3\">Ziyaret kapsam\u0131nda \u00dc\u00e7ge \u015eirketler Grubu Y\u00f6netim Kurulu Ba\u015fkanlar\u0131 Damla Aras ve Can Aras ile bir araya gelen Ba\u015fkan \u015eadi \u00d6zdemir, firman\u0131n geli\u015ftirdi\u011fi \u00e7evre dostu teknolojiler hakk\u0131nda detayl\u0131 bilgi ald\u0131. G\u00f6r\u00fc\u015fmede, yeni nesil geri d\u00f6n\u00fc\u015f\u00fcm ara\u00e7lar\u0131 incelenirken, do\u011fay\u0131 koruyan teknolojilerin modern \u015fehircilik anlay\u0131\u015f\u0131yla nas\u0131l bulu\u015fturulabilece\u011fi \u00fczerine fikir al\u0131\u015fveri\u015finde bulunuldu. Ayr\u0131ca bu t\u00fcr yenilik\u00e7i projelerin kent ya\u015fam\u0131na ve \u00e7evreye kataca\u011f\u0131 de\u011ferler ele al\u0131nd\u0131.<\/font><\/font><\/span><\/span><\/span><\/span><\/span><\/span><\/span><\/span><\/span><\/span><\/span><\/span><\/span><\/p>\n<p class=\"cf7a747987be32b5western\" style=\"text-align:start\"><span style=\"font-size:16px\"><span style=\"color:#1a1a1a\"><span style=\", Arial, sans-serif\"><span style=\"font-style:normal\"><span><span style=\"font-weight:400\"><span style=\"white-space:normal\"><span style=\"background-color:#ffffff\"><span><span><span><span style=\"font-size:medium\"><span style=\", times\">\u201c<font face=\"Times New Roman, Times, serif\"><font size=\"3\"><b>YE\u015e\u0130L VE YA\u015eANAB\u0130L\u0130R B\u0130R N\u0130L\u00dcFER \u0130\u00c7\u0130N \u00c7ALI\u015eMAYA DEVAM EDECE\u011e\u0130Z\u201d<\/b><\/font><\/font><\/span><\/span><\/span><\/span><\/span><\/span><\/span><\/span><\/span><\/span><\/span><\/span><\/span><\/p>\n<p class=\"cf7a747987be32b5western\" style=\"text-align:start\"><span style=\"font-size:16px\"><span style=\"color:#1a1a1a\"><span style=\", Arial, sans-serif\"><span style=\"font-style:normal\"><span><span style=\"font-weight:400\"><span style=\"white-space:normal\"><span style=\"background-color:#ffffff\"><span><span><span><span style=\"font-size:medium\"><span style=\", times\"><font face=\"Times New Roman, Times, serif\"><font size=\"3\">Ziyaretin ard\u0131ndan g\u00f6r\u00fc\u015fmeye ili\u015fkin de\u011ferlendirmelerde bulunan Nil\u00fcfer Belediye Ba\u015fkan\u0131 \u015eadi \u00d6zdemir, \u00e7evreci projelere verdikleri \u00f6nemi vurgulad\u0131. Kentteki t\u00fcm payda\u015flarla i\u015f birli\u011fi i\u00e7inde olduklar\u0131n\u0131 belirten Ba\u015fkan \u015eadi \u00d6zdemir, \u201cTemiz, ye\u015fil ve ya\u015fanabilir Nil\u00fcfer kimli\u011fimizi g\u00fc\u00e7lendirecek ad\u0131mlar\u0131 desteklemeye, t\u00fcm payda\u015flarla birlikte \u00e7al\u0131\u015fmaya devam edece\u011fiz\u201d dedi.<\/font><\/font><\/span><\/span><\/span><\/span><\/span><\/span><\/span><\/span><\/span><\/span><\/span><\/span><\/span><\/p>\n<p class=\"cf7a747987be32b5western\" style=\"text-align:start\">Kaynak: (BYZHA) Beyaz Haber Ajans\u0131<\/p>\n","protected":false},"excerpt":{"rendered":"<p>Nil\u00fcfer Belediye Ba\u015fkan\u0131 \u015eadi \u00d6zdemir, \u00dc\u00e7ge \u015eirketler Grubu\u2019nu ziyaret ederek firman\u0131n yeni nesil geri d\u00f6n\u00fc\u015f\u00fcm projeleri ve \u00e7evreci inovasyon \u00e7al\u0131\u015fmalar\u0131n\u0131 yerinde inceledi.<\/p>\n","protected":false},"author":1,"featured_media":3338,"comment_status":"open","ping_status":"open","sticky":false,"template":"","format":"standard","meta":{"footnotes":""},"categories":[30],"tags":[],"class_list":["post-3337","post","type-post","status-publish","format-standard","has-post-thumbnail","hentry","category-ekonomi"],"_links":{"self":[{"href":"https:\/\/ekonomievreni.com\/index.php?rest_route=\/wp\/v2\/posts\/3337","targetHints":{"allow":["GET"]}}],"collection":[{"href":"https:\/\/ekonomievreni.com\/index.php?rest_route=\/wp\/v2\/posts"}],"about":[{"href":"https:\/\/ekonomievreni.com\/index.php?rest_route=\/wp\/v2\/types\/post"}],"author":[{"embeddable":true,"href":"https:\/\/ekonomievreni.com\/index.php?rest_route=\/wp\/v2\/users\/1"}],"replies":[{"embeddable":true,"href":"https:\/\/ekonomievreni.com\/index.php?rest_route=%2Fwp%2Fv2%2Fcomments&post=3337"}],"version-history":[{"count":1,"href":"https:\/\/ekonomievreni.com\/index.php?rest_route=\/wp\/v2\/posts\/3337\/revisions"}],"predecessor-version":[{"id":3339,"href":"https:\/\/ekonomievreni.com\/index.php?rest_route=\/wp\/v2\/posts\/3337\/revisions\/3339"}],"wp:featuredmedia":[{"embeddable":true,"href":"https:\/\/ekonomievreni.com\/index.php?rest_route=\/wp\/v2\/media\/3338"}],"wp:attachment":[{"href":"https:\/\/ekonomievreni.com\/index.php?rest_route=%2Fwp%2Fv2%2Fmedia&parent=3337"}],"wp:term":[{"taxonomy":"category","embeddable":true,"href":"https:\/\/ekonomievreni.com\/index.php?rest_route=%2Fwp%2Fv2%2Fcategories&post=3337"},{"taxonomy":"post_tag","embeddable":true,"href":"https:\/\/ekonomievreni.com\/index.php?rest_route=%2Fwp%2Fv2%2Ftags&post=3337"}],"curies":[{"name":"wp","href":"https:\/\/api.w.org\/{rel}","templated":true}]}}