{"id":3325,"date":"2026-03-19T13:36:40","date_gmt":"2026-03-19T10:36:40","guid":{"rendered":"https:\/\/ekonomievreni.com\/?p=3325"},"modified":"2026-03-19T13:36:41","modified_gmt":"2026-03-19T10:36:41","slug":"mutlu-bir-agiz-mutlu-bir-hayat","status":"publish","type":"post","link":"https:\/\/ekonomievreni.com\/?p=3325","title":{"rendered":"\u2018Mutlu bir a\u011f\u0131z, mutlu bir hayat\u2019"},"content":{"rendered":"<p> \u00dcsk\u00fcdar \u00dcniversitesi Di\u015f Hastanesi \u00c7ocuk Di\u015f Hekimli\u011fi Ana Bilim Dal\u0131 Dr. \u00d6\u011fr. \u00dcyesi Buse Y\u0131lmaz \u015een ile \u00dcsk\u00fcdar \u00dcniversitesi Di\u015f Hastanesi Periodontoloji Uzman\u0131 Dr. \u00d6\u011fr. \u00dcyesi Sedanur Yavuz, D\u00fcnya Di\u015f Hekimleri Birli\u011fi taraf\u0131ndan bu y\u0131l ki temas\u0131 \u2018Mutlu bir a\u011f\u0131z, mutlu bir hayat\u2019 olarak belirlenen 20 Mart D\u00fcnya A\u011f\u0131z Sa\u011fl\u0131\u011f\u0131 G\u00fcn\u00fc kapsam\u0131nda, t\u00fcm ya\u015fam boyunca korunmas\u0131 gereken al\u0131\u015fkanl\u0131klar ve farkl\u0131 ya\u015f d\u00f6nemlerine g\u00f6re dikkat edilmesi gereken noktalar hakk\u0131nda bilgi verdi.<\/p>\n<p><strong>S\u00fct di\u015fleri, kal\u0131c\u0131 di\u015fler ve geli\u015fim i\u00e7in \u00f6nemli!\u00a0<\/strong><\/p>\n<p>S\u00fct di\u015flerinin sa\u011fl\u0131\u011f\u0131 neden \u00f6nemli oldu\u011fu konusuna de\u011finen Dr. \u00d6\u011fr. \u00dcyesi Buse Y\u0131lmaz \u015een, \u201cS\u00fct di\u015fleri 6. aydan ba\u015flayarak 12 ya\u015fa kadar a\u011f\u0131zda kal\u0131r.\u201d dedi.\u00a0<\/p>\n<p>Bu uzun zaman aral\u0131\u011f\u0131nda s\u00fct di\u015flerinin pek \u00e7ok farkl\u0131 konuda bireye hizmet etti\u011fini ifade eden Dr. \u00d6\u011fr. \u00dcyesi \u015een, \u201cG\u0131dalar\u0131n \u00e7i\u011fnenmesini sa\u011flayarak \u00e7ocu\u011fun beslenmesini ve b\u00fcy\u00fcmesini destekler. Kal\u0131c\u0131 di\u015fler i\u00e7in yer tutar, onlar\u0131n do\u011fru pozisyonda \u00e7\u0131kmas\u0131n\u0131 sa\u011flar. Konu\u015fma geli\u015fimini destekler, seslerin do\u011fru telaffuzuna yard\u0131mc\u0131 olur. \u00c7ene kemiklerinin ve dental ark\u0131n geli\u015fimini stim\u00fcle eder. Estetik g\u00f6r\u00fcn\u00fcm ve \u00e7ocu\u011fun \u00f6zg\u00fcvenini olumlu etkiler. S\u00fct di\u015flerinin erken kayb\u0131 kom\u015fu di\u015flerin devrilmesine dolay\u0131s\u0131yla alttaki daimi di\u015fin yerinde s\u00fcrememesine veya yanl\u0131\u015f pozisyonda s\u00fcrmesine neden olabilir.\u201d a\u00e7\u0131klamas\u0131n\u0131 yapt\u0131.\u00a0<\/p>\n<p><strong>Karyojenik g\u0131dalar, erken ya\u015fta s\u0131n\u0131rlanmal\u0131!<\/strong><\/p>\n<p>Do\u011fru beslenmenin k\u00fc\u00e7\u00fck ya\u015fta kazand\u0131r\u0131lmas\u0131n\u0131n \u00f6nemine vurgu yapan Dr. \u00d6\u011fr. \u00dcyesi Buse Y\u0131lmaz \u015een, \u201cKaryojenik g\u0131da tan\u0131m\u0131 iyi \u00f6\u011frenilmeli. Karyojenik g\u0131da; di\u015f \u00e7\u00fcr\u00fc\u011f\u00fcne yol a\u00e7abilen yiyecek ve i\u00e7eceklerin tamam\u0131n\u0131 ifade eder.\u201d dedi.<\/p>\n<p>Di\u015f \u00e7\u00fcr\u00fc\u011f\u00fcne yaln\u0131zca \u015fekerli g\u0131dalar\u0131n neden olmad\u0131\u011f\u0131n\u0131 hat\u0131rlatan Dr. \u00d6\u011fr. \u00dcyesi \u015een, \u201cKraker, cips, beyaz ekmek veya tuzlu kurabiye gibi ni\u015fastal\u0131 ve a\u011f\u0131zda kolay yap\u0131\u015fan g\u0131dalar da di\u015fler \u00fczerinde uzun s\u00fcre kalarak \u00e7\u00fcr\u00fck olu\u015fumuna katk\u0131da bulunabilir. Bu nedenle ara \u00f6\u011f\u00fcnlerde t\u00fcketilen bu t\u00fcr yiyeceklerin s\u0131kl\u0131\u011f\u0131n\u0131 azaltmak \u00f6nemlidir. Bunun yerine elma, havu\u00e7 gibi lifli g\u0131dalar tercih edilmesi hem a\u011f\u0131z temizli\u011fine yard\u0131mc\u0131 olur hem de di\u015flerin daha sa\u011fl\u0131kl\u0131 kalmas\u0131na katk\u0131 sa\u011flar. \u00c7ocu\u011fumuzu al\u0131koyam\u0131yorsak da t\u00fck\u00fcr\u00fck ak\u0131\u015f\u0131n\u0131n yo\u011fun oldu\u011fu ana \u00f6\u011f\u00fcnlerden sonra vermeli, g\u00fcn i\u00e7inde karyojenik g\u0131dalarla s\u0131k s\u0131k at\u0131\u015ft\u0131rmas\u0131na izin vermemeli b\u00f6ylece maruziyet s\u0131kl\u0131\u011f\u0131n\u0131 azaltmal\u0131y\u0131z.\u201d \u015feklinde konu\u015ftu.<\/p>\n<p><strong>Ergenlik d\u00f6neminde hormonal de\u011fi\u015fimler, di\u015f ve di\u015f eti sa\u011fl\u0131\u011f\u0131n\u0131 olumsuz etkiliyor!<\/strong><\/p>\n<p>Ergenlik d\u00f6neminde hormonal de\u011fi\u015fimler, \u00f6zellikle \u00f6strojen, progesteron ve testosteron seviyelerindeki art\u0131\u015f\u0131n, di\u015f ve di\u015f eti sa\u011fl\u0131\u011f\u0131n\u0131 olumsuz etkiledi\u011fini kaydeden Dr. \u00d6\u011fr. \u00dcyesi Buse Y\u0131lmaz \u015een, s\u00f6zlerini \u015f\u00f6yle s\u00fcrd\u00fcrd\u00fc:<\/p>\n<p>\u201cBu de\u011fi\u015fiklikler di\u015f etlerini daha hassas hale getirerek iltihaplanma riskini art\u0131r\u0131r. Hormonlar di\u015f etlerindeki kan ak\u0131\u015f\u0131n\u0131 art\u0131r\u0131r, bu da plak ve bakterilere kar\u015f\u0131 anormal reaksiyonlara yol a\u00e7ar. Di\u015f etleri \u015fi\u015fer, k\u0131zar\u0131r, parlakla\u015f\u0131r ve kolay kanar; \u2018ergenlik gingiviti\u2019 olarak bilinen bu durum yayg\u0131nd\u0131r. Ergenlik d\u00f6neminde t\u00fck\u00fcr\u00fck ak\u0131\u015f\u0131 azalarak \u00e7\u00fcr\u00fck riskini y\u00fckseltir ve plak birikimini kolayla\u015ft\u0131r\u0131r. D\u00fczenli f\u0131r\u00e7alama, di\u015f ipi kullan\u0131m\u0131 ve profesyonel kontrollerle etkiler minimize edilebilir. Hormonal dalgalanmalar s\u0131ras\u0131nda a\u011f\u0131z hijyeni kritik \u00f6nem ta\u015f\u0131r.\u201d<\/p>\n<p><strong>Di\u015f ve \u00e7ene bozukluklar\u0131 erken d\u00fczeltilmeli!\u00a0<\/strong><\/p>\n<p>Di\u015f teli ve di\u011fer ortodontik tedavilerin zaman\u0131nda uygulanmas\u0131 gerekti\u011fini de hat\u0131rlatan\u00a0Dr. \u00d6\u011fr. \u00dcyesi Buse Y\u0131lmaz \u015een, \u201c\u00c7ocukluk d\u00f6neminde ortaya \u00e7\u0131kabilecek \u00e7ene ve di\u015f geli\u015fim bozukluklar\u0131n\u0131n erken d\u00f6nemde fark edilip d\u00fczeltilmesi a\u00e7\u0131s\u0131ndan \u00f6nem ta\u015f\u0131r. A\u011f\u0131z solunumu, uzun s\u00fcre emzik kullan\u0131m\u0131 veya parmak emme gibi al\u0131\u015fkanl\u0131klar di\u015flerin dizili\u015fini ve \u00e7ene geli\u015fimini olumsuz etkileyerek \u00e7apra\u015f\u0131kl\u0131klara yol a\u00e7abilir. Ayr\u0131ca s\u00fct di\u015flerinin erken kayb\u0131 sonucunda olu\u015fan di\u015fsiz bo\u015fluklar da di\u015flerin yer de\u011fi\u015ftirmesine ve ark yap\u0131s\u0131n\u0131n bozulmas\u0131na neden olabilir. Bu nedenle bu t\u00fcr durumlarda erken d\u00f6nemde uygulanan koruyucu veya \u00f6nleyici ortodontik tedaviler b\u00fcy\u00fck \u00f6nem ta\u015f\u0131r.\u201d<\/p>\n<p><strong>\u0130hmal edilen a\u011f\u0131z bak\u0131m\u0131, yeti\u015fkinlikte de di\u015f sorunlar\u0131na yol a\u00e7ar!<\/strong><\/p>\n<p>Dr. \u00d6\u011fr. \u00dcyesi Sedanur Yavuz ise yeti\u015fkinlik d\u00f6neminde a\u011f\u0131z bak\u0131m\u0131n\u0131n ihmal edilmesinin, d\u00fczensiz di\u015f hekimi kontrollerinin ve baz\u0131 sistemik fakt\u00f6rlerin \u00e7e\u015fitli di\u015f ve di\u015f eti problemlerinin ortaya \u00e7\u0131kmas\u0131na neden olabilece\u011fine dikkat \u00e7ekti.\u00a0<\/p>\n<p>Yeti\u015fkinlerde en s\u0131k kar\u015f\u0131la\u015f\u0131lan di\u015f sorunlar\u0131n\u0131 a\u00e7\u0131klayan Dr. \u00d6\u011fr. \u00dcyesi Yavuz, \u201cDi\u015f \u00e7\u00fcr\u00fckleri, di\u015f eti hastal\u0131klar\u0131, di\u015f eti \u00e7ekilmesi, di\u015f hassasiyeti, di\u015f a\u015f\u0131nmalar\u0131 ve a\u011f\u0131z kokusu (halitozis) s\u0131kl\u0131kla kar\u015f\u0131la\u015f\u0131lan sorunlar aras\u0131nda. A\u011f\u0131z ve di\u015f sa\u011fl\u0131\u011f\u0131m\u0131z\u0131 korumak i\u00e7in, di\u015fler g\u00fcnde en az iki kez do\u011fru teknikle f\u0131r\u00e7alanmal\u0131, di\u015f ipi veya ara y\u00fcz temizleyicileri d\u00fczenli kullan\u0131lmal\u0131, \u015fekerli ve asitli g\u0131dalar\u0131n t\u00fcketimi s\u0131n\u0131rland\u0131r\u0131lmal\u0131, en az 6 ayda bir di\u015f hekimi kontrol\u00fc yap\u0131lmal\u0131d\u0131r.\u201d dedi.<\/p>\n<p><strong>A\u011f\u0131z sa\u011fl\u0131\u011f\u0131, bak\u0131m kadar hormon, stres ve beslenmeyle de ilgili!<\/strong><\/p>\n<p>A\u011f\u0131z ve di\u015f sa\u011fl\u0131\u011f\u0131n\u0131n, yaln\u0131zca a\u011f\u0131z bak\u0131m al\u0131\u015fkanl\u0131klar\u0131yla de\u011fil; hormonal de\u011fi\u015fimler, psikolojik durum ve beslenme d\u00fczeni gibi bir\u00e7ok fakt\u00f6rle yak\u0131ndan ili\u015fkili oldu\u011funa i\u015faret eden Dr. \u00d6\u011fr. \u00dcyesi Sedanur Yavuz, \u015funlar\u0131 s\u00f6yledi:<\/p>\n<p>\u201c\u00d6zellikle hamilelik d\u00f6nemi, yo\u011fun stres ve dengesiz beslenme al\u0131\u015fkanl\u0131klar\u0131 a\u011f\u0131z sa\u011fl\u0131\u011f\u0131n\u0131 do\u011frudan etkileyebilen \u00f6nemli etkenler aras\u0131nda yer al\u0131r.<\/p>\n<p>Hamilelik d\u00f6neminde v\u00fccutta meydana gelen hormonal de\u011fi\u015fiklikler di\u015f eti dokular\u0131n\u0131 daha hassas hale getirebilir. Mide bulant\u0131s\u0131 ve kusma gibi durumlar da a\u011f\u0131z i\u00e7i asit seviyesini art\u0131rarak di\u015f minesinde a\u015f\u0131nmaya neden olabilir.\u00a0<\/p>\n<p>Yo\u011fun stres, a\u011f\u0131z ve di\u015f sa\u011fl\u0131\u011f\u0131n\u0131 hem do\u011frudan hem de dolayl\u0131 olarak etkileyebilir. Stres alt\u0131nda baz\u0131 bireylerde di\u015f s\u0131kma ve g\u0131c\u0131rdatma (bruksizm) al\u0131\u015fkanl\u0131\u011f\u0131 geli\u015febilir. Bu durum di\u015flerde a\u015f\u0131nmaya, \u00e7ene ekleminde a\u011fr\u0131ya ve ba\u015f a\u011fr\u0131lar\u0131na yol a\u00e7abilir. Ayr\u0131ca stres, ba\u011f\u0131\u015f\u0131kl\u0131k sistemini zay\u0131flatarak di\u015f eti hastal\u0131klar\u0131na yatk\u0131nl\u0131\u011f\u0131 art\u0131rabilir. Stresli d\u00f6nemlerde a\u011f\u0131z bak\u0131m\u0131n\u0131n ihmal edilmesi ve d\u00fczensiz beslenme al\u0131\u015fkanl\u0131klar\u0131 da a\u011f\u0131z sa\u011fl\u0131\u011f\u0131n\u0131 olumsuz etkileyen fakt\u00f6rler aras\u0131nda yer al\u0131r.<\/p>\n<p>Beslenme d\u00fczeni a\u011f\u0131z ve di\u015f sa\u011fl\u0131\u011f\u0131n\u0131n korunmas\u0131nda \u00f6nemli bir rol oynar. \u00d6zellikle \u015fekerli ve rafine karbonhidrat i\u00e7eren g\u0131dalar\u0131n s\u0131k t\u00fcketilmesi, a\u011f\u0131z i\u00e7indeki bakterilerin asit \u00fcretimini art\u0131rarak di\u015f \u00e7\u00fcr\u00fc\u011f\u00fc olu\u015fumuna zemin haz\u0131rlar. Buna kar\u015f\u0131l\u0131k; kalsiyum, fosfor ve vitamin a\u00e7\u0131s\u0131ndan zengin besinler di\u015f ve kemik dokusunun sa\u011fl\u0131\u011f\u0131n\u0131 destekler. S\u00fct ve s\u00fct \u00fcr\u00fcnleri, ye\u015fil yaprakl\u0131 sebzeler, bal\u0131k ve kuruyemi\u015fler di\u015f sa\u011fl\u0131\u011f\u0131 a\u00e7\u0131s\u0131ndan faydal\u0131 besinler aras\u0131nda yer al\u0131r. Ayr\u0131ca yeterli su t\u00fcketimi a\u011f\u0131z i\u00e7i temizli\u011fin desteklenmesine ve t\u00fck\u00fcr\u00fck \u00fcretiminin artmas\u0131na yard\u0131mc\u0131 olur.\u201d<\/p>\n<p><strong>A\u011f\u0131z ve di\u015f sa\u011fl\u0131\u011f\u0131n\u0131n korunmas\u0131, ya\u015fam\u0131n her d\u00f6neminde b\u00fcy\u00fck \u00f6nem ta\u015f\u0131r!<\/strong><\/p>\n<p>Ya\u015flanma s\u00fcrecinin, v\u00fccudun bir\u00e7ok sisteminde oldu\u011fu gibi a\u011f\u0131z ve di\u015f sa\u011fl\u0131\u011f\u0131nda da \u00e7e\u015fitli de\u011fi\u015fikliklere neden olabilece\u011fini aktaran Dr. \u00d6\u011fr. \u00dcyesi Sedanur Yavuz, \u201c\u0130leri ya\u015flarda di\u015f kayb\u0131, a\u011f\u0131z kurulu\u011fu ve protez kullan\u0131m\u0131 daha s\u0131k g\u00f6r\u00fcl\u00fcr. Bunun temel nedeni, y\u0131llar i\u00e7inde biriken a\u011f\u0131z sa\u011fl\u0131\u011f\u0131 problemleri, sistemik hastal\u0131klar ve kullan\u0131lan ila\u00e7lar\u0131n a\u011f\u0131z dokular\u0131 \u00fczerindeki etkileridir.\u201d dedi.<\/p>\n<p>Ya\u015fl\u0131l\u0131k d\u00f6neminde a\u011f\u0131z sa\u011fl\u0131\u011f\u0131n\u0131 korumak i\u00e7in \u00f6nerilerde bulunan Dr. \u00d6\u011fr. \u00dcyesi Yavuz, \u201cA\u011f\u0131z ve di\u015f sa\u011fl\u0131\u011f\u0131n\u0131n korunmas\u0131, ya\u015fam\u0131n her d\u00f6neminde oldu\u011fu gibi \u00f6zel fizyolojik veya ya\u015fam tarz\u0131 de\u011fi\u015fikliklerinin ya\u015fand\u0131\u011f\u0131 d\u00f6nemlerde de b\u00fcy\u00fck \u00f6nem ta\u015f\u0131r. Bu s\u00fcre\u00e7te a\u011f\u0131z bak\u0131m\u0131na \u00f6zen g\u00f6stermek, olas\u0131 di\u015f ve di\u015f eti problemlerinin \u00f6nlenmesine yard\u0131mc\u0131 olur. A\u011f\u0131z sa\u011fl\u0131\u011f\u0131n\u0131 korumak i\u00e7in; di\u015fler g\u00fcnde en az iki kez, uygun teknikle ve flor\u00fcr i\u00e7eren di\u015f macunu kullan\u0131larak f\u0131r\u00e7alanmal\u0131d\u0131r. Di\u015f f\u0131r\u00e7as\u0131n\u0131n ula\u015famad\u0131\u011f\u0131 b\u00f6lgelerde biriken plak ve g\u0131da art\u0131klar\u0131n\u0131n uzakla\u015ft\u0131r\u0131lmas\u0131 i\u00e7in di\u015f ipi veya ara y\u00fcz f\u0131r\u00e7alar\u0131 kullan\u0131lmal\u0131. \u015eekerli ve asitli g\u0131dalar\u0131n s\u0131k t\u00fcketiminden ka\u00e7\u0131n\u0131lmal\u0131. Su t\u00fcketimi a\u011f\u0131z i\u00e7inin nemli kalmas\u0131na yard\u0131mc\u0131 olur ve bakterilerin olu\u015fturdu\u011fu asitlerin etkisini azalt\u0131r. Olas\u0131 di\u015f ve di\u015f eti hastal\u0131klar\u0131n\u0131n erken d\u00f6nemde tespit edilebilmesi i\u00e7in d\u00fczenli di\u015f hekimi kontrolleri ihmal edilmemeli.\u201d ifadelerini kulland\u0131.<\/p>\n<p><strong>Do\u011fal di\u015fler ile protez ihtiyac\u0131 aras\u0131nda denge \u00f6nemli!<\/strong><\/p>\n<p>A\u011f\u0131z ve di\u015f sa\u011fl\u0131\u011f\u0131nda temel amac\u0131n, m\u00fcmk\u00fcn oldu\u011funca do\u011fal di\u015flerin korunmas\u0131 ve a\u011f\u0131z fonksiyonlar\u0131n\u0131n s\u00fcrd\u00fcr\u00fclebilir \u015fekilde devam ettirilmesi oldu\u011funun alt\u0131n\u0131 \u00e7izen Dr. \u00d6\u011fr. \u00dcyesi Sedanur Yavuz \u201cAncak \u00e7e\u015fitli nedenlerle di\u015f kayb\u0131 meydana geldi\u011finde, \u00e7i\u011fneme fonksiyonunun ve esteti\u011fin yeniden sa\u011flanabilmesi i\u00e7in di\u015f protezleri \u00f6nemli bir tedavi se\u00e7ene\u011fi olarak kar\u015f\u0131m\u0131za \u00e7\u0131kar.\u201d dedi.<\/p>\n<p>Bu nedenle tedavi planlamas\u0131nda do\u011fal di\u015flerin korunmas\u0131 ile protez kullan\u0131m\u0131n\u0131n gereklili\u011fi aras\u0131nda do\u011fru bir denge kurulmas\u0131n\u0131n b\u00fcy\u00fck \u00f6nem ta\u015f\u0131d\u0131\u011f\u0131n\u0131 vurgulayan Dr. \u00d6\u011fr. \u00dcyesi Yavuz, \u201cProtez tedavileri; hareketli protezler, sabit k\u00f6pr\u00fc protezleri veya implant destekli protezler \u015feklinde planlanabilir. Tedavi se\u00e7ene\u011fi belirlenirken hastan\u0131n a\u011f\u0131z i\u00e7i durumu, kemik yap\u0131s\u0131, mevcut di\u015flerin sa\u011fl\u0131\u011f\u0131 ve genel sa\u011fl\u0131k durumu dikkate al\u0131n\u0131r.\u201d a\u00e7\u0131klamas\u0131n\u0131 yapt\u0131.<\/p>\n<p><strong>A\u011f\u0131z sa\u011fl\u0131\u011f\u0131na g\u00f6sterilen \u00f6zen, sa\u011fl\u0131kl\u0131 ve mutlu bir ya\u015fam\u0131n anahtar\u0131!<\/strong><\/p>\n<p>Ya\u015fam boyu a\u011f\u0131z sa\u011fl\u0131\u011f\u0131n\u0131 korumak i\u00e7in temel \u00fc\u00e7 al\u0131\u015fkanl\u0131\u011f\u0131n d\u00fczenli ve do\u011fru a\u011f\u0131z bak\u0131m\u0131, dengeli ve sa\u011fl\u0131kl\u0131 beslenme ile d\u00fczenli di\u015f hekimi kontrolleri oldu\u011funu yineleyen Dr. \u00d6\u011fr. \u00dcyesi Sedanur Yavuz, s\u00f6zlerini \u015f\u00f6yle tamamlad\u0131:<\/p>\n<p>\u201cBu y\u0131l i\u00e7in belirlenen \u2018mutlu bir a\u011f\u0131z, mutlu bir hayat\u2019 temas\u0131; a\u011f\u0131z ve di\u015f sa\u011fl\u0131\u011f\u0131n\u0131n yaln\u0131zca estetik bir g\u00fcl\u00fc\u015ften ibaret olmad\u0131\u011f\u0131n\u0131, genel sa\u011fl\u0131\u011f\u0131n \u00f6nemli bir par\u00e7as\u0131 oldu\u011funu vurgular. Sa\u011fl\u0131kl\u0131 di\u015fler ve di\u015f etleri, do\u011fru beslenme, rahat konu\u015fma ve g\u00fc\u00e7l\u00fc bir ya\u015fam kalitesi i\u00e7in temel bir rol oynar. D\u00fczenli a\u011f\u0131z bak\u0131m\u0131 ve di\u015f hekimi kontrolleri sayesinde yaln\u0131zca a\u011f\u0131z hastal\u0131klar\u0131 de\u011fil, genel sa\u011fl\u0131k \u00fczerinde de olumlu bir etki sa\u011flanabilir. Bu nedenle a\u011f\u0131z sa\u011fl\u0131\u011f\u0131na g\u00f6sterilen \u00f6zen, daha sa\u011fl\u0131kl\u0131, konforlu ve mutlu bir ya\u015fam\u0131n \u00f6nemli bir ad\u0131m\u0131d\u0131r.\u201d<\/p>\n<p>\u00a0<\/p>\n<p>\u00a0<\/p>\n<p>Kaynak: (BYZHA) Beyaz Haber Ajans\u0131<\/p>\n","protected":false},"excerpt":{"rendered":"<p>\u00dcsk\u00fcdar \u00dcniversitesi Di\u015f Hastanesi \u00c7ocuk Di\u015f Hekimli\u011fi Ana Bilim Dal\u0131 Dr.<\/p>\n","protected":false},"author":1,"featured_media":3326,"comment_status":"open","ping_status":"open","sticky":false,"template":"","format":"standard","meta":{"footnotes":""},"categories":[31],"tags":[],"class_list":["post-3325","post","type-post","status-publish","format-standard","has-post-thumbnail","hentry","category-saglik"],"_links":{"self":[{"href":"https:\/\/ekonomievreni.com\/index.php?rest_route=\/wp\/v2\/posts\/3325","targetHints":{"allow":["GET"]}}],"collection":[{"href":"https:\/\/ekonomievreni.com\/index.php?rest_route=\/wp\/v2\/posts"}],"about":[{"href":"https:\/\/ekonomievreni.com\/index.php?rest_route=\/wp\/v2\/types\/post"}],"author":[{"embeddable":true,"href":"https:\/\/ekonomievreni.com\/index.php?rest_route=\/wp\/v2\/users\/1"}],"replies":[{"embeddable":true,"href":"https:\/\/ekonomievreni.com\/index.php?rest_route=%2Fwp%2Fv2%2Fcomments&post=3325"}],"version-history":[{"count":1,"href":"https:\/\/ekonomievreni.com\/index.php?rest_route=\/wp\/v2\/posts\/3325\/revisions"}],"predecessor-version":[{"id":3327,"href":"https:\/\/ekonomievreni.com\/index.php?rest_route=\/wp\/v2\/posts\/3325\/revisions\/3327"}],"wp:featuredmedia":[{"embeddable":true,"href":"https:\/\/ekonomievreni.com\/index.php?rest_route=\/wp\/v2\/media\/3326"}],"wp:attachment":[{"href":"https:\/\/ekonomievreni.com\/index.php?rest_route=%2Fwp%2Fv2%2Fmedia&parent=3325"}],"wp:term":[{"taxonomy":"category","embeddable":true,"href":"https:\/\/ekonomievreni.com\/index.php?rest_route=%2Fwp%2Fv2%2Fcategories&post=3325"},{"taxonomy":"post_tag","embeddable":true,"href":"https:\/\/ekonomievreni.com\/index.php?rest_route=%2Fwp%2Fv2%2Ftags&post=3325"}],"curies":[{"name":"wp","href":"https:\/\/api.w.org\/{rel}","templated":true}]}}