{"id":3319,"date":"2026-03-19T13:10:29","date_gmt":"2026-03-19T10:10:29","guid":{"rendered":"https:\/\/ekonomievreni.com\/?p=3319"},"modified":"2026-03-19T13:10:30","modified_gmt":"2026-03-19T10:10:30","slug":"sosyal-iliskiler-mutlulugun-anahtari-kabul-ediliyor","status":"publish","type":"post","link":"https:\/\/ekonomievreni.com\/?p=3319","title":{"rendered":"Sosyal ili\u015fkiler mutlulu\u011fun anahtar\u0131 kabul ediliyor"},"content":{"rendered":"\n<p style=\"margin-bottom:11px\"><span style=\"font-size:11pt\"><span style=\"line-height:107%\"><span style=\"font-family:Aptos,sans-serif\"><b><span style=\"font-size:12.0pt\"><span style=\"line-height:107%\"><span style=\",sans-serif\">Mutluluk ve iyi olu\u015fun k\u00fcresel \u00f6l\u00e7ekte yeniden d\u00fc\u015f\u00fcn\u00fcld\u00fc\u011f\u00fcn\u00fc belirten \u0130stanbul Atlas \u00dcniversitesi \u0130nsan ve Toplum Bilimleri Fak\u00fcltesi Psikoloji B\u00f6l\u00fcm\u00fc \u00d6\u011fretim \u00dcyesi, \u0130\u015f ve \u00d6rg\u00fct Psikolo\u011fu Dr. \u00d6\u011fr. \u00dcyesi \u00dclfet Uzunkoca, \u201cMutluluk art\u0131k yaln\u0131zca bireysel bir duygu de\u011fil; kamu politikalar\u0131n\u0131n ve kalk\u0131nma anlay\u0131\u015f\u0131n\u0131n merkezinde yer alan bir g\u00f6stergedir\u201d dedi.<\/span><\/span><\/span><\/b><\/span><\/span><\/span><\/p>\n<p style=\"margin-bottom:11px\"><span style=\"font-size:11pt\"><span style=\"line-height:107%\"><span style=\"font-family:Aptos,sans-serif\"><b><span style=\"font-size:12.0pt\"><span style=\"line-height:107%\"><span style=\",sans-serif\">Son y\u0131llarda mutluluk ara\u015ft\u0131rmalar\u0131nda \u00f6zellikle sosyal ili\u015fkilerin g\u00fcc\u00fc, toplumsal g\u00fcven, ekonomik e\u015fitsizlik ve dijital ya\u015fam\u0131n etkileri gibi konular\u0131n \u00f6ne \u00e7\u0131kt\u0131\u011f\u0131n\u0131 belirten Uzunkoca, \u201cAra\u015ft\u0131rmalar yaln\u0131zl\u0131k ve sosyal izolasyonun mutlulu\u011fu \u00f6nemli \u00f6l\u00e7\u00fcde d\u00fc\u015f\u00fcrd\u00fc\u011f\u00fcn\u00fc, toplumlarda g\u00fcven d\u00fczeyi y\u00fckseldik\u00e7e ortalama mutlulu\u011fun artt\u0131\u011f\u0131n\u0131 ve ekonomik e\u015fitsizliklerin y\u00fcksek oldu\u011fu toplumlarda mutluluk d\u00fczeylerinin daha d\u00fc\u015f\u00fck oldu\u011funu g\u00f6stermektedir\u201d dedi.<\/span><\/span><\/span><\/b><\/span><\/span><\/span><\/p>\n<p style=\"margin-bottom:11px\"><span style=\"font-size:11pt\"><span style=\"line-height:107%\"><span style=\"font-family:Aptos,sans-serif\"><span style=\"font-size:12.0pt\"><span style=\"line-height:107%\"><span style=\",sans-serif\">\u0130stanbul Atlas \u00dcniversitesi \u0130nsan ve Toplum Bilimleri Fak\u00fcltesi Psikoloji B\u00f6l\u00fcm\u00fc Dr. \u00d6\u011fr. \u00dcyesi, \u0130\u015f ve \u00d6rg\u00fct Psikolo\u011fu \u00dclfet Uzunkoca, 20 Mart D\u00fcnya Mutluluk G\u00fcn\u00fc dolay\u0131s\u0131yla yapt\u0131\u011f\u0131 de\u011ferlendirmede mutluluk kavram\u0131n\u0131n k\u00fcresel \u00f6l\u00e7ekte nas\u0131l ele al\u0131nd\u0131\u011f\u0131n\u0131, kalk\u0131nma anlay\u0131\u015f\u0131ndaki d\u00f6n\u00fc\u015f\u00fcm\u00fc ve mutluluk ara\u015ft\u0131rmalar\u0131n\u0131n temel dinamiklerini de\u011ferlendirdi.<\/span><\/span><\/span><\/span><\/span><\/span><\/p>\n<p style=\"margin-bottom:11px\"><span style=\"font-size:11pt\"><span style=\"line-height:107%\"><span style=\"font-family:Aptos,sans-serif\"><b><span style=\"font-size:12.0pt\"><span style=\"line-height:107%\"><span style=\",sans-serif\">Mutluluk, yaln\u0131zca bireysel bir deneyim de\u011fil<\/span><\/span><\/span><\/b><\/span><\/span><\/span><\/p>\n<p style=\"margin-bottom:11px\"><span style=\"font-size:11pt\"><span style=\"line-height:107%\"><span style=\"font-family:Aptos,sans-serif\"><span style=\"font-size:12.0pt\"><span style=\"line-height:107%\"><span style=\",sans-serif\">20 Mart\u2019\u0131n, Birle\u015fmi\u015f Milletler taraf\u0131ndan 2012 y\u0131l\u0131nda Uluslararas\u0131 Mutluluk G\u00fcn\u00fc olarak ilan edildi\u011fini hat\u0131rlatan Uzunkoca, \u201cBirle\u015fmi\u015f Milletler Genel Kurulu\u2019nun 66\/281 say\u0131l\u0131 karar\u0131yla kabul edilen bug\u00fcn, mutluluk ve iyi olu\u015fun insanlar\u0131n ya\u015fam\u0131nda evrensel bir hedef olarak g\u00f6r\u00fclmesi gerekti\u011fine dikkat \u00e7ekmektedir. Bu yakla\u015f\u0131m, mutlulu\u011fun yaln\u0131zca bireysel bir deneyim de\u011fil; ayn\u0131 zamanda kamu politikalar\u0131nda dikkate al\u0131nmas\u0131 gereken bir iyi olu\u015f g\u00f6stergesi oldu\u011funu vurgulamaktad\u0131r\u201d dedi.<\/span><\/span><\/span><\/span><\/span><\/span><\/p>\n<p style=\"margin-bottom:11px\"><span style=\"font-size:11pt\"><span style=\"line-height:107%\"><span style=\"font-family:Aptos,sans-serif\"><b><span style=\"font-size:12.0pt\"><span style=\"line-height:107%\"><span style=\",sans-serif\">Kalk\u0131nma anlay\u0131\u015f\u0131 de\u011fi\u015fiyor<\/span><\/span><\/span><\/b><\/span><\/span><\/span><\/p>\n<p style=\"margin-bottom:11px\"><span style=\"font-size:11pt\"><span style=\"line-height:107%\"><span style=\"font-family:Aptos,sans-serif\"><span style=\"font-size:12.0pt\"><span style=\"line-height:107%\"><span style=\",sans-serif\">D\u00fcnya Mutluluk G\u00fcn\u00fc\u2019n\u00fcn ortaya \u00e7\u0131k\u0131\u015f\u0131nda Bhutan\u2019da geli\u015ftirilen kalk\u0131nma yakla\u015f\u0131m\u0131n\u0131n etkili oldu\u011funu belirten Uzunkoca, \u201cBhutan, 1970\u2019li y\u0131llardan bu yana \u00fclkelerin ba\u015far\u0131s\u0131n\u0131n yaln\u0131zca Gayri Safi Yurti\u00e7i Has\u0131la (GSYH) ile \u00f6l\u00e7\u00fclmesinin yeterli olmad\u0131\u011f\u0131n\u0131 savunarak bunun yerine \u2018Gross National Hapiness &#8211; Ulusal Mutluluk\u2019 anlay\u0131\u015f\u0131n\u0131 \u00f6nermi\u015ftir. Bu yakla\u015f\u0131ma g\u00f6re, kalk\u0131nma yaln\u0131zca ekonomik b\u00fcy\u00fcmeyle de\u011fil, sosyal refah, \u00e7evresel s\u00fcrd\u00fcr\u00fclebilirlik ve psikolojik iyi olu\u015f gibi unsurlar\u0131n birlikte de\u011ferlendirilmesiyle anlam kazanmaktad\u0131r. Bu perspektif, \u00f6zellikle 2010\u2019lu y\u0131llardan itibaren uluslararas\u0131 politika tart\u0131\u015fmalar\u0131nda daha g\u00f6r\u00fcn\u00fcr h\u00e2le gelmi\u015ftir\u201d diye konu\u015ftu.<\/span><\/span><\/span><\/span><\/span><\/span><\/p>\n<p style=\"margin-bottom:11px\"><span style=\"font-size:11pt\"><span style=\"line-height:107%\"><span style=\"font-family:Aptos,sans-serif\"><b><span style=\"font-size:12.0pt\"><span style=\"line-height:107%\"><span style=\",sans-serif\">20 Mart\u2019\u0131n sembolik anlam\u0131<\/span><\/span><\/span><\/b><\/span><\/span><\/span><\/p>\n<p style=\"margin-bottom:11px\"><span style=\"font-size:11pt\"><span style=\"line-height:107%\"><span style=\"font-family:Aptos,sans-serif\"><span style=\"font-size:12.0pt\"><span style=\"line-height:107%\"><span style=\",sans-serif\">20 Mart tarihinin se\u00e7ilmesinin de sembolik bir anlam ta\u015f\u0131d\u0131\u011f\u0131n\u0131 ifade eden Uzunkoca, \u201cBu tarih, gece ve g\u00fcnd\u00fcz\u00fcn e\u015fit oldu\u011fu ilkbahar ekinoksuna denk gelmektedir. Ekinoksun temsil etti\u011fi denge fikri, refah\u0131n ve iyi olu\u015fun toplumlar aras\u0131nda dengeli bi\u00e7imde payla\u015f\u0131lmas\u0131 gerekti\u011fini hat\u0131rlatan g\u00fc\u00e7l\u00fc bir sembold\u00fcr\u201d dedi.<\/span><\/span><\/span><\/span><\/span><\/span><\/p>\n<p style=\"margin-bottom:11px\"><span style=\"font-size:11pt\"><span style=\"line-height:107%\"><span style=\"font-family:Aptos,sans-serif\"><b><span style=\"font-size:12.0pt\"><span style=\"line-height:107%\"><span style=\",sans-serif\">Mutluluk politikalar\u0131n merkezine al\u0131n\u0131yor<\/span><\/span><\/span><\/b><\/span><\/span><\/span><\/p>\n<p style=\"margin-bottom:11px\"><span style=\"font-size:11pt\"><span style=\"line-height:107%\"><span style=\"font-family:Aptos,sans-serif\"><span style=\"font-size:12.0pt\"><span style=\"line-height:107%\"><span style=\",sans-serif\">D\u00fcnya Mutluluk G\u00fcn\u00fc\u2019n\u00fcn temel amac\u0131n\u0131n mutlulu\u011fu kamu politikalar\u0131n\u0131n \u00f6nemli bir hedefi olarak tan\u0131mlamak oldu\u011funu belirten Uzunkoca, \u201cBu yakla\u015f\u0131m; ekonomik b\u00fcy\u00fcmenin yan\u0131 s\u0131ra iyi olu\u015f g\u00f6stergelerinin dikkate al\u0131nmas\u0131n\u0131, yoksullu\u011fun azalt\u0131lmas\u0131n\u0131, e\u015fitsizliklerin d\u00fc\u015f\u00fcr\u00fclmesini ve s\u00fcrd\u00fcr\u00fclebilir kalk\u0131nma ile psikolojik iyi olu\u015fun birlikte d\u00fc\u015f\u00fcn\u00fclmesini te\u015fvik etmektedir. Bu nedenle her y\u0131l bu tarihlerde World Happiness Report yay\u0131mlanarak k\u00fcresel \u00f6l\u00e7ekte iyi olu\u015f verileri analiz edilmektedir\u201d dedi.<\/span><\/span><\/span><\/span><\/span><\/span><\/p>\n<p style=\"margin-bottom:11px\"><span style=\"font-size:11pt\"><span style=\"line-height:107%\"><span style=\"font-family:Aptos,sans-serif\"><b><span style=\"font-size:12.0pt\"><span style=\"line-height:107%\"><span style=\",sans-serif\">2026\u2019n\u0131n temas\u0131: Sosyal medya ve mutluluk<\/span><\/span><\/span><\/b><\/span><\/span><\/span><\/p>\n<p style=\"margin-bottom:11px\"><span style=\"font-size:11pt\"><span style=\"line-height:107%\"><span style=\"font-family:Aptos,sans-serif\"><span style=\"font-size:12.0pt\"><span style=\"line-height:107%\"><span style=\",sans-serif\">Bu y\u0131l\u0131n temas\u0131n\u0131n \u201csosyal medya ve mutluluk\u201d olarak belirlendi\u011fini ifade eden Uzunkoca, \u201cBu tema, dijital etkile\u015fimlerin mutluluk ve iyi olu\u015fla ili\u015fkisini g\u00fcndeme ta\u015f\u0131makta; sosyal medyan\u0131n hem yaratabilece\u011fi zorluklara hem de daha yap\u0131c\u0131, daha bilin\u00e7li ve daha olumlu kullan\u0131m bi\u00e7imlerine dikkat \u00e7ekmektedir. Ayn\u0131 zamanda \u00e7evrim i\u00e7i ortamda kurulan ili\u015fkilerde g\u00f6sterilen \u00f6zenin, kullan\u0131lan dilin ve yap\u0131lan tercihlerin bireysel ve toplumsal d\u00fczeyde fark yaratabilece\u011fine i\u015faret etmektedir. Bu y\u00f6n\u00fcyle tema, daha mutlu ve daha nazik bir sosyal ortam\u0131n yaln\u0131zca y\u00fcz y\u00fcze de\u011fil, dijital d\u00fcnyada da birlikte in\u015fa edilebilece\u011fini vurgulamaktad\u0131r\u201d diye konu\u015ftu.<\/span><\/span><\/span><\/span><\/span><\/span><\/p>\n<p style=\"margin-bottom:11px\"><span style=\"font-size:11pt\"><span style=\"line-height:107%\"><span style=\"font-family:Aptos,sans-serif\"><b><span style=\"font-size:12.0pt\"><span style=\"line-height:107%\"><span style=\",sans-serif\">Mutluluk \u00f6l\u00e7\u00fclebilir bir kavram<\/span><\/span><\/span><\/b><\/span><\/span><\/span><\/p>\n<p style=\"margin-bottom:11px\"><span style=\"font-size:11pt\"><span style=\"line-height:107%\"><span style=\"font-family:Aptos,sans-serif\"><span style=\"font-size:12.0pt\"><span style=\"line-height:107%\"><span style=\",sans-serif\">D\u00fcnya Mutluluk Raporu\u2019nun bilimsel verilere dayand\u0131\u011f\u0131n\u0131 belirten Dr. \u00d6\u011fr. \u00dcyesi \u00dclfet Uzunkoca, \u201cD\u00fcnya Mutluluk Raporu, Oxford \u00dcniversitesi b\u00fcnyesindeki \u0130yi Olu\u015f Ara\u015ft\u0131rma Merkezi (Wellbeing Research Centre) taraf\u0131ndan, Gallup, Birle\u015fmi\u015f Milletler S\u00fcrd\u00fcr\u00fclebilir Kalk\u0131nma \u00c7\u00f6z\u00fcmleri A\u011f\u0131 (UN Sustainable Development Solutions Network) ve ba\u011f\u0131ms\u0131z bir edit\u00f6r kurulu ile i\u015f birli\u011fi i\u00e7inde yay\u0131mlanmaktad\u0131r. Raporda b\u00fcy\u00fck \u00f6l\u00e7\u00fcde Gallup World Poll verileri kullan\u0131lmakta ve 150\u2019den fazla \u00fclkeden veri toplanmaktad\u0131r. Mutluluk \u00f6l\u00e7\u00fcm\u00fcnde temel olarak \u2018Cantril Merdiveni\u2019 ad\u0131 verilen ya\u015fam de\u011ferlendirme sorusu kullan\u0131lmaktad\u0131r. Bireylerden ya\u015famlar\u0131n\u0131 0 ile 10 aras\u0131nda bir merdivende de\u011ferlendirmeleri istenmektedir\u201d dedi.<\/span><\/span><\/span><\/span><\/span><\/span><\/p>\n<p style=\"margin-bottom:11px\"><span style=\"font-size:11pt\"><span style=\"line-height:107%\"><span style=\"font-family:Aptos,sans-serif\"><b><span style=\"font-size:12.0pt\"><span style=\"line-height:107%\"><span style=\",sans-serif\">Alt\u0131 temel de\u011fi\u015fken belirleyici oluyor<\/span><\/span><\/span><\/b><\/span><\/span><\/span><\/p>\n<p style=\"margin-bottom:11px\"><span style=\"font-size:11pt\"><span style=\"line-height:107%\"><span style=\"font-family:Aptos,sans-serif\"><span style=\"font-size:12.0pt\"><span style=\"line-height:107%\"><span style=\",sans-serif\">Mutluluk d\u00fczeylerini a\u00e7\u0131klamada alt\u0131 temel de\u011fi\u015fkenin \u00f6ne \u00e7\u0131kt\u0131\u011f\u0131n\u0131 ifade eden Uzunkoca, \u201cKi\u015fi ba\u015f\u0131na d\u00fc\u015fen gelir, sosyal destek, sa\u011fl\u0131kl\u0131 ya\u015fam beklentisi, hayat se\u00e7imlerinde \u00f6zg\u00fcrl\u00fck, c\u00f6mertlik ve yolsuzluk alg\u0131s\u0131 mutlulu\u011fu belirleyen temel fakt\u00f6rler aras\u0131nda yer almaktad\u0131r. \u00d6zellikle sosyal destek, bireylerin zor zamanlarda g\u00fcvenebilecekleri birinin varl\u0131\u011f\u0131 a\u00e7\u0131s\u0131ndan mutluluk \u00fczerinde g\u00fc\u00e7l\u00fc bir etkiye sahiptir\u201d dedi.<\/span><\/span><\/span><\/span><\/span><\/span><\/p>\n<p style=\"margin-bottom:11px\"><span style=\"font-size:11pt\"><span style=\"line-height:107%\"><span style=\"font-family:Aptos,sans-serif\"><b><span style=\"font-size:12.0pt\"><span style=\"line-height:107%\"><span style=\",sans-serif\">Kalk\u0131nma anlay\u0131\u015f\u0131nda yeni perspektif <\/span><\/span><\/span><\/b><\/span><\/span><\/span><\/p>\n<p style=\"margin-bottom:11px\"><span style=\"font-size:11pt\"><span style=\"line-height:107%\"><span style=\"font-family:Aptos,sans-serif\"><span style=\"font-size:12.0pt\"><span style=\"line-height:107%\"><span style=\",sans-serif\">Psikoloji a\u00e7\u0131s\u0131ndan bak\u0131ld\u0131\u011f\u0131nda D\u00fcnya Mutluluk G\u00fcn\u00fc\u2019n\u00fcn \u00f6nemli bir paradigma de\u011fi\u015fimini de temsil etti\u011fini kaydeden Dr. \u00d6\u011fr. \u00dcyesi \u00dclfet Uzunkoca, \u201cUzun s\u00fcre kalk\u0131nma anlay\u0131\u015f\u0131nda \u2018ekonomik b\u00fcy\u00fcme \u2192 iyi olu\u015f\u2019 \u015feklinde kurulan ili\u015fki, giderek \u2018iyi olu\u015f \u2192 s\u00fcrd\u00fcr\u00fclebilir toplum\u2019 perspektifiyle yeniden d\u00fc\u015f\u00fcn\u00fclmeye ba\u015flanm\u0131\u015ft\u0131r. Bu yakla\u015f\u0131m mutlulu\u011fun yaln\u0131zca bireysel bir duygu olarak de\u011fil, ayn\u0131 zamanda kamu politikalar\u0131, ekonomi ve sosyal geli\u015fim a\u00e7\u0131s\u0131ndan \u00f6nemli bir g\u00f6sterge olarak ele al\u0131nmas\u0131na katk\u0131 sa\u011flamaktad\u0131r\u201d dedi.<\/span><\/span><\/span><\/span><\/span><\/span><\/p>\n<p style=\"margin-bottom:11px\"><span style=\"font-size:11pt\"><span style=\"line-height:107%\"><span style=\"font-family:Aptos,sans-serif\"><b><span style=\"font-size:12.0pt\"><span style=\"line-height:107%\"><span style=\",sans-serif\">Sosyal ili\u015fkiler mutlulu\u011fun anahtar\u0131<\/span><\/span><\/span><\/b><\/span><\/span><\/span><\/p>\n<p style=\"margin-bottom:11px\"><span style=\"font-size:11pt\"><span style=\"line-height:107%\"><span style=\"font-family:Aptos,sans-serif\"><span style=\"font-size:12.0pt\"><span style=\"line-height:107%\"><span style=\",sans-serif\">Son y\u0131llarda mutluluk ara\u015ft\u0131rmalar\u0131nda \u00f6zellikle sosyal ili\u015fkilerin g\u00fcc\u00fc, toplumsal g\u00fcven, ekonomik e\u015fitsizlik ve dijital ya\u015fam\u0131n etkileri gibi konular \u00f6ne \u00e7\u0131kt\u0131\u011f\u0131n\u0131 belirten Uzunkoca, \u201cAra\u015ft\u0131rmalar yaln\u0131zl\u0131k ve sosyal izolasyonun mutlulu\u011fu \u00f6nemli \u00f6l\u00e7\u00fcde d\u00fc\u015f\u00fcrd\u00fc\u011f\u00fcn\u00fc, toplumlarda g\u00fcven d\u00fczeyi y\u00fckseldik\u00e7e ortalama mutlulu\u011fun artt\u0131\u011f\u0131n\u0131 ve ekonomik e\u015fitsizliklerin y\u00fcksek oldu\u011fu toplumlarda mutluluk d\u00fczeylerinin daha d\u00fc\u015f\u00fck oldu\u011funu g\u00f6stermektedir. Ayr\u0131ca \u00f6zellikle gen\u00e7 ku\u015faklarda sosyal medya kullan\u0131m\u0131 ile iyi olu\u015f aras\u0131ndaki ili\u015fki de giderek daha fazla ara\u015ft\u0131r\u0131lan bir alan haline gelmi\u015ftir\u201d diye konu\u015ftu.<\/span><\/span><\/span><\/span><\/span><\/span><\/p>\n<p style=\"margin-bottom:11px\"><span style=\"font-size:11pt\"><span style=\"line-height:107%\"><span style=\"font-family:Aptos,sans-serif\"><b><span style=\"font-size:12.0pt\"><span style=\"line-height:107%\"><span style=\",sans-serif\">En mutlu \u00fclkeler neden \u00f6nde?<\/span><\/span><\/span><\/b><\/span><\/span><\/span><\/p>\n<p style=\"margin-bottom:11px\"><span style=\"font-size:11pt\"><span style=\"line-height:107%\"><span style=\"font-family:Aptos,sans-serif\"><span style=\"font-size:12.0pt\"><span style=\"line-height:107%\"><span style=\",sans-serif\">D\u00fcnya mutluluk s\u0131ralamalar\u0131nda belirli \u00fclkelerin \u00f6ne \u00e7\u0131kt\u0131\u011f\u0131n\u0131 ifade eden Uzunkoca, \u201cFinlandiya, Danimarka, \u0130zlanda, \u0130sve\u00e7 ve Hollanda gibi \u00fclkeler genellikle ilk s\u0131ralarda yer almaktad\u0131r. Bu durumun arkas\u0131nda g\u00fc\u00e7l\u00fc sosyal g\u00fcvenlik sistemleri, y\u00fcksek toplumsal g\u00fcven ve dengeli i\u015f-ya\u015fam ili\u015fkisi gibi fakt\u00f6rler bulunmaktad\u0131r\u201d dedi.<\/span><\/span><\/span><\/span><\/span><\/span><\/p>\n<p style=\"margin-bottom:11px\"><span style=\"font-size:11pt\"><span style=\"line-height:107%\"><span style=\"font-family:Aptos,sans-serif\"><b><span style=\"font-size:12.0pt\"><span style=\"line-height:107%\"><span style=\",sans-serif\">\u0130yi olu\u015f, s\u00fcrd\u00fcr\u00fclebilir toplumlar\u0131n anahtar\u0131<\/span><\/span><\/span><\/b><\/span><\/span><\/span><\/p>\n<p style=\"margin-bottom:11px\"><span style=\"font-size:11pt\"><span style=\"line-height:107%\"><span style=\"font-family:Aptos,sans-serif\"><span style=\"font-size:12.0pt\"><span style=\"line-height:107%\"><span style=\",sans-serif\">Psikoloji a\u00e7\u0131s\u0131ndan bu s\u00fcrecin \u00f6nemli bir paradigma de\u011fi\u015fimini temsil etti\u011fini vurgulayan Uzunkoca, \u201cUzun y\u0131llar \u2018ekonomik b\u00fcy\u00fcme iyi olu\u015fu getirir\u2019 anlay\u0131\u015f\u0131 h\u00e2kimdi. G\u00fcn\u00fcm\u00fczde ise \u2018iyi olu\u015f s\u00fcrd\u00fcr\u00fclebilir toplumlar\u0131 olu\u015fturur\u2019 yakla\u015f\u0131m\u0131 \u00f6ne \u00e7\u0131kmaktad\u0131r. Bu da mutlulu\u011fun yaln\u0131zca bireysel bir duygu de\u011fil; toplumsal geli\u015fimin temel g\u00f6stergelerinden biri oldu\u011funu ortaya koymaktad\u0131r\u201d dedi.<\/span><\/span><\/span><\/span><\/span><\/span><\/p>\n<p style=\"margin-bottom:11px\">\u00a0<\/p>\n<p style=\"margin-bottom:11px\">\u00a0<\/p>\n<p>Kaynak: (BYZHA) Beyaz Haber Ajans\u0131<\/p>\n","protected":false},"excerpt":{"rendered":"<p>Mutluluk ve iyi olu\u015fun k\u00fcresel \u00f6l\u00e7ekte yeniden d\u00fc\u015f\u00fcn\u00fcld\u00fc\u011f\u00fcn\u00fc belirten \u0130stanbul Atlas \u00dcniversitesi \u0130nsan ve Toplum Bilimleri Fak\u00fcltesi Psikoloji B\u00f6l\u00fcm\u00fc \u00d6\u011fretim \u00dcyesi, \u0130\u015f ve \u00d6rg\u00fct Psikolo\u011fu Dr.<\/p>\n","protected":false},"author":1,"featured_media":3320,"comment_status":"open","ping_status":"open","sticky":false,"template":"","format":"standard","meta":{"footnotes":""},"categories":[31],"tags":[],"class_list":["post-3319","post","type-post","status-publish","format-standard","has-post-thumbnail","hentry","category-saglik"],"_links":{"self":[{"href":"https:\/\/ekonomievreni.com\/index.php?rest_route=\/wp\/v2\/posts\/3319","targetHints":{"allow":["GET"]}}],"collection":[{"href":"https:\/\/ekonomievreni.com\/index.php?rest_route=\/wp\/v2\/posts"}],"about":[{"href":"https:\/\/ekonomievreni.com\/index.php?rest_route=\/wp\/v2\/types\/post"}],"author":[{"embeddable":true,"href":"https:\/\/ekonomievreni.com\/index.php?rest_route=\/wp\/v2\/users\/1"}],"replies":[{"embeddable":true,"href":"https:\/\/ekonomievreni.com\/index.php?rest_route=%2Fwp%2Fv2%2Fcomments&post=3319"}],"version-history":[{"count":1,"href":"https:\/\/ekonomievreni.com\/index.php?rest_route=\/wp\/v2\/posts\/3319\/revisions"}],"predecessor-version":[{"id":3321,"href":"https:\/\/ekonomievreni.com\/index.php?rest_route=\/wp\/v2\/posts\/3319\/revisions\/3321"}],"wp:featuredmedia":[{"embeddable":true,"href":"https:\/\/ekonomievreni.com\/index.php?rest_route=\/wp\/v2\/media\/3320"}],"wp:attachment":[{"href":"https:\/\/ekonomievreni.com\/index.php?rest_route=%2Fwp%2Fv2%2Fmedia&parent=3319"}],"wp:term":[{"taxonomy":"category","embeddable":true,"href":"https:\/\/ekonomievreni.com\/index.php?rest_route=%2Fwp%2Fv2%2Fcategories&post=3319"},{"taxonomy":"post_tag","embeddable":true,"href":"https:\/\/ekonomievreni.com\/index.php?rest_route=%2Fwp%2Fv2%2Ftags&post=3319"}],"curies":[{"name":"wp","href":"https:\/\/api.w.org\/{rel}","templated":true}]}}