{"id":3310,"date":"2026-03-19T12:22:20","date_gmt":"2026-03-19T09:22:20","guid":{"rendered":"https:\/\/ekonomievreni.com\/?p=3310"},"modified":"2026-03-19T12:22:21","modified_gmt":"2026-03-19T09:22:21","slug":"tavin-uc-havalimani-en-iyi-100-listesinde","status":"publish","type":"post","link":"https:\/\/ekonomievreni.com\/?p=3310","title":{"rendered":"TAV\u2019\u0131n \u00fc\u00e7 havaliman\u0131 en iyi 100 listesinde"},"content":{"rendered":"<p> Havaliman\u0131 i\u015fletmecili\u011finde T\u00fcrkiye&#8217;nin d\u00fcnyadaki lider markas\u0131 TAV Havalimanlar\u0131\u2019n\u0131n i\u015fletti\u011fi Almat\u0131 Havaliman\u0131 \u201cD\u00fcnyan\u0131n En \u0130yi 100 Havaliman\u0131\u201d listesine 89. s\u0131radan girdi. Listede TAV Havalimanlar\u0131 taraf\u0131ndan i\u015fletilen Ankara Esenbo\u011fa ve Medine havalimanlar\u0131 da yer al\u0131yor. Almat\u0131 Havaliman\u0131 ayr\u0131ca \u201cOrta Asya\/CIS B\u00f6lgesi\u2019nin En Temiz Havaliman\u0131\u201d ve \u201cEn \u0130yi Havaliman\u0131 Personeli\u201d \u00f6d\u00fcllerine lay\u0131k g\u00f6r\u00fcl\u00fcrken, Medine Havaliman\u0131 \u201cOrta Do\u011fu\u2019nun En \u0130yi B\u00f6lgesel Havaliman\u0131\u201d se\u00e7ildi. Ankara, \u0130zmir, Milas-Bodrum, Tiflis, Riga, \u00dcsk\u00fcp havalimanlar\u0131 ise kendi kategorilerinde en iyiler aras\u0131nda yer ald\u0131<\/p>\n<p><strong>TAV Havalimanlar\u0131 \u0130cra Kurulu Ba\u015fkan\u0131 Serkan Kaptan<\/strong>, \u201cTAV Havalimanlar\u0131 olarak sekiz \u00fclkede 15 havaliman\u0131 i\u015fletiyoruz ve yolcular\u0131m\u0131za en iyi seyahat deneyimini sunmak i\u00e7in \u00e7al\u0131\u015f\u0131yoruz. Ge\u00e7en y\u0131l toplam 113 milyon yolcuya hizmet verdik. Yolcu de\u011ferlendirmeleriyle belirlenen Skytrax program\u0131nda yer alan t\u00fcm havalimanlar\u0131m\u0131z her y\u0131l puanlar\u0131n\u0131 artt\u0131r\u0131yor ve s\u0131ralamalarda ilerliyor. En iyi 100 aras\u0131na giren havaliman\u0131 say\u0131m\u0131z\u0131 bu y\u0131l \u00fc\u00e7e \u00e7\u0131kartt\u0131k. Sekiz havaliman\u0131m\u0131z kendi kategorilerinde en iyiler aras\u0131nda. Bu sonu\u00e7ta eme\u011fi ge\u00e7en t\u00fcm \u00e7al\u0131\u015fma arkada\u015flar\u0131ma te\u015fekk\u00fcr ediyorum\u201d dedi.<\/p>\n<p><strong>Skytrax CEO\u2019su Edward Plaisted<\/strong>, \u201cBu \u00f6d\u00fcl, yolcular\u0131n olumlu izlenimlerini yans\u0131t\u0131yor. Anket geri bildirimleri, yolcular\u0131n a\u00e7\u0131k y\u00f6nlendirmeler, \u00f6zenli hizmet ve yolculuk boyunca g\u00fcven veren yakla\u015f\u0131m\u0131 \u00f6zellikle takdir etti\u011fini g\u00f6steriyor. Bu nitelikler havaliman\u0131 personeli taraf\u0131ndan tutarl\u0131 bi\u00e7imde sunuluyor\u201d dedi.<\/p>\n<p>Skytrax \u00f6d\u00fclleri, Londra\u2019da Passenger Terminal Expo (PTE) kapsam\u0131nda d\u00fczenlenen t\u00f6renle a\u00e7\u0131kland\u0131.\u00a0120\u2019den fazla \u00fclkeden iki binden fazla sekt\u00f6r temsilcisini bir araya getiren PTE\u2019de, TAV Technologies havaliman\u0131 bili\u015fim \u00e7\u00f6z\u00fcmlerini sergiledi\u011fi stand\u0131nda ziyaret\u00e7ileri a\u011f\u0131rlad\u0131.<\/p>\n<p>PTE kapsam\u0131nda d\u00fczenlenen konferansta TAV Havalimanlar\u0131 Ticari \u0130\u015flerden Sorumlu Grup Ba\u015fkan\u0131 (CCO) ve TAV \u0130\u015fletme Hizmetleri CEO\u2019su Aude Ferrand, \u201cKi\u015fiselle\u015ftirilmi\u015f Seyahat \u2013 A\u015f\u0131r\u0131 Ki\u015fiselle\u015ftirme Yolcu Deneyiminin Gelece\u011fi mi?\u201d ba\u015fl\u0131kl\u0131 panelde konu\u015fmac\u0131 olarak yer ald\u0131. Aude Ferrand ayr\u0131ca \u201cAk\u0131ll\u0131 Ki\u015fiselle\u015ftirme: Havaliman\u0131 Ekosisteminde Misafirperverli\u011fi ve De\u011feri Y\u00fckseltmek\u201d ba\u015fl\u0131kl\u0131 bir sunum ger\u00e7ekle\u015ftirdi.\u00a0<\/p>\n<p>Almat\u0131 Havaliman\u0131 CEO\u2019su G\u00f6ker K\u00f6se de \u201cHava Taraf\u0131 Geli\u015fiminde S\u00fcrd\u00fcr\u00fclebilir B\u00fcy\u00fcme ve Dijital \u0130novasyonlar\u201d ba\u015fl\u0131kl\u0131 panelde konu\u015fmac\u0131 olarak yer ald\u0131. TAV Havalimanlar\u0131 Bilgi Teknolojileri Grup Ba\u015fkan\u0131 (CIO) ve TAV Technologies CEO\u2019su Kerem \u00d6zt\u00fcrk ile TAV \u0130\u015fletme Hizmetleri Pazarlama ve Dijital \u00c7\u00f6z\u00fcmler \u0130cra Kurulu \u00dcyesi Aylin Alpay ise \u201cSeyahat Ba\u011flant\u0131s\u0131ndaki Eksik Halka\u201d ba\u015fl\u0131kl\u0131 oturumda konu\u015ftu.\u00a0<\/p>\n<p>1999\u2019dan bu yana d\u00fczenlenen Skytrax D\u00fcnya Havaliman\u0131 \u00d6d\u00fclleri, yolcular\u0131n oylar\u0131yla belirlenen ve 565\u2019ten fazla havaliman\u0131ndaki hizmet ve tesisleri de\u011ferlendiren k\u00fcresel bir m\u00fc\u015fteri memnuniyeti ara\u015ft\u0131rmas\u0131na dayan\u0131yor.\u00a0<\/p>\n<p>\u00a0<\/p>\n<p>Kaynak: (BYZHA) Beyaz Haber Ajans\u0131<\/p>\n","protected":false},"excerpt":{"rendered":"<p>Havaliman\u0131 i\u015fletmecili\u011finde T\u00fcrkiye&#8217;nin d\u00fcnyadaki lider markas\u0131 TAV Havalimanlar\u0131\u2019n\u0131n i\u015fletti\u011fi Almat\u0131 Havaliman\u0131 \u201cD\u00fcnyan\u0131n En \u0130yi 100 Havaliman\u0131\u201d listesine 89.<\/p>\n","protected":false},"author":1,"featured_media":3311,"comment_status":"open","ping_status":"open","sticky":false,"template":"","format":"standard","meta":{"footnotes":""},"categories":[30],"tags":[],"class_list":["post-3310","post","type-post","status-publish","format-standard","has-post-thumbnail","hentry","category-ekonomi"],"_links":{"self":[{"href":"https:\/\/ekonomievreni.com\/index.php?rest_route=\/wp\/v2\/posts\/3310","targetHints":{"allow":["GET"]}}],"collection":[{"href":"https:\/\/ekonomievreni.com\/index.php?rest_route=\/wp\/v2\/posts"}],"about":[{"href":"https:\/\/ekonomievreni.com\/index.php?rest_route=\/wp\/v2\/types\/post"}],"author":[{"embeddable":true,"href":"https:\/\/ekonomievreni.com\/index.php?rest_route=\/wp\/v2\/users\/1"}],"replies":[{"embeddable":true,"href":"https:\/\/ekonomievreni.com\/index.php?rest_route=%2Fwp%2Fv2%2Fcomments&post=3310"}],"version-history":[{"count":1,"href":"https:\/\/ekonomievreni.com\/index.php?rest_route=\/wp\/v2\/posts\/3310\/revisions"}],"predecessor-version":[{"id":3312,"href":"https:\/\/ekonomievreni.com\/index.php?rest_route=\/wp\/v2\/posts\/3310\/revisions\/3312"}],"wp:featuredmedia":[{"embeddable":true,"href":"https:\/\/ekonomievreni.com\/index.php?rest_route=\/wp\/v2\/media\/3311"}],"wp:attachment":[{"href":"https:\/\/ekonomievreni.com\/index.php?rest_route=%2Fwp%2Fv2%2Fmedia&parent=3310"}],"wp:term":[{"taxonomy":"category","embeddable":true,"href":"https:\/\/ekonomievreni.com\/index.php?rest_route=%2Fwp%2Fv2%2Fcategories&post=3310"},{"taxonomy":"post_tag","embeddable":true,"href":"https:\/\/ekonomievreni.com\/index.php?rest_route=%2Fwp%2Fv2%2Ftags&post=3310"}],"curies":[{"name":"wp","href":"https:\/\/api.w.org\/{rel}","templated":true}]}}