{"id":3304,"date":"2026-03-19T11:41:31","date_gmt":"2026-03-19T08:41:31","guid":{"rendered":"https:\/\/ekonomievreni.com\/?p=3304"},"modified":"2026-03-19T11:41:32","modified_gmt":"2026-03-19T08:41:32","slug":"unlu-modaci-emre-erdemoglu-moskovada-sov-yapti","status":"publish","type":"post","link":"https:\/\/ekonomievreni.com\/?p=3304","title":{"rendered":"\u00dcnl\u00fc Modac\u0131 Emre Erdemo\u011flu Moskova\u2019da \u015eov Yapt\u0131"},"content":{"rendered":"<p> E\u0130B Moda Tasar\u0131m Yar\u0131\u015fmas\u0131\u2019n\u0131n moda d\u00fcnyas\u0131na kazand\u0131rd\u0131\u011f\u0131 \u00fcnl\u00fc modac\u0131 Emre Erdemo\u011flu Fall\/Winter 2026 sezonunda Moskova\u2019da Manej Sergi ve Toplant\u0131 Merkezi&#8217;nde 6&#8217;nc\u0131s\u0131 d\u00fczenlenen moda haftas\u0131nda, NO APOLOGIES koleksiyonuyla Rus moda severleri b\u00fcy\u00fcledi.<\/p>\n<p>T\u00fcrk moda tasar\u0131mc\u0131s\u0131 Emre Erdemo\u011flu, Fall\/Winter 2026 sezonunda sundu\u011fu NO APOLOGIES koleksiyonu ile g\u00fcc\u00fcn\u00fc yumu\u015fatmay\u0131 reddediyor. \u201cFazla\u201d oldu\u011fu s\u00f6ylenenlere adanan koleksiyon; fazla g\u00fc\u00e7l\u00fc, fazla iddial\u0131 ve fazla g\u00f6r\u00fcn\u00fcr olmay\u0131 bilin\u00e7li bir tercih olarak sahipleniyor.<\/p>\n<p>Emre Erdemo\u011flu, koleksiyonunu Moskova Fashion Week kapsam\u0131nda d\u00f6rd\u00fcnc\u00fc kez uluslararas\u0131 izleyiciyle bulu\u015fturdu ve global moda takvimindeki istikrarl\u0131 varl\u0131\u011f\u0131n\u0131 s\u00fcrd\u00fcrd\u00fc.<\/p>\n<p>NO APOLOGIES\u2019te; g\u00fc\u00e7l\u00fc omuzlar, yap\u0131land\u0131r\u0131lm\u0131\u015f formlar ve ikinci ten hissi veren deri sil\u00fcetlerle dikkat \u00e7ekiyor. Metal detaylar, z\u0131mbalar ve troklar savunma de\u011fil; karakter ve imza niteli\u011fi ta\u015f\u0131yor. Yo\u011fun el i\u015f\u00e7ili\u011fi ve parlak y\u00fczeyler, rock\u2019n\u2019roll ruhunu couture disiplinle bir araya getiriyor.<\/p>\n<p>Renk paleti siyah, k\u0131rm\u0131z\u0131, g\u00fcm\u00fc\u015f ve k\u0131r\u0131k beyazdan olu\u015fuyor. Siyah hakimiyeti, k\u0131rm\u0131z\u0131 arzuyu ve dinamizmi, k\u0131r\u0131k beyaz ise dengeyi temsil ediyor. Kad\u0131n ve erkek sil\u00fcetleri aras\u0131ndaki s\u0131n\u0131rlar bilin\u00e7li olarak silinirken, koleksiyon bir cinsiyeti de\u011fil bir enerjiyi vurguluyor.<\/p>\n<p>NO APOLOGIES \u00f6fkeyle de\u011fil, \u00f6zg\u00fcrl\u00fckle y\u00fckseliyor.<\/p>\n<p>\u201cG\u00fcc\u00fc yumu\u015fatmam\u0131z, Parlakl\u0131\u011f\u0131m\u0131z\u0131 azaltmam\u0131z ve daha az g\u00f6r\u00fcnmemiz\u201d istendi diyen Modac\u0131 Erdemo\u011flu, \u201cBu koleksiyon bu s\u00f6ylemlere bir cevap olmaktan \u00f6te, bir karar. &#8220;\u00d6z\u00fcr yok. Yumu\u015fatma yok. Geri ad\u0131m yok&#8221; ifadelerini kulland\u0131.<\/p>\n<p>Defileyi izleyenler aras\u0131nda T\u00fcrkiye&#8217;nin Moskova B\u00fcy\u00fckel\u00e7isi Tanju Bilgi\u00e7&#8217;in e\u015fi Bet\u00fcl Aksoy Bilgi\u00e7 de yer ald\u0131.<\/p>\n<p>\u00a0<\/p>\n<p>Kaynak: (BYZHA) Beyaz Haber Ajans\u0131<\/p>\n","protected":false},"excerpt":{"rendered":"<p>E\u0130B Moda Tasar\u0131m Yar\u0131\u015fmas\u0131\u2019n\u0131n moda d\u00fcnyas\u0131na kazand\u0131rd\u0131\u011f\u0131 \u00fcnl\u00fc modac\u0131 Emre Erdemo\u011flu Fall\/Winter 2026 sezonunda Moskova\u2019da Manej Sergi ve Toplant\u0131 Merkezi&#8217;nde 6&#8217;nc\u0131s\u0131 d\u00fczenlenen moda haftas\u0131nda, NO APOLOGIES koleksiyonuyla Rus moda severleri b\u00fcy\u00fcledi.<\/p>\n","protected":false},"author":1,"featured_media":3305,"comment_status":"open","ping_status":"open","sticky":false,"template":"","format":"standard","meta":{"footnotes":""},"categories":[30],"tags":[],"class_list":["post-3304","post","type-post","status-publish","format-standard","has-post-thumbnail","hentry","category-ekonomi"],"_links":{"self":[{"href":"https:\/\/ekonomievreni.com\/index.php?rest_route=\/wp\/v2\/posts\/3304","targetHints":{"allow":["GET"]}}],"collection":[{"href":"https:\/\/ekonomievreni.com\/index.php?rest_route=\/wp\/v2\/posts"}],"about":[{"href":"https:\/\/ekonomievreni.com\/index.php?rest_route=\/wp\/v2\/types\/post"}],"author":[{"embeddable":true,"href":"https:\/\/ekonomievreni.com\/index.php?rest_route=\/wp\/v2\/users\/1"}],"replies":[{"embeddable":true,"href":"https:\/\/ekonomievreni.com\/index.php?rest_route=%2Fwp%2Fv2%2Fcomments&post=3304"}],"version-history":[{"count":1,"href":"https:\/\/ekonomievreni.com\/index.php?rest_route=\/wp\/v2\/posts\/3304\/revisions"}],"predecessor-version":[{"id":3306,"href":"https:\/\/ekonomievreni.com\/index.php?rest_route=\/wp\/v2\/posts\/3304\/revisions\/3306"}],"wp:featuredmedia":[{"embeddable":true,"href":"https:\/\/ekonomievreni.com\/index.php?rest_route=\/wp\/v2\/media\/3305"}],"wp:attachment":[{"href":"https:\/\/ekonomievreni.com\/index.php?rest_route=%2Fwp%2Fv2%2Fmedia&parent=3304"}],"wp:term":[{"taxonomy":"category","embeddable":true,"href":"https:\/\/ekonomievreni.com\/index.php?rest_route=%2Fwp%2Fv2%2Fcategories&post=3304"},{"taxonomy":"post_tag","embeddable":true,"href":"https:\/\/ekonomievreni.com\/index.php?rest_route=%2Fwp%2Fv2%2Ftags&post=3304"}],"curies":[{"name":"wp","href":"https:\/\/api.w.org\/{rel}","templated":true}]}}