{"id":3283,"date":"2026-03-18T17:10:23","date_gmt":"2026-03-18T14:10:23","guid":{"rendered":"https:\/\/ekonomievreni.com\/?p=3283"},"modified":"2026-03-18T17:10:24","modified_gmt":"2026-03-18T14:10:24","slug":"super-1-takim-varol-abinin-cizgi-film-makinesinin-teaseri-yayinlandi","status":"publish","type":"post","link":"https:\/\/ekonomievreni.com\/?p=3283","title":{"rendered":"\u2018S\u00fcper 1 Tak\u0131m: Varol Abi\u2019nin \u00c7izgi Film Makinesi\u2019nin teaser\u2019\u0131 yay\u0131nland\u0131"},"content":{"rendered":"<p> 7\u2019den 70\u2019e merakla beklenen animasyon filmi \u2018S\u00fcper 1 Tak\u0131m: Varol Abi\u2019nin \u00c7izgi Film Makinesi\u2019 \u00e7ok yak\u0131nda sinemalarda g\u00f6sterime girecek. \u00c7izgi film tutkunlar\u0131n\u0131n keyifle takip etti\u011fi \u2018S\u00fcper 1 Tak\u0131m\u2019 \u00e7izgi dizisi bu kez yepyeni ser\u00fcveniyle 22 May\u0131s\u2019ta beyazperdede olacak. S\u00fcper kahramanlar Ay\u0131 Dede, Birce, Birol, Yapay Zekai, fenomen Kral \u015eakir ve Fil Necati\u2019nin de yer ald\u0131\u011f\u0131 \u2018S\u00fcper 1 Tak\u0131m: Varol Abi\u2019nin \u00c7izgi Film Makinesi\u2019nin payla\u015f\u0131lan ilk teaser\u2019\u0131 sosyal medyada b\u00fcy\u00fck ilgi g\u00f6rd\u00fc.<\/p>\n<p><strong>VAROL AB\u0130 S\u0130NEMA MAK\u0130NES\u0130N\u0130N D\u00dc\u011eMES\u0130NE BASIYOR <\/strong><\/p>\n<p>\u201cPatlam\u0131\u015f m\u0131s\u0131rlar\u0131m\u0131z\u0131 al\u0131p geliyoruz\u201d S\u00fcper kahramanlar Ay\u0131 Dede, Birce, Birol, Yapay Zekai ve bir\u00e7ok animasyon karakterin yer ald\u0131\u011f\u0131 Kral \u015eakir, Fil Necati ve t\u00fcm ekininin de s\u00fcrpriz \u015fekilde aralar\u0131na kat\u0131lmas\u0131yla m\u00fcthi\u015f bir aksiyona d\u00f6n\u00fc\u015fen \u2018S\u00fcper 1 Tak\u0131m: Varol Abi\u2019nin \u00c7izgi Film Makinesi\u2019nin g\u00f6z al\u0131c\u0131 teaser\u2019\u0131 izleyenleri heyecana bo\u011fdu.<\/p>\n<p>Yay\u0131nlanan teaser\u2019da \u00e7ocuk oyuncu Gece (Gece I\u015f\u0131k Demirel) heyecanl\u0131 bir \u015fekilde hayallerini anlat\u0131rken Varol Abi de (Varol Ya\u015faro\u011flu) \u00e7izgi film makinesiyle Gece\u2019nin d\u00fc\u015flerini ger\u00e7e\u011fe d\u00f6n\u00fc\u015ft\u00fcr\u00fcr. Renklerin, dans\u0131n ve m\u00fczi\u011fin etkisi b\u00fcy\u00fclerken, Birce\u2019nin taktikleri, Ay\u0131 Dede\u2019nin m\u00fcthi\u015f dans\u0131, Bodrum ve Kapadokya balonlar\u0131n\u0131 teaser\u2019da g\u00f6ren \u2018S\u00fcper 1 Tak\u0131m\u2019 hayranlar\u0131 Varol Abi ve s\u00fcper kahramanlar\u0131 yorumlar\u0131yla alk\u0131\u015f ya\u011fmuruna tuttu. \u201cPatlam\u0131\u015f m\u0131s\u0131rlar\u0131m\u0131z\u0131 al\u0131p gelece\u011fiz\u201d, \u201cSab\u0131rs\u0131zl\u0131kla bekliyoruz!\u201d s\u00f6zleriyle sevgilerini co\u015fkular\u0131n\u0131 dile getiren fanlar \u2018S\u00fcper 1 Tak\u0131m\u2019\u0131 bir an \u00f6nce izlemek i\u00e7in 22 May\u0131s\u2019\u0131 iple \u00e7ektiklerini dile getirdi.<\/p>\n<p>Aksiyon ve e\u011flencenin bol oldu\u011fu bir \u00e7izgi film izleyecekler Grafi2000 Prod\u00fcksiyon taraf\u0131ndan ger\u00e7ekle\u015ftirilen, yarat\u0131c\u0131 koltu\u011funda \u00fcnl\u00fc karikat\u00fcrist Varol Ya\u015faro\u011flu\u2019nun oturdu\u011fu, \u00e7al\u0131\u015fmalar\u0131 3 y\u0131l s\u00fcren \u2018S\u00fcper 1 Tak\u0131m: Varol Abi\u2019nin \u00c7izgi Film Makinesi\u2019nin y\u00f6netmen koltu\u011funda Haluk Can Dizdaro\u011flu ve Berk Tokay oturuyorlar. Senaryosu Haluk Can Dizdaro\u011flu taraf\u0131ndan kaleme al\u0131nan \u00e7izgi filmde \u00e7ocuklar\u0131n kendi hayal d\u00fcnyalar\u0131n\u0131 geli\u015ftirece\u011fi, yeti\u015fkinler ise \u00e7ocukluklar\u0131n\u0131 hat\u0131rlayaca\u011f\u0131, e\u011flenece\u011fi, aksiyonun bol oldu\u011fu bir ser\u00fcvene ortak olacaklar. 22 May\u0131s 2026\u2019da vizyona girecek \u2018S\u00fcper 1 Tak\u0131m: Varol Abi\u2019nin \u00c7izgi Film Makinesi\u2019nin k\u0131saca konusu \u015f\u00f6yle: Varol Abi (Varol Ya\u015faro\u011flu) at\u00f6lyesinde icat etti\u011fi sinema makinesiyle, \u00e7izgi film izlemeyi \u00e7ok seven bir k\u0131z \u00e7ocu\u011funun hayal d\u00fcnyas\u0131n\u0131 beyaz perdeye yans\u0131tmak i\u00e7in \u00e7al\u0131\u015fmalara ba\u015flar. Muhte\u015fem bir ikili olan Varol Abi ve Gece\u2019nin yaratt\u0131\u011f\u0131 d\u00fcnyada olaylar \u015fu \u015fekilde geli\u015fir: Birol ad\u0131ndaki k\u00fc\u00e7\u00fck bir \u00e7ocuk, dedesinin \u00e7iftlikte ya\u015fayan bir arkada\u015f\u0131n\u0131n yan\u0131na tatile g\u00f6nderilir. Birol i\u00e7in ba\u015fta her \u015fey fazlaca normal ve s\u0131k\u0131c\u0131 g\u00f6z\u00fck\u00fcr. Do\u011fa, tarla, \u00e7iftlik hayvanlar\u0131 ve internetsiz bir k\u00f6y\u2026 Ancak zamanla yeni tan\u0131\u015ft\u0131\u011f\u0131 insanlar\u0131n asl\u0131nda g\u00f6r\u00fcnd\u00fckleri gibi olmad\u0131klar\u0131n\u0131 anlar. \u00c7iftlikte ya\u015fayan Ay\u0131<\/p>\n<p>Dede, Birce ve Yapay Zekai, gizli bir s\u00fcper kahraman hayat\u0131 ya\u015fayan k\u00f6yl\u00fclerdir. Birol&#8217;un bunu fark etmesiyle, bu ger\u00e7e\u011fi daha fazla saklayamazlar ve Birol&#8217;u da tak\u0131ma almaya karar verirler. Art\u0131k Birol&#8217;un yaz tatili, hi\u00e7 beklemedi\u011fi gizemli bir maceraya d\u00f6n\u00fc\u015fm\u00fc\u015ft\u00fcr. \u0130kiy\u00fczl\u00fc ve di\u011fer k\u00f6t\u00fc adamlar, \u0130bret karakterinin \u00f6nderli\u011finde d\u00fcnyay\u0131 yok etmeye \u00e7al\u0131\u015facak, \u2018S\u00fcper 1 Tak\u0131m\u2019 ise onlar\u0131 durdurmak i\u00e7in ellerinden geleni yapacak.<\/p>\n<p>Kaynak: (BYZHA) Beyaz Haber Ajans\u0131<\/p>\n","protected":false},"excerpt":{"rendered":"<p>7\u2019den 70\u2019e merakla beklenen animasyon filmi \u2018S\u00fcper 1 Tak\u0131m: Varol Abi\u2019nin \u00c7izgi Film Makinesi\u2019 \u00e7ok yak\u0131nda sinemalarda g\u00f6sterime girecek.<\/p>\n","protected":false},"author":1,"featured_media":3284,"comment_status":"open","ping_status":"open","sticky":false,"template":"","format":"standard","meta":{"footnotes":""},"categories":[1],"tags":[],"class_list":["post-3283","post","type-post","status-publish","format-standard","has-post-thumbnail","hentry","category-magazin"],"_links":{"self":[{"href":"https:\/\/ekonomievreni.com\/index.php?rest_route=\/wp\/v2\/posts\/3283","targetHints":{"allow":["GET"]}}],"collection":[{"href":"https:\/\/ekonomievreni.com\/index.php?rest_route=\/wp\/v2\/posts"}],"about":[{"href":"https:\/\/ekonomievreni.com\/index.php?rest_route=\/wp\/v2\/types\/post"}],"author":[{"embeddable":true,"href":"https:\/\/ekonomievreni.com\/index.php?rest_route=\/wp\/v2\/users\/1"}],"replies":[{"embeddable":true,"href":"https:\/\/ekonomievreni.com\/index.php?rest_route=%2Fwp%2Fv2%2Fcomments&post=3283"}],"version-history":[{"count":1,"href":"https:\/\/ekonomievreni.com\/index.php?rest_route=\/wp\/v2\/posts\/3283\/revisions"}],"predecessor-version":[{"id":3285,"href":"https:\/\/ekonomievreni.com\/index.php?rest_route=\/wp\/v2\/posts\/3283\/revisions\/3285"}],"wp:featuredmedia":[{"embeddable":true,"href":"https:\/\/ekonomievreni.com\/index.php?rest_route=\/wp\/v2\/media\/3284"}],"wp:attachment":[{"href":"https:\/\/ekonomievreni.com\/index.php?rest_route=%2Fwp%2Fv2%2Fmedia&parent=3283"}],"wp:term":[{"taxonomy":"category","embeddable":true,"href":"https:\/\/ekonomievreni.com\/index.php?rest_route=%2Fwp%2Fv2%2Fcategories&post=3283"},{"taxonomy":"post_tag","embeddable":true,"href":"https:\/\/ekonomievreni.com\/index.php?rest_route=%2Fwp%2Fv2%2Ftags&post=3283"}],"curies":[{"name":"wp","href":"https:\/\/api.w.org\/{rel}","templated":true}]}}