{"id":3280,"date":"2026-03-18T17:00:24","date_gmt":"2026-03-18T14:00:24","guid":{"rendered":"https:\/\/ekonomievreni.com\/?p=3280"},"modified":"2026-03-18T17:00:25","modified_gmt":"2026-03-18T14:00:25","slug":"yasin-yildiranin-kurtar-beni-sarkisinin-klibi-yayimlandi","status":"publish","type":"post","link":"https:\/\/ekonomievreni.com\/?p=3280","title":{"rendered":"Yasin Y\u0131ld\u0131ran\u2019\u0131n &#8216;Kurtar Beni&#8217; \u015eark\u0131s\u0131n\u0131n Klibi Yay\u0131mland\u0131"},"content":{"rendered":"<p> Yasin Y\u0131ld\u0131ran\u2019\u0131n On Air Music Co. etiketiyle yay\u0131mlanan \u201cKurtar Beni\u201d adl\u0131 \u015fark\u0131s\u0131n\u0131n klibi dinleyiciyle bulu\u015ftu.<\/p>\n<p>\u201cKurtar Beni\u201d, insan\u0131n bitmeyen anlam aray\u0131\u015f\u0131n\u0131 ve bireyin d\u0131\u015f d\u00fcnyayla kendi i\u00e7 sesi aras\u0131ndaki uyumsuzlu\u011fu oda\u011f\u0131na alan bir anlat\u0131 kuruyor. \u015eark\u0131; insan\u0131n hi\u00e7bir zaman her \u015feyini kaybetmeyece\u011fi ama hi\u00e7bir zaman da b\u00fct\u00fcne sahip olamayaca\u011f\u0131 fikrinden hareket ederek, zamanla ge\u00e7ece\u011fi bilinse de ya\u015fand\u0131\u011f\u0131 anda a\u011f\u0131r gelen duygulara ve insan\u0131n kendi i\u00e7indeki sessiz sorgulamalar\u0131na odaklan\u0131yor.<\/p>\n<p>Yasin Y\u0131ld\u0131ran, \u201cKurtar Beni\u201d hakk\u0131nda \u015funlar\u0131 s\u00f6yl\u00fcyor:<br \/>\u201c\u015eark\u0131da tekrarlanan \u2018Kurtar Beni\u2019; bir \u00e7\u0131\u011fl\u0131ktan \u00e7ok, i\u00e7sel bir teslimiyet ve fark\u0131ndal\u0131k olarak duyulsun istedim. Finalde yer alan \u2018T\u00fcm d\u00fcnyay\u0131 y\u00fcr\u00fcd\u00fcm sand\u0131m, ba\u015flad\u0131\u011f\u0131m yere vard\u0131m\u2019 dizesi ise k\u0131s\u0131r d\u00f6ng\u00fc, emek, aray\u0131\u015f ve \u00f6z\u2019e d\u00f6n\u00fc\u015f gibi farkl\u0131 katmanlarda okunabilir.\u201d<\/p>\n<p>\u015eark\u0131n\u0131n klibi siyah-beyaz, vlog tad\u0131nda, prova ve kay\u0131t g\u00fcnl\u00fcklerinden olu\u015fuyor. M\u00fczisyenlerin zaman zaman samimi ve e\u011flenceli hallerinin \u015fark\u0131n\u0131n i\u00e7e d\u00f6n\u00fck atmosferiyle kar\u015f\u0131tl\u0131k olu\u015fturmas\u0131, g\u00fcndelik hayatta dahi ne \u00e7ok duygu ge\u00e7i\u015fi ya\u015fad\u0131\u011f\u0131m\u0131z\u0131 anlatman\u0131n yan\u0131 s\u0131ra izleyiciye samimi, do\u011fal ve ger\u00e7ek bir anlat\u0131 olu\u015fturuyor.<\/p>\n<p>M\u00fczik e\u011fitimi ve sahne deneyimini \u015fark\u0131 \u00fcretimiyle bulu\u015fturan Yasin Y\u0131ld\u0131ran, \u201cKurtar Beni\u201dnin s\u00f6z ve m\u00fczi\u011fine de imza at\u0131yor. Makamsal ezgileri modern sound ile harmanlayan \u00e7al\u0131\u015fma, sanat\u00e7\u0131n\u0131n 2022\u2019den bu yana yay\u0131mlad\u0131\u011f\u0131 ilk single olarak da dikkat \u00e7ekiyor.<\/p>\n<p><b>\u015eark\u0131n\u0131n K\u00fcnyesi:<\/b><\/p>\n<p><b>S\u00f6z-M\u00fczik:<\/b>\u00a0Yasin Y\u0131ld\u0131ran<\/p>\n<p><b>Aranje-Mix\/Mastering:<\/b>\u00a0Aykut Acarlar<\/p>\n<p><b>Kapak Tasar\u0131m:<\/b>\u00a0Dilan Uslan<\/p>\n<p><b>Klip Ekibi:<\/b><\/p>\n<p><b>Gitar \u2013 Vokal:<\/b>\u00a0Yasin Y\u0131ld\u0131ran<br \/><b>Klavye:<\/b>\u00a0Eylem Atalay<br \/><b>Bas:<\/b>\u00a0Baran Biricik<br \/><b>Bateri:<\/b>\u00a0Ate\u015f \u0130nan\u00e7<\/p>\n<p><b>Prod\u00fcksiyon:<\/b>\u00a0Repra Creative<br \/><b>G\u00f6r\u00fcnt\u00fc Y\u00f6netmeni:<\/b>\u00a0Cihangir \u00d6zer<\/p>\n<p>\u201cKurtar Beni\u201dnin klibi YouTube\u2019da, \u015fark\u0131 ise t\u00fcm dijital platformlarda yay\u0131nda.<\/p>\n<p>Kaynak: (BYZHA) Beyaz Haber Ajans\u0131<\/p>\n","protected":false},"excerpt":{"rendered":"<p>Yasin Y\u0131ld\u0131ran\u2019\u0131n On Air Music Co.<\/p>\n","protected":false},"author":1,"featured_media":3281,"comment_status":"open","ping_status":"open","sticky":false,"template":"","format":"standard","meta":{"footnotes":""},"categories":[1],"tags":[],"class_list":["post-3280","post","type-post","status-publish","format-standard","has-post-thumbnail","hentry","category-magazin"],"_links":{"self":[{"href":"https:\/\/ekonomievreni.com\/index.php?rest_route=\/wp\/v2\/posts\/3280","targetHints":{"allow":["GET"]}}],"collection":[{"href":"https:\/\/ekonomievreni.com\/index.php?rest_route=\/wp\/v2\/posts"}],"about":[{"href":"https:\/\/ekonomievreni.com\/index.php?rest_route=\/wp\/v2\/types\/post"}],"author":[{"embeddable":true,"href":"https:\/\/ekonomievreni.com\/index.php?rest_route=\/wp\/v2\/users\/1"}],"replies":[{"embeddable":true,"href":"https:\/\/ekonomievreni.com\/index.php?rest_route=%2Fwp%2Fv2%2Fcomments&post=3280"}],"version-history":[{"count":1,"href":"https:\/\/ekonomievreni.com\/index.php?rest_route=\/wp\/v2\/posts\/3280\/revisions"}],"predecessor-version":[{"id":3282,"href":"https:\/\/ekonomievreni.com\/index.php?rest_route=\/wp\/v2\/posts\/3280\/revisions\/3282"}],"wp:featuredmedia":[{"embeddable":true,"href":"https:\/\/ekonomievreni.com\/index.php?rest_route=\/wp\/v2\/media\/3281"}],"wp:attachment":[{"href":"https:\/\/ekonomievreni.com\/index.php?rest_route=%2Fwp%2Fv2%2Fmedia&parent=3280"}],"wp:term":[{"taxonomy":"category","embeddable":true,"href":"https:\/\/ekonomievreni.com\/index.php?rest_route=%2Fwp%2Fv2%2Fcategories&post=3280"},{"taxonomy":"post_tag","embeddable":true,"href":"https:\/\/ekonomievreni.com\/index.php?rest_route=%2Fwp%2Fv2%2Ftags&post=3280"}],"curies":[{"name":"wp","href":"https:\/\/api.w.org\/{rel}","templated":true}]}}