{"id":3277,"date":"2026-03-18T13:50:34","date_gmt":"2026-03-18T10:50:34","guid":{"rendered":"https:\/\/ekonomievreni.com\/?p=3277"},"modified":"2026-03-18T13:50:35","modified_gmt":"2026-03-18T10:50:35","slug":"anadolu-efes-monacoyu-agirlayacak","status":"publish","type":"post","link":"https:\/\/ekonomievreni.com\/?p=3277","title":{"rendered":"Anadolu Efes, Monaco\u2019yu a\u011f\u0131rlayacak"},"content":{"rendered":"<p> EuroLeague\u2019deki 32. randevusuna \u00e7\u0131kmaya haz\u0131rlanan Anadolu Efes, evinde Monaco\u2019yu konuk edecek. Kar\u015f\u0131la\u015fma 19 Mart 2026 Per\u015fembe g\u00fcn\u00fc saat 20.30\u2019da Turkcell Basketbol Geli\u015fim Merkezi\u2019nde oynanacak.<\/p>\n<p>Kar\u015f\u0131la\u015fma \u00f6ncesi g\u00f6r\u00fc\u015flerini aktaran\u00a0<strong>Anadolu Efes Ba\u015fantren\u00f6r\u00fc Pablo Laso<\/strong>;\u00a0<em>\u201cAS Monaco, ge\u00e7en y\u0131l finale \u00e7\u0131km\u0131\u015f olan zorlu bir tak\u0131m. Bire bir pozisyonlarda \u00fcretken bir \u015fekilde h\u00fccum edebilen \u00fcst d\u00fczey k\u0131sa oyunculara sahipler ve ayr\u0131ca pota alt\u0131nda da olduk\u00e7a etkililer. Kadrolar\u0131 genel olarak ligin en iyi kadrolar\u0131ndan biri. B\u00f6yle bir ma\u00e7ta galibiyete ula\u015fabilmek i\u00e7in bir\u00e7ok \u015feyi \u00fcst seviyede yapmam\u0131z gerekti\u011fini biliyoruz. Onlara b\u00fcy\u00fck sayg\u0131 duyuyoruz ve b\u00f6yle bir tak\u0131ma kar\u015f\u0131 ma\u00e7 i\u00e7indeki e\u015fle\u015fmelerin ne kadar zor oldu\u011funun fark\u0131nday\u0131z. Finansal durumlar\u0131na ve ba\u015fantren\u00f6rlerinin ayr\u0131lm\u0131\u015f olmas\u0131na ra\u011fmen Avrupa\u2019n\u0131n en yetenekli tak\u0131mlar\u0131ndan biriyle hatta belki de en yeteneklisiyle kar\u015f\u0131la\u015faca\u011f\u0131m\u0131z\u0131 d\u00fc\u015f\u00fcn\u00fcyorum\u201d<\/em>\u00a0dedi.<\/p>\n<p><strong>Anadolu Efes\u2019in ba\u015far\u0131l\u0131 oyuncusu PJ Dozier\u00a0<\/strong>ise \u015fu ifadeleri kulland\u0131:<strong>\u00a0<\/strong><em>\u201cTak\u0131m olarak geli\u015fimimizi s\u00fcrd\u00fcrmek ad\u0131na bir Euroleague ma\u00e7\u0131n\u0131 daha sab\u0131rs\u0131zl\u0131kla bekliyoruz. Sezon boyunca devam eden destekleri i\u00e7in taraftarlar\u0131m\u0131za te\u015fekk\u00fcr ediyoruz ve inan\u0131yoruz ki m\u00fcthi\u015f seyircimiz bizi desteklemek i\u00e7in yine salondaki yerini alacak.\u201d<\/em><\/p>\n<p><strong>EuroLeague co\u015fkusu Turkcell Basketbol Geli\u015fim Merkezi\u2019nde ya\u015fan\u0131yor<\/strong><\/p>\n<p>Anadolu Efes taraftarlar\u0131, Monaco kar\u015f\u0131la\u015fmas\u0131nda bir kez daha trib\u00fcn atmosferine imzas\u0131n\u0131 atacak. Ma\u00e7 boyunca partnerlerin katk\u0131s\u0131yla ger\u00e7ekle\u015fecek saha i\u00e7i \u015fovlar ve interaktif etkinlikler, Turkcell Basketbol Geli\u015fim Merkezi\u2019nde tempoyu art\u0131racak.<\/p>\n<p>\u201cAnadolu Efes\u2019in Sesi\u201d Mustafa \u00d6zben\u2019in sunumlar\u0131 ve maskot \u00c7aylak\u2019\u0131n kat\u0131l\u0131m\u0131yla co\u015fku trib\u00fcnlere yay\u0131l\u0131rken, Anadolu Efes Fan Club \u00fcyeleri mobil uygulama \u00fczerinden \u201cTak\u0131m\u0131na Deste\u011fini G\u00f6nder\u201d \u00f6zelli\u011fiyle desteklerini puana d\u00f6n\u00fc\u015ft\u00fcrebilecek.<\/p>\n<p><strong>Heyecan dolu kar\u015f\u0131la\u015fma 20.30\u2019da S Sport ve S Sport Plus\u2019ta<\/strong><\/p>\n<p>Anadolu Efes \u2013 AS Monaco m\u00fccadelesi 19 Mart Per\u015fembe g\u00fcn\u00fc saat 20.30\u2019da S Sport ve S Sport Plus ekranlar\u0131ndan naklen yay\u0131nlanacak.\u00a0<\/p>\n<p><strong>Anadolu Efes taraftarlar\u0131 trib\u00fcnde yerini almaya haz\u0131rlan\u0131yor<\/strong><\/p>\n<p>Anadolu Efes \u2013 AS Monaco kar\u015f\u0131la\u015fma biletleri Mobilet \u00fczerinden sat\u0131\u015fta.<\/p>\n<p>https:\/\/mobilet.com\/tr\/event\/anadolu-efes-as-monaco-47395\/\u00a0<\/p>\n<p>\u00a0<\/p>\n<p>\u00a0<\/p>\n<p>Kaynak: (BYZHA) Beyaz Haber Ajans\u0131<\/p>\n","protected":false},"excerpt":{"rendered":"<p>EuroLeague\u2019deki 32.<\/p>\n","protected":false},"author":1,"featured_media":3278,"comment_status":"open","ping_status":"open","sticky":false,"template":"","format":"standard","meta":{"footnotes":""},"categories":[33],"tags":[],"class_list":["post-3277","post","type-post","status-publish","format-standard","has-post-thumbnail","hentry","category-spor"],"_links":{"self":[{"href":"https:\/\/ekonomievreni.com\/index.php?rest_route=\/wp\/v2\/posts\/3277","targetHints":{"allow":["GET"]}}],"collection":[{"href":"https:\/\/ekonomievreni.com\/index.php?rest_route=\/wp\/v2\/posts"}],"about":[{"href":"https:\/\/ekonomievreni.com\/index.php?rest_route=\/wp\/v2\/types\/post"}],"author":[{"embeddable":true,"href":"https:\/\/ekonomievreni.com\/index.php?rest_route=\/wp\/v2\/users\/1"}],"replies":[{"embeddable":true,"href":"https:\/\/ekonomievreni.com\/index.php?rest_route=%2Fwp%2Fv2%2Fcomments&post=3277"}],"version-history":[{"count":1,"href":"https:\/\/ekonomievreni.com\/index.php?rest_route=\/wp\/v2\/posts\/3277\/revisions"}],"predecessor-version":[{"id":3279,"href":"https:\/\/ekonomievreni.com\/index.php?rest_route=\/wp\/v2\/posts\/3277\/revisions\/3279"}],"wp:featuredmedia":[{"embeddable":true,"href":"https:\/\/ekonomievreni.com\/index.php?rest_route=\/wp\/v2\/media\/3278"}],"wp:attachment":[{"href":"https:\/\/ekonomievreni.com\/index.php?rest_route=%2Fwp%2Fv2%2Fmedia&parent=3277"}],"wp:term":[{"taxonomy":"category","embeddable":true,"href":"https:\/\/ekonomievreni.com\/index.php?rest_route=%2Fwp%2Fv2%2Fcategories&post=3277"},{"taxonomy":"post_tag","embeddable":true,"href":"https:\/\/ekonomievreni.com\/index.php?rest_route=%2Fwp%2Fv2%2Ftags&post=3277"}],"curies":[{"name":"wp","href":"https:\/\/api.w.org\/{rel}","templated":true}]}}