{"id":3271,"date":"2026-03-18T13:42:14","date_gmt":"2026-03-18T10:42:14","guid":{"rendered":"https:\/\/ekonomievreni.com\/?p=3271"},"modified":"2026-03-18T13:42:15","modified_gmt":"2026-03-18T10:42:15","slug":"bayrampasaya-1-15-milyar-tllik-dev-spor-yatirimi","status":"publish","type":"post","link":"https:\/\/ekonomievreni.com\/?p=3271","title":{"rendered":"Bayrampa\u015fa\u2019ya 1.15 milyar TL\u2019lik dev spor yat\u0131r\u0131m\u0131"},"content":{"rendered":"\n<p style=\"margin-bottom:11px\"><span style=\"font-size:11pt\"><span style=\"line-height:150%\"><span style=\"font-family:Calibri,sans-serif\"><b><span style=\"font-size:12.0pt\"><span style=\"line-height:150%\"><span style=\",sans-serif\">Gen\u00e7lik ve Spor Bakan\u0131 Osman A\u015fk\u0131n Bak, \u0130stanbul Bayrampa\u015fa\u2019da hayata ge\u00e7irilecek 1 milyar 150 milyon TL\u2019lik dev spor yat\u0131r\u0131m\u0131yla il\u00e7edeki spor tesislerinin ba\u015ftan sona yenilenece\u011fini, gen\u00e7lere modern ve yeni nesil spor alanlar\u0131 kazand\u0131r\u0131laca\u011f\u0131n\u0131 a\u00e7\u0131klad\u0131. Yat\u0131r\u0131m, Bayrampa\u015fa Belediye Ba\u015fkan Vekili \u0130brahim Ak\u0131n\u2019\u0131n ev sahipli\u011finde d\u00fczenlenen iftar program\u0131nda kamuoyuna tan\u0131t\u0131ld\u0131.<\/span><\/span><\/span><\/b><\/span><\/span><\/span><\/p>\n<p style=\"margin-bottom:11px\"><span style=\"font-size:11pt\"><span style=\"line-height:150%\"><span style=\"font-family:Calibri,sans-serif\"><b><span style=\"font-size:12.0pt\"><span style=\"line-height:150%\"><span style=\",sans-serif\">\u0130FTAR PROGRAMINDA B\u00dcY\u00dcK LANSMAN<\/span><\/span><\/span><\/b><\/span><\/span><\/span><\/p>\n<p style=\"margin-bottom:11px\"><span style=\"font-size:11pt\"><span style=\"line-height:150%\"><span style=\"font-family:Calibri,sans-serif\"><span style=\"font-size:12.0pt\"><span style=\"line-height:150%\"><span style=\",sans-serif\">Lansman program\u0131, Semih Erden Kapal\u0131 Spor Salonu\u2019nda d\u00fczenlendi. Program, hem iftar bulu\u015fmas\u0131 hem spor yat\u0131r\u0131mlar\u0131n\u0131n tan\u0131t\u0131m\u0131 olarak ger\u00e7ekle\u015ftirildi.<\/span><\/span><\/span><\/span><\/span><\/span><\/p>\n<p style=\"margin-bottom:11px\"><span style=\"font-size:11pt\"><span style=\"line-height:150%\"><span style=\"font-family:Calibri,sans-serif\"><span style=\"font-size:12.0pt\"><span style=\"line-height:150%\"><span style=\",sans-serif\">Yo\u011fun kat\u0131l\u0131mla ger\u00e7ekle\u015fen organizasyonda konu\u015fan Gen\u00e7lik ve Spor Bakan\u0131 Osman A\u015fk\u0131n Bak, gen\u00e7lerin sporla bulu\u015fmas\u0131n\u0131n \u00f6nemine vurgu yapt\u0131. Bakan Bak, T\u00fcrkiye genelinde spor altyap\u0131s\u0131na yap\u0131lan yat\u0131r\u0131mlar\u0131n h\u0131z kesmeden s\u00fcrd\u00fc\u011f\u00fcn\u00fc belirterek, Bayrampa\u015fa\u2019ya kazand\u0131r\u0131lacak bu projenin \u00f6rnek nitelik ta\u015f\u0131d\u0131\u011f\u0131n\u0131 ifade etti.<\/span><\/span><\/span><\/span><\/span><\/span><\/p>\n<p style=\"margin-bottom:11px\"><span style=\"font-size:11pt\"><span style=\"line-height:150%\"><span style=\"font-family:Calibri,sans-serif\"><span style=\"font-size:12.0pt\"><span style=\"line-height:150%\"><span style=\",sans-serif\">Belediye Ba\u015fkan Vekili \u0130brahim Ak\u0131n\u2019\u0131n ev sahipli\u011fi yapt\u0131\u011f\u0131 programa, Bakan Bak\u2019\u0131n yan\u0131 s\u0131ra Bayrampa\u015fa Kaymakam\u0131 Abdullah \u00c7ift\u00e7i, AK Parti Bayrampa\u015fa \u0130l\u00e7e Ba\u015fkan\u0131 Mehmet Acar, spor camias\u0131n\u0131n \u00f6nde gelen isimleri ve y\u00fczlerce sporcu ile \u00e7ok say\u0131da davetli kat\u0131ld\u0131.<\/span><\/span><\/span><\/span><\/span><\/span><\/p>\n<p style=\"margin-bottom:11px\"><span style=\"font-size:11pt\"><span style=\"line-height:150%\"><span style=\"font-family:Calibri,sans-serif\"><b><span style=\"font-size:12.0pt\"><span style=\"line-height:150%\"><span style=\",sans-serif\">MODERN TES\u0130SLERLE YEN\u0130 D\u00d6NEM<\/span><\/span><\/span><\/b><\/span><\/span><\/span><\/p>\n<p style=\"margin-bottom:11px\"><span style=\"font-size:11pt\"><span style=\"line-height:150%\"><span style=\"font-family:Calibri,sans-serif\"><span style=\"font-size:12.0pt\"><span style=\"line-height:150%\"><span style=\",sans-serif\">Proje kapsam\u0131nda il\u00e7edeki spor altyap\u0131s\u0131 ba\u015ftan sona yenilenecek. Mevcut spor salonlar\u0131 modern standartlara kavu\u015fturulurken, a\u00e7\u0131k ve kapal\u0131 sahalar gen\u00e7lerin kullan\u0131m\u0131na uygun \u015fekilde d\u00fczenlenecek. Yeni nesil ekipmanlarla donat\u0131lm\u0131\u015f alanlar vatanda\u015flar\u0131n hizmetine sunulacak.<\/span><\/span><\/span><\/span><\/span><\/span><\/p>\n<p style=\"margin-bottom:11px\"><span style=\"font-size:11pt\"><span style=\"line-height:150%\"><span style=\"font-family:Calibri,sans-serif\"><span style=\"font-size:12.0pt\"><span style=\"line-height:150%\"><span style=\",sans-serif\">Bayrampa\u015fa Belediye Ba\u015fkan Vekili Ak\u0131n, yapt\u0131\u011f\u0131 a\u00e7\u0131klamada gen\u00e7lerin daha sa\u011fl\u0131kl\u0131 ve aktif bir ya\u015fam s\u00fcrmesi i\u00e7in t\u00fcm imk\u00e2nlar\u0131n seferber edildi\u011fini belirtti. Ak\u0131n, \u201cGen\u00e7lerimizin enerjisini do\u011fru alanlara y\u00f6nlendirmek ve onlar\u0131 sporla bulu\u015fturmak \u00f6nceli\u011fimiz\u201d dedi.<\/span><\/span><\/span><\/span><\/span><\/span><\/p>\n<p style=\"margin-bottom:11px\">\u00a0<\/p>\n<p style=\"margin-bottom:11px\"><span style=\"font-size:11pt\"><span style=\"line-height:150%\"><span style=\"font-family:Calibri,sans-serif\"><b><span style=\"font-size:12.0pt\"><span style=\"line-height:150%\"><span style=\",sans-serif\">AKIN\u2019DAN BAKAN BAK\u2019A TE\u015eEKK\u00dcR<\/span><\/span><\/span><\/b><\/span><\/span><\/span><\/p>\n<p style=\"margin-bottom:11px\"><span style=\"font-size:11pt\"><span style=\"line-height:150%\"><span style=\"font-family:Calibri,sans-serif\"><span style=\"font-size:12.0pt\"><span style=\"line-height:150%\"><span style=\",sans-serif\">Gen\u00e7lerin sporla b\u00fcy\u00fcmesini hedeflediklerini vurgulayan \u0130brahim Ak\u0131n, \u201cSporla b\u00fcy\u00fcyen, enerjisi y\u00fcksek bir gen\u00e7lik i\u00e7in durmadan \u00e7al\u0131\u015f\u0131yoruz. Bu b\u00fcy\u00fck yat\u0131r\u0131m ve verdikleri destek i\u00e7in de\u011ferli Bakan\u0131m\u0131z Say\u0131n Osman A\u015fk\u0131n Bak\u2019a te\u015fekk\u00fcr ediyoruz\u201d ifadelerini kulland\u0131.<\/span><\/span><\/span><\/span><\/span><\/span><\/p>\n<p style=\"margin-bottom:11px\"><span style=\"font-size:11pt\"><span style=\"line-height:150%\"><span style=\"font-family:Calibri,sans-serif\"><span style=\"font-size:12.0pt\"><span style=\"line-height:150%\"><span style=\",sans-serif\">Sporu Bayrampa\u015fa\u2019da bir ya\u015fam bi\u00e7imine d\u00f6n\u00fc\u015ft\u00fcrmek istediklerini s\u00f6yleyen Ak\u0131n, \u015funlar\u0131 s\u00f6yledi:<\/span><\/span><\/span><\/span><\/span><\/span><\/p>\n<p style=\"margin-bottom:11px\"><span style=\"font-size:11pt\"><span style=\"line-height:150%\"><span style=\"font-family:Calibri,sans-serif\"><span style=\"font-size:12.0pt\"><span style=\"line-height:150%\"><span style=\",sans-serif\">\u201c\u00d6n\u00fcm\u00fczdeki s\u00fcre\u00e7te Bayrampa\u015fa\u2019daki t\u00fcm spor tesislerimizi yenileyecek ve modernize edece\u011fiz. Amac\u0131m\u0131z \u00e7ok net: sporu Bayrampa\u015fa\u2019da 7\u2019den 70\u2019e herkes i\u00e7in bir ya\u015fam bi\u00e7imi haline getirmek. \u00c7ocuklar\u0131m\u0131z\u0131n sporla b\u00fcy\u00fcd\u00fc\u011f\u00fc, gen\u00e7lerimizin enerjisini sporla ortaya koydu\u011fu, b\u00fcy\u00fcklerimizin de sa\u011fl\u0131kl\u0131 ya\u015fam i\u00e7in sporla bulu\u015ftu\u011fu bir Bayrampa\u015fa hedefliyoruz.\u201d<\/span><\/span><\/span><\/span><\/span><\/span><\/p>\n<p style=\"margin-bottom:11px\"><span style=\"font-size:11pt\"><span style=\"line-height:150%\"><span style=\"font-family:Calibri,sans-serif\"><b><span style=\"font-size:12.0pt\"><span style=\"line-height:150%\"><span style=\",sans-serif\">BAYRAMPA\u015eA\u2019DA SPORUN GELECE\u011e\u0130 G\u00dc\u00c7LEN\u0130YOR<\/span><\/span><\/span><\/b><\/span><\/span><\/span><\/p>\n<p style=\"margin-bottom:11px\"><span style=\"font-size:11pt\"><span style=\"line-height:150%\"><span style=\"font-family:Calibri,sans-serif\"><span style=\"font-size:12.0pt\"><span style=\"line-height:150%\"><span style=\",sans-serif\">Hayata ge\u00e7irilecek yat\u0131r\u0131mla birlikte Bayrampa\u015fa\u2019da spor k\u00fclt\u00fcr\u00fcn\u00fcn daha da yayg\u0131nla\u015fmas\u0131, gen\u00e7lerin modern tesislerde daha fazla imk\u00e2nla spor yapabilmesi hedefleniyor. Projenin, il\u00e7enin sosyal ya\u015fam\u0131na ve sportif faaliyetlerine uzun vadeli katk\u0131 sunmas\u0131 bekleniyor. Yeni tesisler sayesinde t\u00fcm Bayrampa\u015fal\u0131\u2019lar, spor yaparak sa\u011fl\u0131kl\u0131 ve aktif bir ya\u015fam s\u00fcrd\u00fcrebilecek.<\/span><\/span><\/span><\/span><\/span><\/span><\/p>\n<p style=\"margin-bottom:11px\">\u00a0<\/p>\n<p style=\"margin-bottom:11px\">\u00a0<\/p>\n<p>Kaynak: (BYZHA) Beyaz Haber Ajans\u0131<\/p>\n","protected":false},"excerpt":{"rendered":"<p>Gen\u00e7lik ve Spor Bakan\u0131 Osman A\u015fk\u0131n Bak, \u0130stanbul Bayrampa\u015fa\u2019da hayata ge\u00e7irilecek 1 milyar 150 milyon TL\u2019lik dev spor yat\u0131r\u0131m\u0131yla il\u00e7edeki spor tesislerinin ba\u015ftan sona yenilenece\u011fini, gen\u00e7lere modern ve yeni nesil spor alanlar\u0131 kazand\u0131r\u0131laca\u011f\u0131n\u0131 a\u00e7\u0131klad\u0131.<\/p>\n","protected":false},"author":1,"featured_media":3272,"comment_status":"open","ping_status":"open","sticky":false,"template":"","format":"standard","meta":{"footnotes":""},"categories":[33],"tags":[],"class_list":["post-3271","post","type-post","status-publish","format-standard","has-post-thumbnail","hentry","category-spor"],"_links":{"self":[{"href":"https:\/\/ekonomievreni.com\/index.php?rest_route=\/wp\/v2\/posts\/3271","targetHints":{"allow":["GET"]}}],"collection":[{"href":"https:\/\/ekonomievreni.com\/index.php?rest_route=\/wp\/v2\/posts"}],"about":[{"href":"https:\/\/ekonomievreni.com\/index.php?rest_route=\/wp\/v2\/types\/post"}],"author":[{"embeddable":true,"href":"https:\/\/ekonomievreni.com\/index.php?rest_route=\/wp\/v2\/users\/1"}],"replies":[{"embeddable":true,"href":"https:\/\/ekonomievreni.com\/index.php?rest_route=%2Fwp%2Fv2%2Fcomments&post=3271"}],"version-history":[{"count":1,"href":"https:\/\/ekonomievreni.com\/index.php?rest_route=\/wp\/v2\/posts\/3271\/revisions"}],"predecessor-version":[{"id":3273,"href":"https:\/\/ekonomievreni.com\/index.php?rest_route=\/wp\/v2\/posts\/3271\/revisions\/3273"}],"wp:featuredmedia":[{"embeddable":true,"href":"https:\/\/ekonomievreni.com\/index.php?rest_route=\/wp\/v2\/media\/3272"}],"wp:attachment":[{"href":"https:\/\/ekonomievreni.com\/index.php?rest_route=%2Fwp%2Fv2%2Fmedia&parent=3271"}],"wp:term":[{"taxonomy":"category","embeddable":true,"href":"https:\/\/ekonomievreni.com\/index.php?rest_route=%2Fwp%2Fv2%2Fcategories&post=3271"},{"taxonomy":"post_tag","embeddable":true,"href":"https:\/\/ekonomievreni.com\/index.php?rest_route=%2Fwp%2Fv2%2Ftags&post=3271"}],"curies":[{"name":"wp","href":"https:\/\/api.w.org\/{rel}","templated":true}]}}