{"id":3265,"date":"2026-03-18T12:12:11","date_gmt":"2026-03-18T09:12:11","guid":{"rendered":"https:\/\/ekonomievreni.com\/?p=3265"},"modified":"2026-03-18T12:12:12","modified_gmt":"2026-03-18T09:12:12","slug":"3-geleneksel-canakkale-gecilmez-satranc-turnuvasinda-hamleler-konustu","status":"publish","type":"post","link":"https:\/\/ekonomievreni.com\/?p=3265","title":{"rendered":"3. Geleneksel \u00c7anakkale Ge\u00e7ilmez Satran\u00e7 Turnuvas\u0131\u2019nda Hamleler Konu\u015ftu"},"content":{"rendered":"<p> <span style=\"font-size:12pt\"><span style=\",serif\"><b><span style=\"font-size:14.0pt\">\u00c7anakkale Zaferi\u2019nin 111. y\u0131l\u0131 dolay\u0131s\u0131yla Beylikd\u00fcz\u00fc Belediyesi taraf\u0131ndan d\u00fczenlenen 3. Geleneksel \u00c7anakkale Ge\u00e7ilmez Satran\u00e7 Turnuvas\u0131 tamamland\u0131. 11 farkl\u0131 ilden 320 sporcunun iki g\u00fcn boyunca m\u00fccadele etti\u011fi turnuvan\u0131n sonunda dereceye girenlere \u00f6d\u00fclleri takdim edildi. <\/span><\/b><\/span><\/span><\/p>\n<p><span style=\"font-size:12pt\"><span style=\",serif\">Beylikd\u00fcz\u00fc Belediyesi, T\u00fcrkiye Satran\u00e7 Federasyonu Beylikd\u00fcz\u00fc \u0130l\u00e7e Temsilcili\u011fi i\u015f birli\u011fiyle \u00c7anakkale Zaferi\u2019nin 111. y\u0131l\u0131nda \u201c3.Geleneksel \u00c7anakkale Ge\u00e7ilmez Satran\u00e7 Turnuvas\u0131\u201d d\u00fczenledi. Beylikd\u00fcz\u00fc Fatih Sultan Mehmet K\u00fclt\u00fcr ve Sanat Merkezi\u2019nde ger\u00e7ekle\u015fen ve iki g\u00fcn s\u00fcren turnuvada, T\u00fcrkiye\u2019nin 11 farkl\u0131 ilinden kat\u0131l\u0131m sa\u011flayan 320 sporcu hamlelerini konu\u015fturdu. 7-16 ya\u015f aras\u0131 sporcular\u0131n kat\u0131ld\u0131\u011f\u0131 ve 5 farkl\u0131 kategoride alt\u0131 turun oynand\u0131\u011f\u0131 turnuva \u00f6d\u00fcl t\u00f6reniyle sona erdi. Heyecan dolu m\u00fcsabakalar\u0131n ard\u0131ndan turnuvada ilk 3\u2019e girenlere derece kupalar\u0131 ve para \u00f6d\u00fcl\u00fc takdim edildi.<\/span><\/span><\/p>\n<p><span style=\"font-size:12pt\"><span style=\",serif\"><b>\u201cT\u00fcm hizmet ve etkinliklerimizle \u00e7ocuklar\u0131m\u0131z\u0131 gelece\u011fe haz\u0131rlamaya \u00e7al\u0131\u015f\u0131yoruz\u201d<\/b><\/span><\/span><\/p>\n<p><span style=\"font-size:12pt\"><span style=\",serif\">Beylikd\u00fcz\u00fc Belediye Ba\u015fkan Yard\u0131mc\u0131s\u0131 Emel Turan turnuvada yapt\u0131\u011f\u0131 konu\u015fmada, \u201cKurtulu\u015f m\u00fccadelesinde bu \u00fclke i\u00e7in m\u00fccadele etmi\u015f, can\u0131n\u0131 feda etmi\u015f ba\u015fta Mustafa Kemal Atat\u00fcrk olmak \u00fczere t\u00fcm \u015fehitlerimize Allahtan rahmet diliyor, minnetlerimizi sunuyoruz. Her y\u0131l oldu\u011fu gibi bu y\u0131l da turnuvam\u0131za g\u00f6sterdi\u011finiz yo\u011fun ilgi ve kat\u0131l\u0131m bizleri mutlu ediyor. Sadece Beylikd\u00fcz\u00fc\u2019nden de\u011fil, \u0130stanbul\u2019un farkl\u0131 il\u00e7elerinden ve \u00fclkemizin \u00e7e\u015fitli \u015fehirlerinden turnuvam\u0131z i\u00e7in gelenler var. Kat\u0131l\u0131m\u0131n\u0131z i\u00e7in her birinize ayr\u0131 ayr\u0131 te\u015fekk\u00fcr ediyorum. Herkesin bildi\u011fi gibi Belediye Ba\u015fkan\u0131m\u0131z Mehmet Murat \u00c7al\u0131k\u2019\u0131n \u00f6nceli\u011fi her zaman \u00e7ocuklard\u0131. Onun bu bak\u0131\u015f a\u00e7\u0131s\u0131yla biz de \u00e7al\u0131\u015fmalar\u0131m\u0131z\u0131 s\u00fcrd\u00fcr\u00fcyoruz. B\u00fct\u00fcn \u00e7ocuklara g\u00f6stermi\u015f olduklar\u0131 azim i\u00e7in te\u015fekk\u00fcr ediyorum. Hayatlar\u0131 boyunca bu m\u00fccadeleden vazge\u00e7mesinler. Gelecek onlar\u0131n. Biz de belediyemizin t\u00fcm hizmet ve etkinlikleriyle elimizden geldi\u011fince \u00e7ocuklar\u0131m\u0131z\u0131 gelece\u011fe haz\u0131rlamaya \u00e7al\u0131\u015f\u0131yoruz\u201d ifadelerini kulland\u0131. <\/span><\/span><\/p>\n<p>\u00a0<\/p>\n<p>\u00a0<\/p>\n<p>Kaynak: (BYZHA) Beyaz Haber Ajans\u0131<\/p>\n","protected":false},"excerpt":{"rendered":"<p>\u00c7anakkale Zaferi\u2019nin 111.<\/p>\n","protected":false},"author":1,"featured_media":3266,"comment_status":"open","ping_status":"open","sticky":false,"template":"","format":"standard","meta":{"footnotes":""},"categories":[33],"tags":[],"class_list":["post-3265","post","type-post","status-publish","format-standard","has-post-thumbnail","hentry","category-spor"],"_links":{"self":[{"href":"https:\/\/ekonomievreni.com\/index.php?rest_route=\/wp\/v2\/posts\/3265","targetHints":{"allow":["GET"]}}],"collection":[{"href":"https:\/\/ekonomievreni.com\/index.php?rest_route=\/wp\/v2\/posts"}],"about":[{"href":"https:\/\/ekonomievreni.com\/index.php?rest_route=\/wp\/v2\/types\/post"}],"author":[{"embeddable":true,"href":"https:\/\/ekonomievreni.com\/index.php?rest_route=\/wp\/v2\/users\/1"}],"replies":[{"embeddable":true,"href":"https:\/\/ekonomievreni.com\/index.php?rest_route=%2Fwp%2Fv2%2Fcomments&post=3265"}],"version-history":[{"count":1,"href":"https:\/\/ekonomievreni.com\/index.php?rest_route=\/wp\/v2\/posts\/3265\/revisions"}],"predecessor-version":[{"id":3267,"href":"https:\/\/ekonomievreni.com\/index.php?rest_route=\/wp\/v2\/posts\/3265\/revisions\/3267"}],"wp:featuredmedia":[{"embeddable":true,"href":"https:\/\/ekonomievreni.com\/index.php?rest_route=\/wp\/v2\/media\/3266"}],"wp:attachment":[{"href":"https:\/\/ekonomievreni.com\/index.php?rest_route=%2Fwp%2Fv2%2Fmedia&parent=3265"}],"wp:term":[{"taxonomy":"category","embeddable":true,"href":"https:\/\/ekonomievreni.com\/index.php?rest_route=%2Fwp%2Fv2%2Fcategories&post=3265"},{"taxonomy":"post_tag","embeddable":true,"href":"https:\/\/ekonomievreni.com\/index.php?rest_route=%2Fwp%2Fv2%2Ftags&post=3265"}],"curies":[{"name":"wp","href":"https:\/\/api.w.org\/{rel}","templated":true}]}}