{"id":3256,"date":"2026-03-18T11:40:28","date_gmt":"2026-03-18T08:40:28","guid":{"rendered":"https:\/\/ekonomievreni.com\/?p=3256"},"modified":"2026-03-18T11:40:29","modified_gmt":"2026-03-18T08:40:29","slug":"osmangazide-spor-camiasi-iftarda-bulustu","status":"publish","type":"post","link":"https:\/\/ekonomievreni.com\/?p=3256","title":{"rendered":"Osmangazi\u2019de Spor Camias\u0131 \u0130ftarda Bulu\u015ftu"},"content":{"rendered":"<p> <span style=\"font-size:12pt\"><span style=\",serif\"><span style=\"font-size:11.0pt\"><span style=\",serif\">Osmangazi Belediyesi, amat\u00f6r spor camias\u0131n\u0131 iftar program\u0131nda a\u011f\u0131rlad\u0131. Sporun birle\u015ftirici g\u00fcc\u00fcn\u00fcn vurguland\u0131\u011f\u0131 bulu\u015fmada birlik, dayan\u0131\u015fma ve gen\u00e7li\u011fe destek mesajlar\u0131 \u00f6ne \u00e7\u0131kt\u0131.<\/span><\/span><\/span><\/span><\/p>\n<p><span style=\"font-size:12pt\"><span style=\",serif\"><span style=\"font-size:11.0pt\"><span style=\",serif\">Spora ve sporcuya verdi\u011fi deste\u011fi her alanda s\u00fcrd\u00fcrerek, amat\u00f6r bran\u015flar\u0131n geli\u015fimine katk\u0131 sunan ve faaliyetleriyle gen\u00e7leri spora te\u015fvik eden Osmangazi Belediyesi, spor camias\u0131n\u0131 anlaml\u0131 bir organizasyonda bir araya getirdi. Bursa\u2019daki amat\u00f6r spor kul\u00fcplerinin ba\u015fkanlar\u0131, y\u00f6neticileri, antren\u00f6rleri ve sporcular\u0131, Osmangazi Belediyespor Kul\u00fcb\u00fc ile Osmangazi Kul\u00fcpler Birli\u011fi i\u015f birli\u011fiyle ger\u00e7ekle\u015fen iftar program\u0131nda a\u011f\u0131rland\u0131. <\/span><\/span><\/span><\/span><\/p>\n<p><span style=\"font-size:12pt\"><span style=\",serif\"><span style=\"font-size:11.0pt\"><span style=\",serif\">Osmangazi G\u00f6steri Merkezi\u2019ndeki iftara Osmangazi Belediyespor Kul\u00fcb\u00fc Ba\u015fkan\u0131 Fatih Karay\u0131lan, Osmangazi Kul\u00fcpler Birli\u011fi Ba\u015fkan\u0131 \u015eafak Y\u0131ld\u0131r\u0131m, CHP Bursa \u0130l Ba\u015fkan\u0131 Nihat Ye\u015filta\u015f, CHP Bursa Milletvekili Orhan Sar\u0131bal\u2019\u0131n yan\u0131 s\u0131ra \u00e7ok say\u0131da kul\u00fcp ba\u015fkan\u0131, y\u00f6netim kurulu \u00fcyesi, antren\u00f6r ve sporcu kat\u0131l\u0131m sa\u011flad\u0131. Ayn\u0131 sofrada bir araya gelen spor payda\u015flar\u0131, Ramazan ay\u0131n\u0131n manevi atmosferinde birlik ve beraberlik duygular\u0131n\u0131 peki\u015ftirdi.<\/span><\/span><\/span><\/span><\/p>\n<p><span style=\"font-size:12pt\"><span style=\",serif\"><b><span style=\"font-size:11.0pt\"><span style=\",serif\">\u201cAmac\u0131m\u0131z Osmangazi\u2019yi Sporun Kalbi Yapmak\u201d<\/span><\/span><\/b><\/span><\/span><\/p>\n<p><span style=\"font-size:12pt\"><span style=\",serif\"><span style=\"font-size:11.0pt\"><span style=\",serif\">Osmangazi Belediyesi\u2019nin spora ve sporcuya verdi\u011fi deste\u011fin alt\u0131 \u00e7izilen programda, amat\u00f6r spor kul\u00fcplerinin daha g\u00fc\u00e7l\u00fc hale gelmesi ad\u0131na yap\u0131lan \u00e7al\u0131\u015fmalar\u0131n artarak devam edece\u011fi mesaj\u0131 verildi.<\/span><\/span><\/span><\/span><\/p>\n<p><span style=\"font-size:12pt\"><span style=\",serif\"><span style=\"font-size:11.0pt\"><span style=\",serif\">Osmangazi Belediyespor Kul\u00fcb\u00fc Ba\u015fkan\u0131 Fatih Karay\u0131lan yapt\u0131\u011f\u0131 konu\u015fmada \u015funlar\u0131 kaydetti:<\/span><\/span><\/span><\/span><\/p>\n<p><span style=\"font-size:12pt\"><span style=\",serif\"><span style=\"font-size:11.0pt\"><span style=\",serif\">\u201cRamazan ay\u0131n\u0131n manevi ikliminin son g\u00fcnlerinde Osmangazi Kul\u00fcpler Birli\u011fi ile beraber organize etti\u011fimiz iftar yeme\u011finde birlikteyiz. Buradaki herkes benim ayn\u0131 zamanda mesai arkada\u015f\u0131m. Ben de bir spor kul\u00fcb\u00fc ba\u015fkan\u0131 olarak birlikte isti\u015fareler yap\u0131yoruz, birbirimizi her konuda destekliyoruz ve birlikte \u00e7al\u0131\u015f\u0131yoruz. Amac\u0131m\u0131z Bursa\u2019n\u0131n kalbi Osmangazi\u2019yi sporun kalbi yapmak. Dolay\u0131s\u0131yla ben t\u00fcm kat\u0131l\u0131mc\u0131lara te\u015fekk\u00fcr ediyorum, \u015fimdiden herkesin bayram\u0131n\u0131 kutluyorum. Hepinize hay\u0131rl\u0131 Ramazanlar diliyorum.\u201d<\/span><\/span><\/span><\/span><\/p>\n<p><span style=\"font-size:12pt\"><span style=\",serif\"><b><span style=\"font-size:11.0pt\"><span style=\",serif\">\u201cG\u00fc\u00e7l\u00fc Gen\u00e7lik G\u00fc\u00e7l\u00fc Toplum Demektir\u201d<\/span><\/span><\/b><\/span><\/span><\/p>\n<p><span style=\"font-size:12pt\"><span style=\",serif\"><span style=\"font-size:11.0pt\"><span style=\",serif\">Bir arada olmaktan dolay\u0131 duyduklar\u0131 memnuniyeti aktaran Osmangazi Kul\u00fcpler Birli\u011fi Ba\u015fkan\u0131 \u015eafak Y\u0131ld\u0131r\u0131m ise, \u201cSpor kul\u00fcpleri mahallelerin umududur, gen\u00e7lerin gelece\u011fidir. Toplumun birlik noktas\u0131d\u0131r, bu noktada spor kul\u00fcplerine ve gen\u00e7lerimize verdi\u011fi desteklerden dolay\u0131 Osmangazi Belediye Ba\u015fkan\u0131m\u0131z Erkan Ayd\u0131n\u2019a te\u015fekk\u00fcr etmek istiyorum. Bizler Osmangazi\u2019de sporun, dostlu\u011fun ve karde\u015fli\u011fin geli\u015fmesi i\u00e7in \u00e7al\u0131\u015fmaya devam edece\u011fiz. \u00c7\u00fcnk\u00fc inan\u0131yoruz ki g\u00fc\u00e7l\u00fc kul\u00fcpler, g\u00fc\u00e7l\u00fc gen\u00e7lik demektir, g\u00fc\u00e7l\u00fc gen\u00e7lik ise g\u00fc\u00e7l\u00fc bir toplum demektir\u201d ifadelerini kulland\u0131.<\/span><\/span><\/span><\/span><\/p>\n<p><span style=\"font-size:12pt\"><span style=\",serif\"><b><span style=\"font-size:11.0pt\"><span style=\",serif\">Osmangazi\u2019deki Spor Kul\u00fcplerinden Birlik Vurgusu<\/span><\/span><\/b><\/span><\/span><\/p>\n<p><span style=\"font-size:12pt\"><span style=\",serif\"><span style=\"font-size:11.0pt\"><span style=\",serif\">Sporun birle\u015ftirici g\u00fcc\u00fcne dikkat \u00e7eken CHP Bursa \u0130l Ba\u015fkan\u0131 Nihat Ye\u015filta\u015f ve CHP Bursa Milletvekili Orhan Sar\u0131bal, amat\u00f6r sporun desteklenmesinin \u00f6nemi vurgulayarak, sporun ayn\u0131 zamanda disiplin, dayan\u0131\u015fma ve karde\u015flik duygular\u0131n\u0131 da g\u00fc\u00e7lendirdi\u011fine i\u015faret etti. \u00d6zellikle gen\u00e7lerin k\u00f6t\u00fc al\u0131\u015fkanl\u0131klardan uzak tutulmas\u0131nda sporun \u00f6nemli bir rol \u00fcstlendi\u011finin bir kez daha alt\u0131 \u00e7izildi.<\/span><\/span><\/span><\/span><\/p>\n<p><span style=\"font-size:12pt\"><span style=\",serif\"><span style=\"font-size:11.0pt\"><span style=\",serif\">S\u0131cak ve samimi bir atmosferde ger\u00e7ekle\u015fen iftar program\u0131, spor camias\u0131 temsilcilerinin kar\u015f\u0131l\u0131kl\u0131 g\u00f6r\u00fc\u015f al\u0131\u015fveri\u015finde bulunmas\u0131yla devam etti. Ayn\u0131 hedef etraf\u0131nda birle\u015fen kat\u0131l\u0131mc\u0131lar, Bursa\u2019da sporun daha ileriye ta\u015f\u0131nmas\u0131 ad\u0131na birlikte hareket etme kararl\u0131l\u0131\u011f\u0131n\u0131 ortaya koydu.<\/span><\/span><\/span><\/span><\/p>\n<p>\u00a0<\/p>\n<p>Kaynak: (BYZHA) Beyaz Haber Ajans\u0131<\/p>\n","protected":false},"excerpt":{"rendered":"<p>Osmangazi Belediyesi, amat\u00f6r spor camias\u0131n\u0131 iftar program\u0131nda a\u011f\u0131rlad\u0131.<\/p>\n","protected":false},"author":1,"featured_media":3257,"comment_status":"open","ping_status":"open","sticky":false,"template":"","format":"standard","meta":{"footnotes":""},"categories":[33],"tags":[],"class_list":["post-3256","post","type-post","status-publish","format-standard","has-post-thumbnail","hentry","category-spor"],"_links":{"self":[{"href":"https:\/\/ekonomievreni.com\/index.php?rest_route=\/wp\/v2\/posts\/3256","targetHints":{"allow":["GET"]}}],"collection":[{"href":"https:\/\/ekonomievreni.com\/index.php?rest_route=\/wp\/v2\/posts"}],"about":[{"href":"https:\/\/ekonomievreni.com\/index.php?rest_route=\/wp\/v2\/types\/post"}],"author":[{"embeddable":true,"href":"https:\/\/ekonomievreni.com\/index.php?rest_route=\/wp\/v2\/users\/1"}],"replies":[{"embeddable":true,"href":"https:\/\/ekonomievreni.com\/index.php?rest_route=%2Fwp%2Fv2%2Fcomments&post=3256"}],"version-history":[{"count":1,"href":"https:\/\/ekonomievreni.com\/index.php?rest_route=\/wp\/v2\/posts\/3256\/revisions"}],"predecessor-version":[{"id":3258,"href":"https:\/\/ekonomievreni.com\/index.php?rest_route=\/wp\/v2\/posts\/3256\/revisions\/3258"}],"wp:featuredmedia":[{"embeddable":true,"href":"https:\/\/ekonomievreni.com\/index.php?rest_route=\/wp\/v2\/media\/3257"}],"wp:attachment":[{"href":"https:\/\/ekonomievreni.com\/index.php?rest_route=%2Fwp%2Fv2%2Fmedia&parent=3256"}],"wp:term":[{"taxonomy":"category","embeddable":true,"href":"https:\/\/ekonomievreni.com\/index.php?rest_route=%2Fwp%2Fv2%2Fcategories&post=3256"},{"taxonomy":"post_tag","embeddable":true,"href":"https:\/\/ekonomievreni.com\/index.php?rest_route=%2Fwp%2Fv2%2Ftags&post=3256"}],"curies":[{"name":"wp","href":"https:\/\/api.w.org\/{rel}","templated":true}]}}