{"id":3250,"date":"2026-03-18T11:11:58","date_gmt":"2026-03-18T08:11:58","guid":{"rendered":"https:\/\/ekonomievreni.com\/?p=3250"},"modified":"2026-03-18T11:11:59","modified_gmt":"2026-03-18T08:11:59","slug":"dis-ticaret-endeksleri-ocak-2026","status":"publish","type":"post","link":"https:\/\/ekonomievreni.com\/?p=3250","title":{"rendered":"D\u0131\u015f Ticaret Endeksleri, Ocak 2026"},"content":{"rendered":"<p> <strong>\u0130hracat birim de\u011fer endeksi %13,0 artt\u0131<\/strong><\/p>\n<p>\u0130hracat birim de\u011fer endeksi Ocak ay\u0131nda bir \u00f6nceki y\u0131l\u0131n ayn\u0131 ay\u0131na g\u00f6re %13,0 artt\u0131. Endeks bir \u00f6nceki y\u0131l\u0131n ayn\u0131 ay\u0131na g\u00f6re g\u0131da, i\u00e7ecek ve t\u00fct\u00fcnde %15,4 artt\u0131, ham maddelerde (yak\u0131t hari\u00e7) %10,5 artt\u0131, yak\u0131tlarda %9,8 azald\u0131, imalat sanayinde (g\u0131da, i\u00e7ecek, t\u00fct\u00fcn hari\u00e7) %14,0 artt\u0131.<\/p>\n<p><strong>\u0130hracat miktar endeksi %15,1 azald\u0131<\/strong><\/p>\n<p>\u0130hracat miktar endeksi Ocak ay\u0131nda bir \u00f6nceki y\u0131l\u0131n ayn\u0131 ay\u0131na g\u00f6re %15,1 azald\u0131. Endeks bir \u00f6nceki y\u0131l\u0131n ayn\u0131 ay\u0131na g\u00f6re g\u0131da, i\u00e7ecek ve t\u00fct\u00fcnde %12,5 azald\u0131, ham maddelerde (yak\u0131t hari\u00e7) %8,4 azald\u0131, yak\u0131tlarda %20,8 azald\u0131, imalat sanayinde (g\u0131da, i\u00e7ecek, t\u00fct\u00fcn hari\u00e7) %14,6 azald\u0131.<\/p>\n<p><strong>\u0130hracat birim de\u011fer ve miktar endeksleri, Ocak 2026<br \/>[2015=100]<\/strong><img loading=\"lazy\" decoding=\"async\" height=\"800\" src=\"https:\/\/www.beyazhaberajansi.com\/images\/files\/2026\/03\/69ba5e0ca02e0.png\" width=\"1830\" \/><\/p>\n<p><strong>\u0130thalat birim de\u011fer endeksi %6,3 artt\u0131<\/strong><\/p>\n<p>\u0130thalat birim de\u011fer endeksi Ocak ay\u0131nda bir \u00f6nceki y\u0131l\u0131n ayn\u0131 ay\u0131na g\u00f6re %6,3 artt\u0131. Endeks bir \u00f6nceki y\u0131l\u0131n ayn\u0131 ay\u0131na g\u00f6re, g\u0131da, i\u00e7ecek ve t\u00fct\u00fcnde %7,3 artt\u0131, yak\u0131tlarda %16,9 azald\u0131, ham maddelerde (yak\u0131t hari\u00e7) %2,1 artt\u0131, imalat sanayinde (g\u0131da, i\u00e7ecek, t\u00fct\u00fcn hari\u00e7) %9,3 artt\u0131.<\/p>\n<p><strong>\u0130thalat miktar endeksi %5,8 azald\u0131<\/strong><\/p>\n<p>\u0130thalat miktar endeksi Ocak ay\u0131nda bir \u00f6nceki y\u0131l\u0131n ayn\u0131 ay\u0131na g\u00f6re %5,8 azald\u0131. Endeks bir \u00f6nceki y\u0131l\u0131n ayn\u0131 ay\u0131na g\u00f6re, g\u0131da, i\u00e7ecek ve t\u00fct\u00fcnde %4,5 azald\u0131, ham maddelerde (yak\u0131t hari\u00e7) %2,9 artt\u0131, yak\u0131tlarda %3,3 azald\u0131, imalat sanayinde (g\u0131da, i\u00e7ecek, t\u00fct\u00fcn hari\u00e7) %3,5 azald\u0131.<\/p>\n<p><strong>\u0130thalat birim de\u011fer ve miktar endeksleri, Ocak 2026<br \/>[2015=100]<\/strong><img loading=\"lazy\" decoding=\"async\" height=\"800\" src=\"https:\/\/www.beyazhaberajansi.com\/images\/files\/2026\/03\/69ba5e172b431.png\" width=\"1830\" \/><strong>D\u0131\u015f ticaret endeksleri, Ocak 2026<\/strong><\/p>\n<p><strong>[2015=100]<\/strong><\/p>\n<table>\n<thead>\n<tr>\n<th>\u00a0<\/th>\n<th colspan=\"3\">\u0130hracat<\/th>\n<th colspan=\"3\">\u0130thalat<\/th>\n<\/tr>\n<tr>\n<td>\u00a0<\/td>\n<td colspan=\"2\">Endeks<\/td>\n<td>\u00a0<\/td>\n<td colspan=\"2\">Endeks<\/td>\n<td>\u00a0<\/td>\n<\/tr>\n<tr>\n<td>Sekt\u00f6rler<br \/>(SITC Rev.4)<\/td>\n<td>Ocak 2025<\/td>\n<td>Ocak 2026<\/td>\n<td>De\u011fi\u015fim<br \/>(%)<\/td>\n<td>Ocak 2025<\/td>\n<td>Ocak 2026<\/td>\n<td>De\u011fi\u015fim<br \/>(%)<\/td>\n<\/tr>\n<\/thead>\n<tbody>\n<tr>\n<td>\u00a0<\/td>\n<td colspan=\"6\">Birim de\u011fer endeksleri<\/td>\n<\/tr>\n<tr>\n<td><strong>Genel<\/strong><\/td>\n<td><strong>114,5<\/strong><\/td>\n<td><strong>129,4<\/strong><\/td>\n<td><strong>13,0<\/strong><\/td>\n<td><strong>127,8<\/strong><\/td>\n<td><strong>135,8<\/strong><\/td>\n<td><strong>6,3<\/strong><\/td>\n<\/tr>\n<tr>\n<td>G\u0131da, i\u00e7ecek ve t\u00fct\u00fcn<\/p>\n<\/td>\n<td>106,6<\/td>\n<td>123,1<\/td>\n<td>15,4<\/td>\n<td>123,0<\/td>\n<td>132,0<\/td>\n<td>7,3<\/td>\n<\/tr>\n<tr>\n<td>Hammaddeler (yak\u0131t hari\u00e7)<\/p>\n<\/td>\n<td>114,7<\/td>\n<td>126,8<\/td>\n<td>10,5<\/td>\n<td>128,2<\/td>\n<td>131,0<\/td>\n<td>2,1<\/td>\n<\/tr>\n<tr>\n<td>Yak\u0131tlar<\/p>\n<\/td>\n<td>134,1<\/td>\n<td>120,9<\/td>\n<td>-9,8<\/td>\n<td>166,7<\/td>\n<td>138,4<\/td>\n<td>-16,9<\/td>\n<\/tr>\n<tr>\n<td>\u0130malat (g\u0131da, i\u00e7ecek ve t\u00fct\u00fcn hari\u00e7)<\/p>\n<\/td>\n<td>114,2<\/td>\n<td>130,2<\/td>\n<td>14,0<\/td>\n<td>107,3<\/td>\n<td>117,3<\/td>\n<td>9,3<\/td>\n<\/tr>\n<tr>\n<td>SITC&#8217;de ba\u015fka bir yerde s\u0131n\u0131fland\u0131r\u0131lamayan mallar<\/p>\n<\/td>\n<td>218,1<\/td>\n<td>356,1<\/td>\n<td>63,3<\/td>\n<td>248,6<\/td>\n<td>445,4<\/td>\n<td>79,1<\/td>\n<\/tr>\n<tr>\n<td>\u00a0<\/td>\n<td colspan=\"6\">Miktar endeksleri<\/td>\n<\/tr>\n<tr>\n<td><strong>Genel<\/strong><\/td>\n<td><strong>146,9<\/strong><\/td>\n<td><strong>124,7<\/strong><\/td>\n<td><strong>-15,1<\/strong><\/td>\n<td><strong>126,0<\/strong><\/td>\n<td><strong>118,7<\/strong><\/td>\n<td><strong>-5,8<\/strong><\/td>\n<\/tr>\n<tr>\n<td>G\u0131da, i\u00e7ecek ve t\u00fct\u00fcn<\/p>\n<\/td>\n<td>162,5<\/td>\n<td>142,2<\/td>\n<td>-12,5<\/td>\n<td>192,8<\/td>\n<td>184,1<\/td>\n<td>-4,5<\/td>\n<\/tr>\n<tr>\n<td>Hammaddeler (yak\u0131t hari\u00e7)<\/p>\n<\/td>\n<td>170,4<\/td>\n<td>156,2<\/td>\n<td>-8,4<\/td>\n<td>120,0<\/td>\n<td>123,5<\/td>\n<td>2,9<\/td>\n<\/tr>\n<tr>\n<td>Yak\u0131tlar<\/p>\n<\/td>\n<td>224,0<\/td>\n<td>177,5<\/td>\n<td>-20,8<\/td>\n<td>118,9<\/td>\n<td>115,1<\/td>\n<td>-3,3<\/td>\n<\/tr>\n<tr>\n<td>\u0130malat (g\u0131da, i\u00e7ecek ve t\u00fct\u00fcn hari\u00e7)<\/p>\n<\/td>\n<td>146,4<\/td>\n<td>125,0<\/td>\n<td>-14,6<\/td>\n<td>130,1<\/td>\n<td>125,6<\/td>\n<td>-3,5<\/td>\n<\/tr>\n<tr>\n<td>SITC&#8217;de ba\u015fka bir yerde s\u0131n\u0131fland\u0131r\u0131lamayan mallar<\/p>\n<\/td>\n<td>29,5<\/td>\n<td>13,7<\/td>\n<td>-53,7<\/td>\n<td>193,2<\/td>\n<td>121,5<\/td>\n<td>-37,1<\/td>\n<\/tr>\n<\/tbody>\n<\/table>\n<p><small>STIC : Uluslararas\u0131 Standart Ticaret S\u0131n\u0131flamas\u0131<\/small><\/p>\n<p><strong>Mevsim ve takvim etkilerinden ar\u0131nd\u0131r\u0131lm\u0131\u015f ihracat miktar endeksi %5,0 azald\u0131<\/strong><\/p>\n<p>Mevsim ve takvim etkilerinden ar\u0131nd\u0131r\u0131lm\u0131\u015f seriye g\u00f6re ihracat miktar endeksi; 2026 Aral\u0131k ay\u0131nda 146,4 iken 2026 Ocak ay\u0131nda %5,0 oran\u0131nda azalarak 139,1 oldu. Takvim etkilerinden ar\u0131nd\u0131r\u0131lm\u0131\u015f seriye g\u00f6re ise ihracat miktar endeksi; 2025 y\u0131l\u0131 Ocak ay\u0131nda 139,3 iken 2026 y\u0131l\u0131 Ocak ay\u0131nda %11,7 oran\u0131nda azalarak 122,9 oldu.<\/p>\n<p><strong>Mevsim ve takvim etkilerinden ar\u0131nd\u0131r\u0131lm\u0131\u015f ithalat miktar endeksi %3,0 azald\u0131<\/strong><\/p>\n<p>Mevsim ve takvim etkilerinden ar\u0131nd\u0131r\u0131lm\u0131\u015f seriye g\u00f6re ithalat miktar endeksi; 2026 Aral\u0131k ay\u0131nda 130,6 iken 2026 Ocak ay\u0131nda %3,0 oran\u0131nda azalarak 126,7 oldu. Takvim etkilerinden ar\u0131nd\u0131r\u0131lm\u0131\u015f seriye g\u00f6re ise ithalat miktar endeksi; 2025 y\u0131l\u0131 Ocak ay\u0131nda 122,0 iken 2026 y\u0131l\u0131 Ocak ay\u0131nda %2,9 oran\u0131nda azalarak 118,5 oldu.<\/p>\n<p><strong>Mevsim ve takvim etkilerinden ar\u0131nd\u0131r\u0131lm\u0131\u015f d\u0131\u015f ticaret miktar endeksleri, Ocak 2026<br \/>[2015=100]<\/strong><img loading=\"lazy\" decoding=\"async\" height=\"800\" src=\"https:\/\/www.beyazhaberajansi.com\/images\/files\/2026\/03\/69ba5e24281da.png\" width=\"1830\" \/><\/p>\n<p><strong>D\u0131\u015f ticaret haddi 2026 y\u0131l\u0131 Ocak ay\u0131nda 95,3 olarak ger\u00e7ekle\u015fti<\/strong><\/p>\n<p>\u0130hracat birim de\u011fer endeksinin ithalat birim de\u011fer endeksine b\u00f6l\u00fcnmesiyle hesaplanan ve 2025 y\u0131l\u0131 Ocak ay\u0131nda 89,6 olarak elde edilmi\u015f olan d\u0131\u015f ticaret haddi, 5,7 puan artarak, 2026 y\u0131l\u0131 Ocak ay\u0131nda 95,3 oldu.<\/p>\n<p><strong>D\u0131\u015f ticaret hadleri, Ocak 2026<br \/>[2015=100]<\/strong><img loading=\"lazy\" decoding=\"async\" height=\"800\" src=\"https:\/\/www.beyazhaberajansi.com\/images\/files\/2026\/03\/69ba5e383b6ef.png\" width=\"1830\" \/><\/p>\n<p>Kaynak: (BYZHA) Beyaz Haber Ajans\u0131<\/p>\n","protected":false},"excerpt":{"rendered":"<p>\u0130hracat birim de\u011fer endeksi %13,0 artt\u0131    \u0130hracat birim de\u011fer endeksi Ocak ay\u0131nda bir \u00f6nceki y\u0131l\u0131n ayn\u0131 ay\u0131na g\u00f6re %13,0 artt\u0131.<\/p>\n","protected":false},"author":1,"featured_media":3251,"comment_status":"open","ping_status":"open","sticky":false,"template":"","format":"standard","meta":{"footnotes":""},"categories":[30],"tags":[],"class_list":["post-3250","post","type-post","status-publish","format-standard","has-post-thumbnail","hentry","category-ekonomi"],"_links":{"self":[{"href":"https:\/\/ekonomievreni.com\/index.php?rest_route=\/wp\/v2\/posts\/3250","targetHints":{"allow":["GET"]}}],"collection":[{"href":"https:\/\/ekonomievreni.com\/index.php?rest_route=\/wp\/v2\/posts"}],"about":[{"href":"https:\/\/ekonomievreni.com\/index.php?rest_route=\/wp\/v2\/types\/post"}],"author":[{"embeddable":true,"href":"https:\/\/ekonomievreni.com\/index.php?rest_route=\/wp\/v2\/users\/1"}],"replies":[{"embeddable":true,"href":"https:\/\/ekonomievreni.com\/index.php?rest_route=%2Fwp%2Fv2%2Fcomments&post=3250"}],"version-history":[{"count":1,"href":"https:\/\/ekonomievreni.com\/index.php?rest_route=\/wp\/v2\/posts\/3250\/revisions"}],"predecessor-version":[{"id":3252,"href":"https:\/\/ekonomievreni.com\/index.php?rest_route=\/wp\/v2\/posts\/3250\/revisions\/3252"}],"wp:featuredmedia":[{"embeddable":true,"href":"https:\/\/ekonomievreni.com\/index.php?rest_route=\/wp\/v2\/media\/3251"}],"wp:attachment":[{"href":"https:\/\/ekonomievreni.com\/index.php?rest_route=%2Fwp%2Fv2%2Fmedia&parent=3250"}],"wp:term":[{"taxonomy":"category","embeddable":true,"href":"https:\/\/ekonomievreni.com\/index.php?rest_route=%2Fwp%2Fv2%2Fcategories&post=3250"},{"taxonomy":"post_tag","embeddable":true,"href":"https:\/\/ekonomievreni.com\/index.php?rest_route=%2Fwp%2Fv2%2Ftags&post=3250"}],"curies":[{"name":"wp","href":"https:\/\/api.w.org\/{rel}","templated":true}]}}