{"id":3229,"date":"2026-03-17T23:20:53","date_gmt":"2026-03-17T20:20:53","guid":{"rendered":"https:\/\/ekonomievreni.com\/?p=3229"},"modified":"2026-03-17T23:20:54","modified_gmt":"2026-03-17T20:20:54","slug":"eczacibasi-dynavit-dortlu-final-icin-sahada","status":"publish","type":"post","link":"https:\/\/ekonomievreni.com\/?p=3229","title":{"rendered":"Eczac\u0131ba\u015f\u0131 Dynavit d\u00f6rtl\u00fc final i\u00e7in sahada!"},"content":{"rendered":"<p> CEV Zeren Group \u015eampiyonlar Ligi \u00e7eyrek final ilk ma\u00e7\u0131nda evinde KS DevelopRes Rzesz\u00f3w\u2019u ma\u011flup eden Eczac\u0131ba\u015f\u0131 Dynavit, r\u00f6van\u015f kar\u015f\u0131la\u015fmas\u0131 i\u00e7in Polonya\u2019ya gidiyor. Turuncu beyazl\u0131 ekip kar\u015f\u0131la\u015fmadan galip ayr\u0131larak d\u00f6rtl\u00fc finale ad\u0131n\u0131 yazd\u0131rmay\u0131 hedefliyor. Kar\u015f\u0131la\u015fma haz\u0131rl\u0131klar\u0131na t\u00fcm h\u0131z\u0131yla devam eden konuk ekip g\u00fcn\u00fc tek idmanla tamamlad\u0131.<\/p>\n<p>Kar\u015f\u0131la\u015fmayla ilgili g\u00f6r\u00fc\u015flerini aktaran<strong>\u00a0Eczac\u0131ba\u015f\u0131 Dynavit Ba\u015fantren\u00f6r\u00fc Giulio Bregoli;\u00a0<\/strong><em>\u201c\u0130lk ma\u00e7ta saham\u0131zda iyi bir performans ortaya koyarak \u00f6nemli bir galibiyet ald\u0131k. Ancak \u00e7eyrek final hen\u00fcz bitmi\u015f de\u011fil. Elde etti\u011fimiz avantaj\u0131n rehavetine kap\u0131lmadan, sanki daha \u00f6nce hi\u00e7 kar\u015f\u0131la\u015fmam\u0131\u015f\u0131z gibi Polonya\u2019daki r\u00f6van\u015f ma\u00e7\u0131na da ayn\u0131 ciddiyet ve odakla yakla\u015fmam\u0131z gerekiyor. Rakibimizin sahas\u0131nda g\u00fc\u00e7l\u00fc bir atmosfer olaca\u011f\u0131n\u0131 biliyoruz. Sahada oyun plan\u0131m\u0131za sad\u0131k kal\u0131p m\u00fccadelemizi s\u00fcrd\u00fcrd\u00fc\u011f\u00fcm\u00fcz s\u00fcrece final four hedefimize ula\u015fabilece\u011fimize inan\u0131yorum.\u201d\u00a0<\/em>dedi.<\/p>\n<p><strong>Eczac\u0131ba\u015f\u0131 Dynavit Pas\u00f6r \u00c7apraz\u0131 Magdalena Stysiak ise;\u00a0<\/strong><em>\u201c\u0130lk ma\u00e7ta iyi bir m\u00fccadele ortaya koyduk ve \u00f6nemli bir avantaj elde ettik ama i\u015fimizin hen\u00fcz bitmedi\u011fini biliyoruz. Polonya\u2019daki r\u00f6van\u015f ma\u00e7\u0131nda da ayn\u0131 enerji ve tak\u0131m oyununu sahaya yans\u0131tmak istiyoruz. Zorlu bir atmosfer olacak ama biz final four biletini almak i\u00e7in sahada elimizden geleni yapaca\u011f\u0131z\u201d<\/em>\u00a0dedi.<\/p>\n<p><strong>\u00c7eyrek final heyecan\u0131 TRT Spor ekranlar\u0131nda<\/strong><\/p>\n<p>KS DevelopRes Rzesz\u00f3w \u2013 Eczac\u0131ba\u015f\u0131 Dynavit kar\u015f\u0131la\u015fmas\u0131 18 Mart 2026 \u00c7ar\u015famba g\u00fcn\u00fc T\u00fcrkiye saati ile 22.30\u2019da Podpromie Hall\u2019da oynanacak. M\u00fccadele, TRT Spor ekranlar\u0131ndan naklen yay\u0131nlanacak.<\/p>\n<p><u>\u00a0<\/u><\/p>\n<p>\u00a0<\/p>\n<p>Kaynak: (BYZHA) Beyaz Haber Ajans\u0131<\/p>\n","protected":false},"excerpt":{"rendered":"<p>CEV Zeren Group \u015eampiyonlar Ligi \u00e7eyrek final ilk ma\u00e7\u0131nda evinde KS DevelopRes Rzesz\u00f3w\u2019u ma\u011flup eden Eczac\u0131ba\u015f\u0131 Dynavit, r\u00f6van\u015f kar\u015f\u0131la\u015fmas\u0131 i\u00e7in Polonya\u2019ya gidiyor.<\/p>\n","protected":false},"author":1,"featured_media":3230,"comment_status":"open","ping_status":"open","sticky":false,"template":"","format":"standard","meta":{"footnotes":""},"categories":[33],"tags":[],"class_list":["post-3229","post","type-post","status-publish","format-standard","has-post-thumbnail","hentry","category-spor"],"_links":{"self":[{"href":"https:\/\/ekonomievreni.com\/index.php?rest_route=\/wp\/v2\/posts\/3229","targetHints":{"allow":["GET"]}}],"collection":[{"href":"https:\/\/ekonomievreni.com\/index.php?rest_route=\/wp\/v2\/posts"}],"about":[{"href":"https:\/\/ekonomievreni.com\/index.php?rest_route=\/wp\/v2\/types\/post"}],"author":[{"embeddable":true,"href":"https:\/\/ekonomievreni.com\/index.php?rest_route=\/wp\/v2\/users\/1"}],"replies":[{"embeddable":true,"href":"https:\/\/ekonomievreni.com\/index.php?rest_route=%2Fwp%2Fv2%2Fcomments&post=3229"}],"version-history":[{"count":1,"href":"https:\/\/ekonomievreni.com\/index.php?rest_route=\/wp\/v2\/posts\/3229\/revisions"}],"predecessor-version":[{"id":3231,"href":"https:\/\/ekonomievreni.com\/index.php?rest_route=\/wp\/v2\/posts\/3229\/revisions\/3231"}],"wp:featuredmedia":[{"embeddable":true,"href":"https:\/\/ekonomievreni.com\/index.php?rest_route=\/wp\/v2\/media\/3230"}],"wp:attachment":[{"href":"https:\/\/ekonomievreni.com\/index.php?rest_route=%2Fwp%2Fv2%2Fmedia&parent=3229"}],"wp:term":[{"taxonomy":"category","embeddable":true,"href":"https:\/\/ekonomievreni.com\/index.php?rest_route=%2Fwp%2Fv2%2Fcategories&post=3229"},{"taxonomy":"post_tag","embeddable":true,"href":"https:\/\/ekonomievreni.com\/index.php?rest_route=%2Fwp%2Fv2%2Ftags&post=3229"}],"curies":[{"name":"wp","href":"https:\/\/api.w.org\/{rel}","templated":true}]}}