{"id":3226,"date":"2026-03-17T19:04:41","date_gmt":"2026-03-17T16:04:41","guid":{"rendered":"https:\/\/ekonomievreni.com\/?p=3226"},"modified":"2026-03-17T19:04:42","modified_gmt":"2026-03-17T16:04:42","slug":"dev-ekranda-liverpool-galatasaray-maci-heyecani","status":"publish","type":"post","link":"https:\/\/ekonomievreni.com\/?p=3226","title":{"rendered":"Dev Ekranda Liverpool &#8211; Galatasaray Ma\u00e7\u0131 Heyecan\u0131"},"content":{"rendered":"\n<p class=\"MsoNoSpacing\"><span style=\"font-size:11pt\"><span style=\"font-family:Calibri,sans-serif\"><span style=\"font-size:13.0pt\">Nev\u015fehir Belediyesi, Galatasaray\u2019\u0131n UEFA \u015eampiyonlar Ligi son 16 ma\u00e7\u0131nda deplasmanda kar\u015f\u0131la\u015faca\u011f\u0131 \u0130ngiliz devi Liverpool ma\u00e7\u0131 i\u00e7in Kapadokya K\u00fclt\u00fcr ve Sanat Merkezi\u2019nde yine dev ekran kuracak. <\/span><\/span><\/span><\/p>\n<p class=\"MsoNoSpacing\"><span style=\"font-size:11pt\"><span style=\"font-family:Calibri,sans-serif\"><span style=\"font-size:13.0pt\">UEFA \u015eampiyonlar Ligi\u2019nde bu sezon T\u00fcrkiye\u2019yi gururla temsil eden ve ald\u0131\u011f\u0131 ba\u015far\u0131l\u0131 sonu\u00e7larla son 16\u2019ya y\u00fckselen Galatasaray, yar\u0131n ak\u015fam saat 23.00\u2019de Anfield\u2019de Liverpool\u2019un konu\u011fu olacak. \u0130lk m\u00fcsabakas\u0131nda kendi evinde 1-0 galip gelerek avantaj yakalayan Galatasaray rakibini \u0130ngiltere\u2019de de yenerek ad\u0131n\u0131 \u00e7eyrek finale yazd\u0131rmak istiyor. <\/span><\/span><\/span><\/p>\n<p class=\"MsoNoSpacing\"><span style=\"font-size:11pt\"><span style=\"font-family:Calibri,sans-serif\"><span style=\"font-size:13.0pt\">Nev\u015fehirli futbolseverlerin dev ekranda takip edebilecekleri m\u00fcsabaka i\u00e7in \u00e7a\u011fr\u0131da bulunan Belediye Ba\u015fkan\u0131 Rasim Ar\u0131, Liverpool \u2013 Galatasaray ma\u00e7\u0131n\u0131 izlemek i\u00e7in t\u00fcm vatanda\u015flar\u0131 Kapadokya K\u00fclt\u00fcr ve Sanat merkezine davet etti.<\/span><\/span><\/span><\/p>\n<p class=\"MsoNoSpacing\">\u00a0<\/p>\n<p class=\"MsoNoSpacing\"><span style=\"font-size:11pt\"><span style=\"font-family:Calibri,sans-serif\"><span class=\"MsoSubtleEmphasis\" style=\"color:gray\"><span style=\"font-style:italic\"><b><span style=\"font-size:14.0pt\">Liverpool &#8211; Galatasaray UEFA \u015eampiyonlar Ligi M\u00fcsabakas\u0131<\/span><\/b><\/span><\/span><\/span><\/span><\/p>\n<p class=\"MsoNoSpacing\"><span style=\"font-size:11pt\"><span style=\"font-family:Calibri,sans-serif\"><span class=\"MsoSubtleEmphasis\" style=\"color:gray\"><span style=\"font-style:italic\"><span style=\"font-size:14.0pt\">Tarih\u00a0 \u00a0\u00a0\u00a0\u00a0\u00a0\u00a0\u00a0\u00a0\u00a0\u00a0\u00a0 : 18 Mart 2026 \u00c7ar\u015famba<\/span><\/span><\/span><\/span><\/span><\/p>\n<p class=\"MsoNoSpacing\"><span style=\"font-size:11pt\"><span style=\"font-family:Calibri,sans-serif\"><span class=\"MsoSubtleEmphasis\" style=\"color:gray\"><span style=\"font-style:italic\"><span style=\"font-size:14.0pt\">Saat\u00a0\u00a0 \u00a0\u00a0\u00a0\u00a0\u00a0\u00a0\u00a0\u00a0\u00a0\u00a0\u00a0 : 23.00<\/span><\/span><\/span><\/span><\/span><\/p>\n<p class=\"MsoNoSpacing\"><span style=\"font-size:11pt\"><span style=\"font-family:Calibri,sans-serif\"><span class=\"MsoSubtleEmphasis\" style=\"color:gray\"><span style=\"font-style:italic\"><span style=\"font-size:14.0pt\">Yer\u00a0\u00a0\u00a0\u00a0\u00a0\u00a0\u00a0\u00a0\u00a0\u00a0\u00a0\u00a0\u00a0\u00a0\u00a0\u00a0 : Kapadokya K\u00fclt\u00fcr ve Sanat Merkezi<\/span><\/span><\/span>\u00a0<\/span><\/span><\/p>\n<p class=\"MsoNoSpacing\">\u00a0<\/p>\n<p>Kaynak: (BYZHA) Beyaz Haber Ajans\u0131<\/p>\n","protected":false},"excerpt":{"rendered":"<p>Nev\u015fehir Belediyesi, Galatasaray\u2019\u0131n UEFA \u015eampiyonlar Ligi son 16 ma\u00e7\u0131nda deplasmanda kar\u015f\u0131la\u015faca\u011f\u0131 \u0130ngiliz devi Liverpool ma\u00e7\u0131 i\u00e7in Kapadokya K\u00fclt\u00fcr ve Sanat Merkezi\u2019nde yine dev ekran kuracak.<\/p>\n","protected":false},"author":1,"featured_media":3227,"comment_status":"open","ping_status":"open","sticky":false,"template":"","format":"standard","meta":{"footnotes":""},"categories":[33],"tags":[],"class_list":["post-3226","post","type-post","status-publish","format-standard","has-post-thumbnail","hentry","category-spor"],"_links":{"self":[{"href":"https:\/\/ekonomievreni.com\/index.php?rest_route=\/wp\/v2\/posts\/3226","targetHints":{"allow":["GET"]}}],"collection":[{"href":"https:\/\/ekonomievreni.com\/index.php?rest_route=\/wp\/v2\/posts"}],"about":[{"href":"https:\/\/ekonomievreni.com\/index.php?rest_route=\/wp\/v2\/types\/post"}],"author":[{"embeddable":true,"href":"https:\/\/ekonomievreni.com\/index.php?rest_route=\/wp\/v2\/users\/1"}],"replies":[{"embeddable":true,"href":"https:\/\/ekonomievreni.com\/index.php?rest_route=%2Fwp%2Fv2%2Fcomments&post=3226"}],"version-history":[{"count":1,"href":"https:\/\/ekonomievreni.com\/index.php?rest_route=\/wp\/v2\/posts\/3226\/revisions"}],"predecessor-version":[{"id":3228,"href":"https:\/\/ekonomievreni.com\/index.php?rest_route=\/wp\/v2\/posts\/3226\/revisions\/3228"}],"wp:featuredmedia":[{"embeddable":true,"href":"https:\/\/ekonomievreni.com\/index.php?rest_route=\/wp\/v2\/media\/3227"}],"wp:attachment":[{"href":"https:\/\/ekonomievreni.com\/index.php?rest_route=%2Fwp%2Fv2%2Fmedia&parent=3226"}],"wp:term":[{"taxonomy":"category","embeddable":true,"href":"https:\/\/ekonomievreni.com\/index.php?rest_route=%2Fwp%2Fv2%2Fcategories&post=3226"},{"taxonomy":"post_tag","embeddable":true,"href":"https:\/\/ekonomievreni.com\/index.php?rest_route=%2Fwp%2Fv2%2Ftags&post=3226"}],"curies":[{"name":"wp","href":"https:\/\/api.w.org\/{rel}","templated":true}]}}