{"id":3223,"date":"2026-03-17T18:50:26","date_gmt":"2026-03-17T15:50:26","guid":{"rendered":"https:\/\/ekonomievreni.com\/?p=3223"},"modified":"2026-03-17T18:50:27","modified_gmt":"2026-03-17T15:50:27","slug":"buyuksehirli-ramazan-yilmaz-tour-of-antalyadan-3-madalyayla-dondu","status":"publish","type":"post","link":"https:\/\/ekonomievreni.com\/?p=3223","title":{"rendered":"B\u00fcy\u00fck\u015fehirli Ramazan Y\u0131lmaz Tour Of Antalya\u2019dan 3 Madalyayla D\u00f6nd\u00fc"},"content":{"rendered":"\n<p data-asw-org-font-size=\"14\"><strong>Konya B\u00fcy\u00fck\u015fehir Belediyespor Bisiklet Tak\u0131m\u0131n\u0131n ba\u015far\u0131l\u0131 sporcular\u0131ndan Ramazan Y\u0131lmaz, 13 farkl\u0131 \u00fclkeden 135 sporcunun kat\u0131l\u0131m\u0131yla 6\u2019nc\u0131s\u0131 d\u00fczenlenen Tour of Antalya\u2019da g\u00f6sterdi\u011fi performansla b\u00fcy\u00fck alk\u0131\u015f ald\u0131. 4 g\u00fcn s\u00fcren yar\u0131\u015flar sonunda Y\u0131lmaz; 1 alt\u0131n, 1 g\u00fcm\u00fc\u015f ve 1 bronz madalya kazanarak Konya\u2019n\u0131n gururu oldu.<\/strong><\/p>\n<hr \/>\n<p data-asw-org-font-size=\"14\">T\u00fcrkiye Bisiklet Federasyonu ile Uluslararas\u0131 Bisiklet Birli\u011fi taraf\u0131ndan d\u00fczenlenen 6. Tour of Antalya, Antalya\u2019da ko\u015fuldu.<\/p>\n<p data-asw-org-font-size=\"14\">13 farkl\u0131 \u00fclkeden 24 tak\u0131m ve 135 sporcunun kat\u0131l\u0131m\u0131yla 12-15 Mart tarihleri aras\u0131nda 4 etapta d\u00fczenlenen ve b\u00fcy\u00fck ilgi g\u00f6ren yar\u0131\u015flarda Konya B\u00fcy\u00fck\u015fehir Belediyespor Bisiklet Tak\u0131m\u0131 6 sporcuyla m\u00fccadele etti.\u00a0<\/p>\n<p data-asw-org-font-size=\"14\">D\u00fcnyan\u0131n farkl\u0131 \u00fclkelerinden profesyonel tak\u0131mlar\u0131 ve sporcular\u0131 bir araya getiren dev organizasyonda B\u00fcy\u00fck\u015fehirli sporcu Ramazan Y\u0131lmaz, performans\u0131yla Konya\u2019y\u0131 bir kez daha gururland\u0131rd\u0131.\u00a0<\/p>\n<p data-asw-org-font-size=\"14\">Ba\u015far\u0131l\u0131 sporcu, 4 g\u00fcn s\u00fcren yar\u0131\u015flar sonucunda 1 alt\u0131n, 1 g\u00fcm\u00fc\u015f, 1 bronz madalya kazan\u0131rken Tour of Antalya\u2019dan en iyi sprintere verilen Fraport TAV Lacivert Sprint Formas\u0131 ile turnuvadan ayr\u0131ld\u0131.<\/p>\n<p data-asw-org-font-size=\"14\"><strong>A\u00c7ILI\u015e YARI\u015eINDA 3.OLDU<\/strong><\/p>\n<p data-asw-org-font-size=\"14\">Tour of Antalya ilk yar\u0131\u015f\u0131 145 kilometre olarak ko\u015fuldu. 1.tur yar\u0131\u015f\u0131na iyi ba\u015flayan Ramazan Y\u0131lmaz, g\u00fc\u00e7l\u00fc performans\u0131yla biti\u015fi 3. s\u0131rada ge\u00e7ti. Ba\u015far\u0131l\u0131 sporcu, bu derecesinin yan\u0131 s\u0131ra yar\u0131\u015f\u0131n \u201cEn \u0130yi Gen\u00e7 Sporcusu\u201d olarak Beyaz Forma\u2019y\u0131 s\u0131rtlad\u0131.<\/p>\n<p data-asw-org-font-size=\"14\"><strong>2.G\u00dcN \u015eAMP\u0130YONLUK \u0130P\u0130N\u0130 G\u00d6\u011e\u00dcSLED\u0130<\/strong><\/p>\n<p data-asw-org-font-size=\"14\">2.etab\u0131 135 kilometre olarak d\u00fczenlenen yar\u0131\u015f ise b\u00fcy\u00fck heyecana sahne oldu. Biti\u015fe kadar k\u0131yas\u0131ya rekabet ya\u015fand\u0131\u011f\u0131 etab\u0131 Konya B\u00fcy\u00fck\u015fehir Belediyesporlu Ramazan Y\u0131lmaz, 1\u2019nci s\u0131rada bitirerek \u015fampiyonluk elde etti.\u00a0<\/p>\n<p data-asw-org-font-size=\"14\">Ba\u015far\u0131l\u0131 sporcu, bu yar\u0131\u015fta giyilebilecek 4 forman\u0131n \u00fc\u00e7\u00fcnde liderli\u011fi elinde bulundurdu. Ramazan, 2.etap yar\u0131\u015f\u0131 sonunda beyaz forma, lacivert forma ve genel klasman liderli\u011fini vurgulayan turkuaz forman\u0131n sahibi olan sporcu oldu.<\/p>\n<p data-asw-org-font-size=\"14\">3. g\u00fcn yoku\u015f etab\u0131nda genel klasman ve beyaz formay\u0131 beklendi\u011fi \u00fczere yoku\u015fculara b\u0131rakan Ramazan Y\u0131lmaz, etab\u0131 tamamlay\u0131p 4.g\u00fcne kat\u0131lmay\u0131 garantiledi.<\/p>\n<p data-asw-org-font-size=\"14\"><strong>KAPANI\u015e ETABINDA L\u0130DERL\u0130\u011e\u0130 KA\u00c7IRDI<\/strong><\/p>\n<p data-asw-org-font-size=\"14\">140 kilometrelik kapan\u0131\u015f etab\u0131nda galibiyet sevincini erken ya\u015fayan Ramazan, son 1 metre kala jant fark\u0131 ile etab\u0131 2. tamamlad\u0131. Yar\u0131\u015flar\u0131n puan klasman\u0131nda ise zirvede yer ald\u0131.\u00a0<\/p>\n<p data-asw-org-font-size=\"14\">Antalya\u2019da ba\u015far\u0131l\u0131 sonu\u00e7lara imza atan Ramazan Y\u0131lmaz, yar\u0131\u015flar sonucunda yard\u0131mlar\u0131ndan dolay\u0131 tak\u0131m arkada\u015flar\u0131na te\u015fekk\u00fcr etti.<\/p>\n<p data-asw-org-font-size=\"14\">\u00a0<\/p>\n<p data-asw-org-font-size=\"14\">\u00a0<\/p>\n<p>Kaynak: (BYZHA) Beyaz Haber Ajans\u0131<\/p>\n","protected":false},"excerpt":{"rendered":"<p>Konya B\u00fcy\u00fck\u015fehir Belediyespor Bisiklet Tak\u0131m\u0131n\u0131n ba\u015far\u0131l\u0131 sporcular\u0131ndan Ramazan Y\u0131lmaz, 13 farkl\u0131 \u00fclkeden 135 sporcunun kat\u0131l\u0131m\u0131yla 6\u2019nc\u0131s\u0131 d\u00fczenlenen Tour of Antalya\u2019da g\u00f6sterdi\u011fi performansla b\u00fcy\u00fck alk\u0131\u015f ald\u0131.<\/p>\n","protected":false},"author":1,"featured_media":3224,"comment_status":"open","ping_status":"open","sticky":false,"template":"","format":"standard","meta":{"footnotes":""},"categories":[33],"tags":[],"class_list":["post-3223","post","type-post","status-publish","format-standard","has-post-thumbnail","hentry","category-spor"],"_links":{"self":[{"href":"https:\/\/ekonomievreni.com\/index.php?rest_route=\/wp\/v2\/posts\/3223","targetHints":{"allow":["GET"]}}],"collection":[{"href":"https:\/\/ekonomievreni.com\/index.php?rest_route=\/wp\/v2\/posts"}],"about":[{"href":"https:\/\/ekonomievreni.com\/index.php?rest_route=\/wp\/v2\/types\/post"}],"author":[{"embeddable":true,"href":"https:\/\/ekonomievreni.com\/index.php?rest_route=\/wp\/v2\/users\/1"}],"replies":[{"embeddable":true,"href":"https:\/\/ekonomievreni.com\/index.php?rest_route=%2Fwp%2Fv2%2Fcomments&post=3223"}],"version-history":[{"count":1,"href":"https:\/\/ekonomievreni.com\/index.php?rest_route=\/wp\/v2\/posts\/3223\/revisions"}],"predecessor-version":[{"id":3225,"href":"https:\/\/ekonomievreni.com\/index.php?rest_route=\/wp\/v2\/posts\/3223\/revisions\/3225"}],"wp:featuredmedia":[{"embeddable":true,"href":"https:\/\/ekonomievreni.com\/index.php?rest_route=\/wp\/v2\/media\/3224"}],"wp:attachment":[{"href":"https:\/\/ekonomievreni.com\/index.php?rest_route=%2Fwp%2Fv2%2Fmedia&parent=3223"}],"wp:term":[{"taxonomy":"category","embeddable":true,"href":"https:\/\/ekonomievreni.com\/index.php?rest_route=%2Fwp%2Fv2%2Fcategories&post=3223"},{"taxonomy":"post_tag","embeddable":true,"href":"https:\/\/ekonomievreni.com\/index.php?rest_route=%2Fwp%2Fv2%2Ftags&post=3223"}],"curies":[{"name":"wp","href":"https:\/\/api.w.org\/{rel}","templated":true}]}}