{"id":3208,"date":"2026-03-17T13:30:24","date_gmt":"2026-03-17T10:30:24","guid":{"rendered":"https:\/\/ekonomievreni.com\/?p=3208"},"modified":"2026-03-17T13:30:24","modified_gmt":"2026-03-17T10:30:24","slug":"avrupa-orta-dogu-ve-kuresel-sermaye-cannesda-ayni-sofrada-bulustu","status":"publish","type":"post","link":"https:\/\/ekonomievreni.com\/?p=3208","title":{"rendered":"Avrupa, Orta Do\u011fu ve K\u00fcresel Sermaye Cannes&#8217;da ayn\u0131 sofrada bulu\u015ftu"},"content":{"rendered":"<p> D\u00fcnyan\u0131n en prestijli gayrimenkul ve \u015fehircilik etkinliklerinden biri olan MIPIM 2026 kapsam\u0131nda, T\u00fcrkiye temsilcili\u011fini y\u00fcr\u00fcten Alka\u015f taraf\u0131ndan d\u00fczenlenen uluslararas\u0131 iftar daveti, sekt\u00f6r\u00fcn \u00f6nde gelen isimlerini Cannes\u2019da bir araya getirdi.<\/p>\n<p>11 Mart 2026 tarihinde H\u00f4tel Barri\u00e8re Le Majestic\u2019te ger\u00e7ekle\u015ftirilen davet; Avrupa, Orta Do\u011fu ve farkl\u0131 co\u011frafyalardan yat\u0131r\u0131mc\u0131lar\u0131, geli\u015ftiricileri, kamu temsilcilerini ve gayrimenkul sekt\u00f6r\u00fcn\u00fcn \u00f6nde gelen profesyonellerini ayn\u0131 sofrada bulu\u015fturdu.<\/p>\n<p>Gecede T\u00fcrkiye Cumhuriyeti Cumhurba\u015fkanl\u0131\u011f\u0131 Yat\u0131r\u0131m ve Finans Ofisi Ba\u015fkan\u0131\u00a0<b>Burak Da\u011fl\u0131o\u011flu<\/b>, Marsilya Ba\u015fkonsolosu\u00a0<b>Derhan Do\u011fan<\/b>, Emlak Konut GYO Genel M\u00fcd\u00fcr\u00a0<b>Yasir Y\u0131lmaz<\/b>\u00a0 ve \u00a0<b>Suudi Arabistan Yat\u0131r\u0131m Bakanl\u0131\u011f\u0131 Bakan Yard\u0131mc\u0131s\u0131 Fahad Alhasem<\/b>\u00a0ba\u015fta olmak \u00fczere \u00e7ok say\u0131da uluslararas\u0131 sekt\u00f6r temsilcisi yer ald\u0131.<\/p>\n<p>MIPIM haftas\u0131n\u0131n en dikkat \u00e7eken bulu\u015fmalar\u0131ndan biri olan uluslararas\u0131 iftar daveti; farkl\u0131 \u00fclkelerden yat\u0131r\u0131mc\u0131lar, geli\u015ftiriciler ve karar vericiler aras\u0131nda g\u00fc\u00e7l\u00fc bir networking ortam\u0131 olu\u015ftururken, T\u00fcrkiye\u2019nin uluslararas\u0131 gayrimenkul ekosistemindeki rol\u00fcn\u00fc de bir kez daha ortaya koydu.<\/p>\n<p>Uluslararas\u0131 iftar bulu\u015fmas\u0131;\u00a0<b>Emlak Konut GYO, Arta\u015f Holding ve Nata Holding\u2019in ana sponsorlu\u011funda<\/b>,\u00a0<b>ArsaVev\u2019in co-sponsorlu\u011funda<\/b>\u00a0ger\u00e7ekle\u015ftirildi.<\/p>\n<p>MIPIM haftas\u0131nda ger\u00e7ekle\u015fen bu \u00f6zel bulu\u015fma, k\u00fcresel gayrimenkul d\u00fcnyas\u0131nda yeni i\u015f birliklerinin ve g\u00fc\u00e7l\u00fc diyaloglar\u0131n kurulmas\u0131na katk\u0131 sa\u011flayan \u00f6nemli bir platform olarak \u00f6ne \u00e7\u0131kt\u0131<\/p>\n<p>Kaynak: (BYZHA) Beyaz Haber Ajans\u0131<\/p>\n","protected":false},"excerpt":{"rendered":"<p>D\u00fcnyan\u0131n en prestijli gayrimenkul ve \u015fehircilik etkinliklerinden biri olan MIPIM 2026 kapsam\u0131nda, T\u00fcrkiye temsilcili\u011fini y\u00fcr\u00fcten Alka\u015f taraf\u0131ndan d\u00fczenlenen uluslararas\u0131 iftar daveti, sekt\u00f6r\u00fcn \u00f6nde gelen isimlerini Cannes\u2019da bir araya getirdi.<\/p>\n","protected":false},"author":1,"featured_media":3209,"comment_status":"open","ping_status":"open","sticky":false,"template":"","format":"standard","meta":{"footnotes":""},"categories":[30],"tags":[],"class_list":["post-3208","post","type-post","status-publish","format-standard","has-post-thumbnail","hentry","category-ekonomi"],"_links":{"self":[{"href":"https:\/\/ekonomievreni.com\/index.php?rest_route=\/wp\/v2\/posts\/3208","targetHints":{"allow":["GET"]}}],"collection":[{"href":"https:\/\/ekonomievreni.com\/index.php?rest_route=\/wp\/v2\/posts"}],"about":[{"href":"https:\/\/ekonomievreni.com\/index.php?rest_route=\/wp\/v2\/types\/post"}],"author":[{"embeddable":true,"href":"https:\/\/ekonomievreni.com\/index.php?rest_route=\/wp\/v2\/users\/1"}],"replies":[{"embeddable":true,"href":"https:\/\/ekonomievreni.com\/index.php?rest_route=%2Fwp%2Fv2%2Fcomments&post=3208"}],"version-history":[{"count":1,"href":"https:\/\/ekonomievreni.com\/index.php?rest_route=\/wp\/v2\/posts\/3208\/revisions"}],"predecessor-version":[{"id":3210,"href":"https:\/\/ekonomievreni.com\/index.php?rest_route=\/wp\/v2\/posts\/3208\/revisions\/3210"}],"wp:featuredmedia":[{"embeddable":true,"href":"https:\/\/ekonomievreni.com\/index.php?rest_route=\/wp\/v2\/media\/3209"}],"wp:attachment":[{"href":"https:\/\/ekonomievreni.com\/index.php?rest_route=%2Fwp%2Fv2%2Fmedia&parent=3208"}],"wp:term":[{"taxonomy":"category","embeddable":true,"href":"https:\/\/ekonomievreni.com\/index.php?rest_route=%2Fwp%2Fv2%2Fcategories&post=3208"},{"taxonomy":"post_tag","embeddable":true,"href":"https:\/\/ekonomievreni.com\/index.php?rest_route=%2Fwp%2Fv2%2Ftags&post=3208"}],"curies":[{"name":"wp","href":"https:\/\/api.w.org\/{rel}","templated":true}]}}