{"id":3202,"date":"2026-03-17T13:10:23","date_gmt":"2026-03-17T10:10:23","guid":{"rendered":"https:\/\/ekonomievreni.com\/?p=3202"},"modified":"2026-03-17T13:10:24","modified_gmt":"2026-03-17T10:10:24","slug":"inegol-belediyesi-hayvan-pazarinin-kotra-ihale-tarihi-belli-oldu","status":"publish","type":"post","link":"https:\/\/ekonomievreni.com\/?p=3202","title":{"rendered":"\u0130neg\u00f6l Belediyesi Hayvan Pazar\u0131n\u0131n Kotra \u0130hale Tarihi Belli Oldu"},"content":{"rendered":"<p> \u0130neg\u00f6l Belediyesi Hayvan Pazar\u0131n\u0131n Kurban Bayram\u0131 kotra ihale tarihi belli oldu. Belediye Ba\u015fkan\u0131 Alper Taban, 08 Nisan\u2019da yap\u0131lacak ihalede; 120 adet b\u00fcy\u00fckba\u015f ve 41 adet k\u00fc\u00e7\u00fckba\u015f olmak \u00fczere toplam 161 adet kotra ile 8 adet b\u00fcy\u00fckba\u015f hayvan kesim alan\u0131n\u0131n sat\u0131\u015fa \u00e7\u0131kaca\u011f\u0131n\u0131 duyurdu.<\/p>\n<p>B\u00f6lgenin en b\u00fcy\u00fck ve potansiyeli y\u00fcksek hayvan pazar\u0131 olan \u0130neg\u00f6l Belediyesi Hayvan Pazar\u0131nda, yakla\u015fan Kurban Bayram\u0131 \u00f6ncesi haz\u0131rl\u0131klar ba\u015flad\u0131. Modern, tercih edilen, cazip ve ilgi g\u00f6ren bir hayvan pazar\u0131 olan \u0130neg\u00f6l Belediyesi Hayvan Pazar\u0131nda her y\u0131l oldu\u011fu gibi bu y\u0131l da kotralara ilginin yo\u011fun olmas\u0131 bekleniyor. \u0130neg\u00f6l Belediyesi, Hayvan Pazar\u0131nda Kurban Bayram\u0131 \u00f6ncesi kotra sat\u0131\u015f ihalesinin tarihlerini de belirledi. Kotra kiralama ihalesinin 08 Nisan \u00c7ar\u015famba g\u00fcn\u00fc saat 10.00\u2019da \u0130neg\u00f6l Belediyesi Yeni Hizmet Binas\u0131 zemin kat\u0131nda bulunan \u00e7ok ama\u00e7l\u0131 salonda a\u00e7\u0131k artt\u0131rma usul\u00fc ile ger\u00e7ekle\u015ftirilece\u011fi duyuruldu.<\/p>\n<p><strong>K\u0130RALAMA BEDELLER\u0130 \u0130HALE SIRASINDA YATIRILACAK<\/strong><\/p>\n<p>\u0130neg\u00f6l Hayvan Pazar\u0131yla ilgili yerle\u015fim plan\u0131 ve krokileri vatanda\u015flar \u0130neg\u00f6l Belediyesi web sayfas\u0131 \u00fczerinden ve Kiralama Servisinden temin edebilecek. Kotralar, belirlenen fiyatlar \u00fczerinden a\u00e7\u0131k artt\u0131rma usul\u00fcyle kiralanacak. Yer kiralama bedelleri 08 Nisan\u2019da yap\u0131lacak ihale s\u0131ras\u0131nda salonda kurulan tahsilat masalar\u0131nda pe\u015fin olarak tahsil edilecek.<\/p>\n<p><strong>BA\u015eKAN TABAN\u2019DAN \u00dcRET\u0130C\u0130LERE DAVET<\/strong><\/p>\n<p>Hayvan Pazar\u0131 Kurban Bayram\u0131 kotra ihalesine ili\u015fkin a\u00e7\u0131klama yapan \u0130neg\u00f6l Belediye Ba\u015fkan\u0131 Alper Taban, 08 Nisan \u00c7ar\u015famba g\u00fcn\u00fc yap\u0131lacak ihaleyle kotralar\u0131n kiralanaca\u011f\u0131n\u0131 hat\u0131rlatt\u0131. 2021 y\u0131l\u0131nda hizmet vermeye ba\u015flayan Modern Hayvan Pazar\u0131nda kotralardan konaklama alanlar\u0131na, sosyal alanlardan kafeteryas\u0131na kadar her \u015feyi ile eksiksiz \u015fekilde \u00fcreticilere hizmet verilen bir tesis bulundu\u011funu kaydeden Ba\u015fkan Taban, \u201cHer y\u0131l b\u00f6lgenin en yo\u011fun pazarlar\u0131ndan biri olan \u0130neg\u00f6l Hayvan Pazar\u0131m\u0131z\u0131n bu y\u0131l da kalitesini ve yo\u011funlu\u011funu artt\u0131rarak devam edece\u011fini d\u00fc\u015f\u00fcn\u00fcyoruz. Hayvan pazar\u0131m\u0131zda bu y\u0131l 120 adet 60 m2\u2019lik b\u00fcy\u00fckba\u015f hayvan kotras\u0131, 20 adet 25 m2\u2019lik ve 21 adet 12,5 m2\u2019lik k\u00fc\u00e7\u00fckba\u015f hayvan kotras\u0131 ile b\u00fcy\u00fckba\u015fa talep olmamas\u0131 halinde de 20 adet 30 ve 60 m2\u2019lik k\u00fc\u00e7\u00fckba\u015f hayvan kotras\u0131 kiralanacak. 08 Nisan Pazartesi g\u00fcn\u00fc 10.00\u2019da Belediye binam\u0131z\u0131n zemin kat\u0131nda \u00c7\u00f6z\u00fcm Merkezi yan\u0131nda bulunan salonda yap\u0131lacak ihaleye t\u00fcm \u00fcreticilerimizi davet ediyoruz\u201d dedi.<\/p>\n<p><strong>HAYVAN PAZARI 04 MAYIS\u2019TA KAPILARINI A\u00c7ACAK<\/strong><\/p>\n<p>\u0130haleyle ilgili de bilgiler veren Ba\u015fkan Taban, \u201cKotra bedelleri, pe\u015fin olarak ya da kredi kart\u0131 ile ihale g\u00fcn\u00fc salonda tahsil edilecek. Bir ki\u015fi ihalede \u00fc\u00e7ten fazla kotra sat\u0131na alamayacak. Kotra sat\u0131\u015f\u0131 s\u0131ral\u0131 \u015fekilde olacak. B\u00fcy\u00fckba\u015flara ait b\u00f6l\u00fcmlerden yer alanlar ayr\u0131ca k\u00fc\u00e7\u00fckba\u015flara, k\u00fc\u00e7\u00fckba\u015flara ait b\u00f6l\u00fcmlerden yer alanlar ise ayr\u0131ca b\u00fcy\u00fckba\u015flara ait olan kotralara da teklif verebilecekler. Yasal i\u015flemleri olmayan; sa\u011fl\u0131k raporu, k\u00fcpe, pasaport vb. hayvanlar kesinlikle pazara sokulmayacak. Hayvan pazar\u0131na giri\u015fler ise 04 May\u0131s 2026 Pazartesi tarihinde ba\u015flayacak, 30 May\u0131s 2026 Cumartesi tarihinde ise Pazar bo\u015falt\u0131larak idaremize teslim edilecektir\u201d a\u00e7\u0131klamalar\u0131nda bulundu.<\/p>\n<p>\u00a0<\/p>\n<p>\u00a0<\/p>\n<p>Kaynak: (BYZHA) Beyaz Haber Ajans\u0131<\/p>\n","protected":false},"excerpt":{"rendered":"<p>\u0130neg\u00f6l Belediyesi Hayvan Pazar\u0131n\u0131n Kurban Bayram\u0131 kotra ihale tarihi belli oldu.<\/p>\n","protected":false},"author":1,"featured_media":3203,"comment_status":"open","ping_status":"open","sticky":false,"template":"","format":"standard","meta":{"footnotes":""},"categories":[30],"tags":[],"class_list":["post-3202","post","type-post","status-publish","format-standard","has-post-thumbnail","hentry","category-ekonomi"],"_links":{"self":[{"href":"https:\/\/ekonomievreni.com\/index.php?rest_route=\/wp\/v2\/posts\/3202","targetHints":{"allow":["GET"]}}],"collection":[{"href":"https:\/\/ekonomievreni.com\/index.php?rest_route=\/wp\/v2\/posts"}],"about":[{"href":"https:\/\/ekonomievreni.com\/index.php?rest_route=\/wp\/v2\/types\/post"}],"author":[{"embeddable":true,"href":"https:\/\/ekonomievreni.com\/index.php?rest_route=\/wp\/v2\/users\/1"}],"replies":[{"embeddable":true,"href":"https:\/\/ekonomievreni.com\/index.php?rest_route=%2Fwp%2Fv2%2Fcomments&post=3202"}],"version-history":[{"count":1,"href":"https:\/\/ekonomievreni.com\/index.php?rest_route=\/wp\/v2\/posts\/3202\/revisions"}],"predecessor-version":[{"id":3204,"href":"https:\/\/ekonomievreni.com\/index.php?rest_route=\/wp\/v2\/posts\/3202\/revisions\/3204"}],"wp:featuredmedia":[{"embeddable":true,"href":"https:\/\/ekonomievreni.com\/index.php?rest_route=\/wp\/v2\/media\/3203"}],"wp:attachment":[{"href":"https:\/\/ekonomievreni.com\/index.php?rest_route=%2Fwp%2Fv2%2Fmedia&parent=3202"}],"wp:term":[{"taxonomy":"category","embeddable":true,"href":"https:\/\/ekonomievreni.com\/index.php?rest_route=%2Fwp%2Fv2%2Fcategories&post=3202"},{"taxonomy":"post_tag","embeddable":true,"href":"https:\/\/ekonomievreni.com\/index.php?rest_route=%2Fwp%2Fv2%2Ftags&post=3202"}],"curies":[{"name":"wp","href":"https:\/\/api.w.org\/{rel}","templated":true}]}}