{"id":3199,"date":"2026-03-17T13:00:21","date_gmt":"2026-03-17T10:00:21","guid":{"rendered":"https:\/\/ekonomievreni.com\/?p=3199"},"modified":"2026-03-17T13:00:22","modified_gmt":"2026-03-17T10:00:22","slug":"polisan-holding-surdurulebilirlik-endeksinde-9-yilinda-517-sirket-arasinda-6-sirada","status":"publish","type":"post","link":"https:\/\/ekonomievreni.com\/?p=3199","title":{"rendered":"Polisan Holding S\u00fcrd\u00fcr\u00fclebilirlik Endeksi\u2019nde 9. Y\u0131l\u0131nda: 517 \u015eirket Aras\u0131nda 6. S\u0131rada"},"content":{"rendered":"<p> Kurumsal s\u00fcrd\u00fcr\u00fclebilirlik alan\u0131ndaki g\u00fc\u00e7l\u00fc performans\u0131n\u0131 istikrarl\u0131 bi\u00e7imde s\u00fcrd\u00fcren Polisan Holding, B\u0130ST S\u00fcrd\u00fcr\u00fclebilirlik Endeksi\u2019nde \u00fcst \u00fcste 9 y\u0131l yer alarak \u00f6nemli bir ba\u015far\u0131ya daha imza att\u0131. Holding, sorumlu \u00fcretim ve s\u00fcrd\u00fcr\u00fclebilir de\u011fer yaratma yakla\u015f\u0131m\u0131yla Refinitiv\u2019in ESG (\u00c7evresel, Sosyal ve Y\u00f6neti\u015fim) de\u011ferlendirmesinde\u00a0<strong>86 puan alarak kimya sekt\u00f6r\u00fcnde de\u011ferlendirilen 517 \u015firket aras\u0131nda 6\u2019nc\u0131 s\u0131rada<\/strong>\u00a0konumland\u0131.<\/p>\n<p>Polisan Holding, 2017 y\u0131l\u0131ndan bu yana Borsa \u0130stanbul taraf\u0131ndan olu\u015fturulan B\u0130ST S\u00fcrd\u00fcr\u00fclebilirlik Endeksi\u2019nde yer alarak s\u00fcrd\u00fcr\u00fclebilirlik alan\u0131ndaki \u00e7al\u0131\u015fmalar\u0131n\u0131 istikrarl\u0131 bi\u00e7imde s\u00fcrd\u00fcrmeye devam ediyor.\u00a0 \u00c7evresel, sosyal ve y\u00f6neti\u015fim alanlar\u0131ndaki performans\u0131; \u00e7evre boyutunda emisyonlar, kaynak kullan\u0131m\u0131 ve inovasyon, sosyal boyutta insan haklar\u0131, \u00fcr\u00fcn sorumlulu\u011fu ve i\u015f g\u00fcc\u00fc, y\u00f6neti\u015fim boyutunda ise y\u00f6netim yap\u0131s\u0131 ile kurumsal sosyal sorumluluk stratejileri alanlar\u0131nda ortaya koydu\u011fu politika, uygulama ve performans sonu\u00e7lar\u0131 \u00fczerinden de\u011ferlendirilmektedir.<\/p>\n<p>S\u00fcrd\u00fcr\u00fclebilirli\u011fi i\u015f s\u00fcre\u00e7lerinin merkezine konumland\u0131ran Polisan Holding; enerji verimlili\u011fi, d\u00fc\u015f\u00fck karbon hedefleri, s\u0131f\u0131r at\u0131k yakla\u015f\u0131m\u0131 ve yenilenebilir enerji kullan\u0131m\u0131 gibi alanlarda y\u00fcr\u00fctt\u00fc\u011f\u00fc \u00e7al\u0131\u015fmalarla uzun vadeli de\u011fer yaratmay\u0131 ama\u00e7l\u0131yor. Bu yakla\u015f\u0131m do\u011frultusunda s\u00fcrd\u00fcr\u00fclebilirlik performans\u0131n\u0131 uluslararas\u0131 standartlara uygun \u015fekilde d\u00fczenli olarak raporluyor.<\/p>\n<h2><strong>Yaz\u0131c\u0131: \u201cS\u00fcrd\u00fcr\u00fclebilirlikteki istikrar\u0131m\u0131z rekabet g\u00fcc\u00fcm\u00fcz\u00fc g\u00fc\u00e7lendiriyor\u201d<\/strong><\/h2>\n<p><strong>Polisan Holding \u0130cradan Sorumlu Y\u00f6netim Kurulu \u00dcyesi\u00a0<\/strong><strong><strong>Esra Y<\/strong>az\u0131c\u0131<\/strong>, s\u00fcrd\u00fcr\u00fclebilirlik \u00e7al\u0131\u015fmalar\u0131na ili\u015fkin de\u011ferlendirmesinde \u015fu ifadeleri kulland\u0131: \u201cB\u0130ST S\u00fcrd\u00fcr\u00fclebilirlik Endeksi\u2019nde 9 y\u0131l \u00fcst \u00fcste yer almak; s\u00fcrd\u00fcr\u00fclebilirli\u011fi t\u00fcm i\u015f s\u00fcre\u00e7lerimizin merkezine yerle\u015ftirme konusundaki kararl\u0131l\u0131\u011f\u0131m\u0131z\u0131n \u00f6nemli bir g\u00f6stergesi. Tedarik zinciri y\u00f6netiminden dijitalle\u015fme ve inovasyon projelerine, insan haklar\u0131 ve \u00e7e\u015fitlilik \u00e7al\u0131\u015fmalar\u0131ndan d\u00f6ng\u00fcsel ekonomi uygulamalar\u0131na kadar geni\u015f bir alanda s\u00fcrd\u00fcr\u00fclebilir de\u011fer yaratmay\u0131 hedefliyoruz. \u00c7evresel, sosyal ve y\u00f6neti\u015fim alanlar\u0131nda ortaya koydu\u011fumuz bu performans, \u015firketimizin dayan\u0131kl\u0131l\u0131\u011f\u0131n\u0131 ve rekabet g\u00fcc\u00fcn\u00fc g\u00fc\u00e7lendirmeye devam ediyor. \u00d6n\u00fcm\u00fczdeki d\u00f6nemde de sosyal fayda \u00fcretmeye ve kaynak verimlili\u011fine odaklanarak s\u00fcrd\u00fcr\u00fclebilirlik yolculu\u011fumuzu kararl\u0131l\u0131kla s\u00fcrd\u00fcrece\u011fiz.\u201d<\/p>\n<p>\u00a0<\/p>\n<p>\u00a0<\/p>\n<p>Kaynak: (BYZHA) Beyaz Haber Ajans\u0131<\/p>\n","protected":false},"excerpt":{"rendered":"<p>Kurumsal s\u00fcrd\u00fcr\u00fclebilirlik alan\u0131ndaki g\u00fc\u00e7l\u00fc performans\u0131n\u0131 istikrarl\u0131 bi\u00e7imde s\u00fcrd\u00fcren Polisan Holding, B\u0130ST S\u00fcrd\u00fcr\u00fclebilirlik Endeksi\u2019nde \u00fcst \u00fcste 9 y\u0131l yer alarak \u00f6nemli bir ba\u015far\u0131ya daha imza att\u0131.<\/p>\n","protected":false},"author":1,"featured_media":3200,"comment_status":"open","ping_status":"open","sticky":false,"template":"","format":"standard","meta":{"footnotes":""},"categories":[30],"tags":[],"class_list":["post-3199","post","type-post","status-publish","format-standard","has-post-thumbnail","hentry","category-ekonomi"],"_links":{"self":[{"href":"https:\/\/ekonomievreni.com\/index.php?rest_route=\/wp\/v2\/posts\/3199","targetHints":{"allow":["GET"]}}],"collection":[{"href":"https:\/\/ekonomievreni.com\/index.php?rest_route=\/wp\/v2\/posts"}],"about":[{"href":"https:\/\/ekonomievreni.com\/index.php?rest_route=\/wp\/v2\/types\/post"}],"author":[{"embeddable":true,"href":"https:\/\/ekonomievreni.com\/index.php?rest_route=\/wp\/v2\/users\/1"}],"replies":[{"embeddable":true,"href":"https:\/\/ekonomievreni.com\/index.php?rest_route=%2Fwp%2Fv2%2Fcomments&post=3199"}],"version-history":[{"count":1,"href":"https:\/\/ekonomievreni.com\/index.php?rest_route=\/wp\/v2\/posts\/3199\/revisions"}],"predecessor-version":[{"id":3201,"href":"https:\/\/ekonomievreni.com\/index.php?rest_route=\/wp\/v2\/posts\/3199\/revisions\/3201"}],"wp:featuredmedia":[{"embeddable":true,"href":"https:\/\/ekonomievreni.com\/index.php?rest_route=\/wp\/v2\/media\/3200"}],"wp:attachment":[{"href":"https:\/\/ekonomievreni.com\/index.php?rest_route=%2Fwp%2Fv2%2Fmedia&parent=3199"}],"wp:term":[{"taxonomy":"category","embeddable":true,"href":"https:\/\/ekonomievreni.com\/index.php?rest_route=%2Fwp%2Fv2%2Fcategories&post=3199"},{"taxonomy":"post_tag","embeddable":true,"href":"https:\/\/ekonomievreni.com\/index.php?rest_route=%2Fwp%2Fv2%2Ftags&post=3199"}],"curies":[{"name":"wp","href":"https:\/\/api.w.org\/{rel}","templated":true}]}}