{"id":3193,"date":"2026-03-17T12:40:23","date_gmt":"2026-03-17T09:40:23","guid":{"rendered":"https:\/\/ekonomievreni.com\/?p=3193"},"modified":"2026-03-17T12:40:23","modified_gmt":"2026-03-17T09:40:23","slug":"uluslararasi-profesyonel-kocluk-dernegi-icf-turkiye-yeni-yonetimini-belirledi","status":"publish","type":"post","link":"https:\/\/ekonomievreni.com\/?p=3193","title":{"rendered":"Uluslararas\u0131 Profesyonel Ko\u00e7luk Derne\u011fi &#8211; ICF T\u00fcrkiye Yeni Y\u00f6netimini Belirledi"},"content":{"rendered":"<p> Uluslararas\u0131 Profesyonel Ko\u00e7luk Derne\u011fi &#8211; ICF T\u00fcrkiye, 2026\u20132028 d\u00f6nemi Ola\u011fan Genel Kurul Toplant\u0131s\u0131\u2019n\u0131 ba\u015far\u0131yla ger\u00e7ekle\u015ftirdi. Genel Kurul\u2019da yap\u0131lan se\u00e7imler sonucunda, \u00fcyelerin oylar\u0131yla yeni Y\u00f6netim Kurulu ile Denetim ve Disiplin Kurulu asil ve yedek \u00fcyeleri belirlendi.<\/p>\n<p>Yeni d\u00f6nemde Y\u00f6netim Kurulu Ba\u015fkanl\u0131\u011f\u0131 g\u00f6revini \u00c7i\u011fdem Karadeniz, MCC \u00fcstlendi. Karadeniz\u2019in liderli\u011finde olu\u015fturulan yeni ekip, ICF T\u00fcrkiye\u2019nin vizyonunu daha da ileri ta\u015f\u0131may\u0131 ve T\u00fcrkiye\u2019de profesyonel ko\u00e7luk ekosisteminin g\u00fc\u00e7lenmesine katk\u0131 sa\u011flamay\u0131 hedefliyor.<\/p>\n<p><strong>2026\u20132028 D\u00f6nemi Uluslararas\u0131 Profesyonel Ko\u00e7luk Derne\u011fi &#8211; ICF T\u00fcrkiye Y\u00f6netim Kurulu:<\/strong><\/p>\n<ul type=\"disc\">\n<li>\u00c7i\u011fdem Karadeniz, MCC \u2014 Y\u00f6netim Kurulu Ba\u015fkan\u0131<\/li>\n<li>Binnur Kayabey, PCC \u2014 Ba\u015fkan Yard\u0131mc\u0131s\u0131 ve Pazarlama &amp; \u0130leti\u015fim \u00c7al\u0131\u015fma Kurulu Lideri<\/li>\n<li>Ali G\u00fcl\u00fcm, MCC \u2014 Projeler \u00c7al\u0131\u015fma Kurulu Lideri<\/li>\n<li>\u0130lkay \u00d6\u011frenci, PCC \u2014 Mesleki \u0130\u00e7 D\u00fczenleme ve Etik \u00c7al\u0131\u015fma Kurulu Lideri<\/li>\n<li>Mustafa Kumbarac\u0131, PCC \u2014 Genel Sekreter<\/li>\n<li>Serpil \u0130kiz, PCC \u2014 Sayman<\/li>\n<li>Sibel Erol, ACC \u2014 \u00dcye \u0130li\u015fkileri ve E\u011fitim \u00c7al\u0131\u015fma Kurulu Lideri<\/li>\n<\/ul>\n<p><strong>Yeni Y\u00f6netim Kurulu, etik ve kaliteli profesyonel ko\u00e7lu\u011fu g\u00fc\u00e7lendirmeye devam edecek!\u00a0<\/strong><\/p>\n<p>Yeni Y\u00f6netim Kurulu, profesyonel ko\u00e7luk alan\u0131nda\u00a0etik ve kaliteli hizmet standartlar\u0131n\u0131 g\u00fc\u00e7lendirmeye, \u00fcye ili\u015fkilerini geli\u015ftirmeye ve sekt\u00f6rel i\u015f birliklerini art\u0131rmaya y\u00f6nelik \u00e7al\u0131\u015fmalar\u0131n\u0131 s\u00fcrd\u00fcrecek. Ayr\u0131ca \u00fcyeler i\u00e7in seminerler ve profesyonel geli\u015fim f\u0131rsatlar\u0131 d\u00fczenleyerek T\u00fcrkiye\u2019de ko\u00e7luk mesle\u011finin uluslararas\u0131 standartlarda tan\u0131nmas\u0131na katk\u0131 sa\u011flamay\u0131 ama\u00e7l\u0131yor.<\/p>\n<p>\u00d6te yandan,\u00a02024\u20132026 d\u00f6neminde g\u00f6rev yapan Y\u00f6netim, Denetim ve Disiplin Kurulu \u00fcyelerine, derne\u011fin geli\u015fimine ve profesyonel ko\u00e7luk alan\u0131na sunduklar\u0131 de\u011ferli katk\u0131lar i\u00e7in te\u015fekk\u00fcr edildi. Yeni Y\u00f6netim Kurulu \u00fcyeleri, \u00f6zellikle \u00f6nceki d\u00f6nem Y\u00f6netim Kurulu Ba\u015fkan\u0131\u00a0Beyza Erdem Balc\u0131, MCC\u00a0ba\u015fta olmak \u00fczere t\u00fcm \u00e7al\u0131\u015fma kurullar\u0131nda emek veren meslekta\u015flar\u0131na \u015f\u00fckranlar\u0131n\u0131 sundular.<\/p>\n<p>Yeni d\u00f6nemde ICF T\u00fcrkiye, profesyonel ko\u00e7luk alan\u0131nda kalite, etik ve uluslararas\u0131 standartlar\u0131 g\u00fc\u00e7lendiren \u00e7al\u0131\u015fmalar\u0131na ayn\u0131 kararl\u0131l\u0131kla devam edecek.<\/p>\n<p>\u00a0<\/p>\n<p>Kaynak: (BYZHA) Beyaz Haber Ajans\u0131<\/p>\n","protected":false},"excerpt":{"rendered":"<p>Uluslararas\u0131 Profesyonel Ko\u00e7luk Derne\u011fi &#8211; ICF T\u00fcrkiye, 2026\u20132028 d\u00f6nemi Ola\u011fan Genel Kurul Toplant\u0131s\u0131\u2019n\u0131 ba\u015far\u0131yla ger\u00e7ekle\u015ftirdi.<\/p>\n","protected":false},"author":1,"featured_media":3194,"comment_status":"open","ping_status":"open","sticky":false,"template":"","format":"standard","meta":{"footnotes":""},"categories":[30],"tags":[],"class_list":["post-3193","post","type-post","status-publish","format-standard","has-post-thumbnail","hentry","category-ekonomi"],"_links":{"self":[{"href":"https:\/\/ekonomievreni.com\/index.php?rest_route=\/wp\/v2\/posts\/3193","targetHints":{"allow":["GET"]}}],"collection":[{"href":"https:\/\/ekonomievreni.com\/index.php?rest_route=\/wp\/v2\/posts"}],"about":[{"href":"https:\/\/ekonomievreni.com\/index.php?rest_route=\/wp\/v2\/types\/post"}],"author":[{"embeddable":true,"href":"https:\/\/ekonomievreni.com\/index.php?rest_route=\/wp\/v2\/users\/1"}],"replies":[{"embeddable":true,"href":"https:\/\/ekonomievreni.com\/index.php?rest_route=%2Fwp%2Fv2%2Fcomments&post=3193"}],"version-history":[{"count":1,"href":"https:\/\/ekonomievreni.com\/index.php?rest_route=\/wp\/v2\/posts\/3193\/revisions"}],"predecessor-version":[{"id":3195,"href":"https:\/\/ekonomievreni.com\/index.php?rest_route=\/wp\/v2\/posts\/3193\/revisions\/3195"}],"wp:featuredmedia":[{"embeddable":true,"href":"https:\/\/ekonomievreni.com\/index.php?rest_route=\/wp\/v2\/media\/3194"}],"wp:attachment":[{"href":"https:\/\/ekonomievreni.com\/index.php?rest_route=%2Fwp%2Fv2%2Fmedia&parent=3193"}],"wp:term":[{"taxonomy":"category","embeddable":true,"href":"https:\/\/ekonomievreni.com\/index.php?rest_route=%2Fwp%2Fv2%2Fcategories&post=3193"},{"taxonomy":"post_tag","embeddable":true,"href":"https:\/\/ekonomievreni.com\/index.php?rest_route=%2Fwp%2Fv2%2Ftags&post=3193"}],"curies":[{"name":"wp","href":"https:\/\/api.w.org\/{rel}","templated":true}]}}