{"id":3175,"date":"2026-03-17T12:10:32","date_gmt":"2026-03-17T09:10:32","guid":{"rendered":"https:\/\/ekonomievreni.com\/?p=3175"},"modified":"2026-03-17T12:10:33","modified_gmt":"2026-03-17T09:10:33","slug":"3-farkli-bransta-kagitspor-farki","status":"publish","type":"post","link":"https:\/\/ekonomievreni.com\/?p=3175","title":{"rendered":"3 farkl\u0131 bran\u015fta Ka\u011f\u0131tspor fark\u0131"},"content":{"rendered":"<p> Kocaeli B\u00fcy\u00fck\u015fehir Belediyesi Ka\u011f\u0131tspor, ge\u00e7ti\u011fimiz hafta hem tak\u0131m sporlar\u0131nda hem de bireysel bran\u015flarda elde etti\u011fi sonu\u00e7larla ad\u0131ndan s\u00f6z ettirdi. \u00dc\u00e7 farkl\u0131 bran\u015ftan hem ulusal hem de uluslararas\u0131 arenada gelen ba\u015far\u0131larla Ka\u011f\u0131tsporlu sporcular, kul\u00fcb\u00fcn spor altyap\u0131s\u0131ndaki g\u00fcc\u00fcn\u00fc bir kez daha ortaya koydu.<\/p>\n<p><b>F\u0130LEN\u0130N EFELER\u0130NDEN \u00dcST \u00dcSTE GAL\u0130B\u0130YETLER<\/b><\/p>\n<p>Ka\u011f\u0131tspor\u2019un bu hafta ilk ba\u015far\u0131s\u0131 fileden geldi. Erkekler Voleybol 1.Ligi\u2019nde m\u00fccadele eden mavi-beyazl\u0131 ekip, haftay\u0131 iki \u00f6nemli galibiyetle kapatt\u0131. Evinde oynad\u0131\u011f\u0131 kar\u015f\u0131la\u015fmada Niksar Belediyespor\u2019u 3-0\u2019l\u0131k setle ma\u011flup eden filenin efeleri, taraftar\u0131na net bir galibiyet sevinci ya\u015fatt\u0131. Bu sonu\u00e7la tak\u0131m, sezonun 16. galibiyetini hanesine yazd\u0131rd\u0131. Haftan\u0131n bir di\u011fer m\u00fccadelesinde ise deplasmanda Bursa temsilcisi Osmangazi Belediyesi ile kar\u015f\u0131la\u015fan Ka\u011f\u0131tspor, zorlu ge\u00e7en ma\u00e7tan 3-2\u2019lik skorla sahadan yine galip ayr\u0131ld\u0131.<\/p>\n<p><b>\u00a0PEDALLAR MADALYA \u0130\u00c7\u0130N \u00c7EVR\u0130LD\u0130<\/b><\/p>\n<p>Binlerce sporcusu ve 36 bran\u015f\u0131yla kentin \u00f6nemli kul\u00fcplerinden biri olan Ka\u011f\u0131tspor\u2019da dikkat \u00e7eken bran\u015flardan biri de bisiklet oldu. T\u00fcrkiye Bisiklet Federasyonu\u2019nun 2026 y\u0131l\u0131 faaliyet program\u0131nda yer alan T\u00fcrkiye Kupas\u0131 2. Etap Puanl\u0131 Yol Yar\u0131\u015flar\u0131, Mu\u011fla\u2019n\u0131n Dalaman il\u00e7esinde ger\u00e7ekle\u015ftirildi. Yar\u0131\u015flarda m\u00fccadele eden Ka\u011f\u0131tsporlu gen\u00e7 sporcu Medine Kar, U-17 kategorisinde sergiledi\u011fi ba\u015far\u0131l\u0131 performansla bronz madalya kazanarak \u00f6nemli bir ba\u015far\u0131ya imza att\u0131.<\/p>\n<p><b>\u00a0KARATEDE D\u00dcNYA SAHNES\u0130NDE MADALYA<\/b><\/p>\n<p>12-15 Mart tarihleri aras\u0131nda \u0130talya\u2019n\u0131n Roma kentinde d\u00fczenlenen Karate1 Premier League etab\u0131nda m\u00fccadele eden Ka\u011f\u0131tsporlu milli sporcu Mert Hal\u0131c\u0131, erkek kumite 60 kilo kategorisinde tatamiye \u00e7\u0131kt\u0131. K\u0131yas\u0131ya ge\u00e7en m\u00fcsabakalarda g\u00fc\u00e7l\u00fc rakipleri kar\u015f\u0131s\u0131nda ba\u015far\u0131l\u0131 bir performans ortaya koyan Hal\u0131c\u0131, turnuvay\u0131 bronz madalya ile tamamlad\u0131. Uluslararas\u0131 arenada elde edilen bu \u00f6nemli derece, Ka\u011f\u0131tspor\u2019un karate bran\u015f\u0131ndaki ba\u015far\u0131s\u0131n\u0131 bir kez daha ortaya koydu.<\/p>\n<p>\u00a0<\/p>\n<p>Kaynak: (BYZHA) Beyaz Haber Ajans\u0131<\/p>\n","protected":false},"excerpt":{"rendered":"<p>Kocaeli B\u00fcy\u00fck\u015fehir Belediyesi Ka\u011f\u0131tspor, ge\u00e7ti\u011fimiz hafta hem tak\u0131m sporlar\u0131nda hem de bireysel bran\u015flarda elde etti\u011fi sonu\u00e7larla ad\u0131ndan s\u00f6z ettirdi.<\/p>\n","protected":false},"author":1,"featured_media":3176,"comment_status":"open","ping_status":"open","sticky":false,"template":"","format":"standard","meta":{"footnotes":""},"categories":[33],"tags":[],"class_list":["post-3175","post","type-post","status-publish","format-standard","has-post-thumbnail","hentry","category-spor"],"_links":{"self":[{"href":"https:\/\/ekonomievreni.com\/index.php?rest_route=\/wp\/v2\/posts\/3175","targetHints":{"allow":["GET"]}}],"collection":[{"href":"https:\/\/ekonomievreni.com\/index.php?rest_route=\/wp\/v2\/posts"}],"about":[{"href":"https:\/\/ekonomievreni.com\/index.php?rest_route=\/wp\/v2\/types\/post"}],"author":[{"embeddable":true,"href":"https:\/\/ekonomievreni.com\/index.php?rest_route=\/wp\/v2\/users\/1"}],"replies":[{"embeddable":true,"href":"https:\/\/ekonomievreni.com\/index.php?rest_route=%2Fwp%2Fv2%2Fcomments&post=3175"}],"version-history":[{"count":1,"href":"https:\/\/ekonomievreni.com\/index.php?rest_route=\/wp\/v2\/posts\/3175\/revisions"}],"predecessor-version":[{"id":3177,"href":"https:\/\/ekonomievreni.com\/index.php?rest_route=\/wp\/v2\/posts\/3175\/revisions\/3177"}],"wp:featuredmedia":[{"embeddable":true,"href":"https:\/\/ekonomievreni.com\/index.php?rest_route=\/wp\/v2\/media\/3176"}],"wp:attachment":[{"href":"https:\/\/ekonomievreni.com\/index.php?rest_route=%2Fwp%2Fv2%2Fmedia&parent=3175"}],"wp:term":[{"taxonomy":"category","embeddable":true,"href":"https:\/\/ekonomievreni.com\/index.php?rest_route=%2Fwp%2Fv2%2Fcategories&post=3175"},{"taxonomy":"post_tag","embeddable":true,"href":"https:\/\/ekonomievreni.com\/index.php?rest_route=%2Fwp%2Fv2%2Ftags&post=3175"}],"curies":[{"name":"wp","href":"https:\/\/api.w.org\/{rel}","templated":true}]}}