{"id":3160,"date":"2026-03-17T11:33:10","date_gmt":"2026-03-17T08:33:10","guid":{"rendered":"https:\/\/ekonomievreni.com\/?p=3160"},"modified":"2026-03-17T11:33:11","modified_gmt":"2026-03-17T08:33:11","slug":"optic-world-izmir-27-martta-kapilarini-aciyor","status":"publish","type":"post","link":"https:\/\/ekonomievreni.com\/?p=3160","title":{"rendered":"Optic World \u0130zmir 27 Mart\u2019ta kap\u0131lar\u0131n\u0131 a\u00e7\u0131yor"},"content":{"rendered":"<p> Optik sekt\u00f6r\u00fcn\u00fcn \u00f6nemli bulu\u015fmalar\u0131ndan Optic World \u0130zmir \u2013 Optik, G\u00f6zl\u00fck, Oftalmoloji ve Teknolojileri Fuar\u0131, 27\u201329 Mart tarihleri aras\u0131nda \u00fc\u00e7\u00fcnc\u00fc kez \u0130zmir\u2019de d\u00fczenlenecek. \u00dcretici firmalar, distrib\u00fct\u00f6rler, perakende temsilcileri ve sekt\u00f6r profesyonellerini bir araya getirecek fuarda, yeni sezon \u00f6ncesi ticari temaslar\u0131n g\u00fc\u00e7lendirilmesi ve uluslararas\u0131 i\u015f birliklerinin geli\u015ftirilmesi hedefleniyor.<\/p>\n<p>\u0130zmir B\u00fcy\u00fck\u015fehir Belediyesi\u2019nin ev sahipli\u011finde, \u0130ZFA\u015e taraf\u0131ndan Fuar \u0130zmir\u2019de ger\u00e7ekle\u015ftirilecek Optic World \u0130zmir Fuar\u0131, sadece profesyonel ziyaret\u00e7ilere a\u00e7\u0131k olacak. Fuar s\u00fcresince yap\u0131lacak ikili i\u015f g\u00f6r\u00fc\u015fmelerinin firmalar a\u00e7\u0131s\u0131ndan yeni i\u015f ba\u011flant\u0131lar\u0131n\u0131n kurulmas\u0131na katk\u0131 sa\u011flamas\u0131 hedefleniyor. \u00dc\u00e7\u00fcnc\u00fc y\u0131l\u0131nda daha geni\u015f kat\u0131l\u0131mc\u0131 ve ziyaret\u00e7i profiline ula\u015fmas\u0131 beklenen organizasyonun, \u00fcretim kapasitesi y\u00fcksek ve sekt\u00f6re y\u00f6n veren firmalar\u0131 bir araya getirerek, optik sekt\u00f6r\u00fcnde b\u00f6lgesel \u00f6l\u00e7ekte \u00f6nemli bulu\u015fmalardan biri olma konumunu g\u00fc\u00e7lendirmesi ama\u00e7lan\u0131yor.<\/p>\n<p>Fuarda g\u00f6zl\u00fck \u00e7er\u00e7eveleri, g\u00fcne\u015f ve sporcu g\u00f6zl\u00fckleri, koruyucu g\u00f6zl\u00fckler, optik camlar, kontakt lensler ile optometrik ve oftalmolojik \u00f6l\u00e7\u00fcm, tan\u0131 ve tedavi cihazlar\u0131 sergilenecek. Optik at\u00f6lye ve laboratuvarlara y\u00f6nelik makine ve ekipmanlar, optik end\u00fcstri makineleri, g\u00f6zl\u00fck yedek par\u00e7alar\u0131, bak\u0131m \u00fcr\u00fcnleri, aksesuarlar ve k\u0131l\u0131flar da fuar\u0131n \u00fcr\u00fcn gruplar\u0131 aras\u0131nda yer alacak. G\u00f6rme kalitesini art\u0131rmaya y\u00f6nelik yeni teknolojiler ve \u00fcretim \u00e7\u00f6z\u00fcmlerinin \u00f6ne \u00e7\u0131kaca\u011f\u0131 organizasyonda, sekt\u00f6re y\u00f6n veren b\u00fcy\u00fck \u00f6l\u00e7ekli i\u015fletmeler ile yerli \u00fcreticilerin bir araya gelmesi bekleniyor. Kat\u0131l\u0131mc\u0131 firmalar\u0131n haz\u0131rlad\u0131\u011f\u0131 \u00f6zel \u00e7er\u00e7eve sergileri ve tematik sunumlar ise ziyaret\u00e7ilere sekt\u00f6rdeki geli\u015fmeleri yak\u0131ndan inceleme imk\u00e2n\u0131 sunacak.<\/p>\n<p><strong>Moda trendleri koleksiyonlara yans\u0131yacak<\/strong><\/p>\n<p>G\u00f6rme bozukluklar\u0131n\u0131n giderilmesinin yan\u0131 s\u0131ra ki\u015fisel tarz\u0131n tamamlay\u0131c\u0131 bir unsuru olarak da \u00f6ne \u00e7\u0131kan g\u00f6zl\u00fcklerde, yeni sezon koleksiyonlar\u0131nda tasar\u0131m ve stil odakl\u0131 yakla\u015f\u0131m\u0131n belirginle\u015fmesi bekleniyor. Bu y\u0131l s\u00fcrd\u00fcr\u00fclebilir malzeme kullan\u0131m\u0131, oversize ve kemik \u00e7er\u00e7eve tasar\u0131mlar\u0131 ile do\u011fay\u0131 an\u0131msatan pastel tonlardaki renkli camlar \u00f6ne \u00e7\u0131kan trendler aras\u0131nda yer al\u0131rken; fuar kapsam\u0131nda sergilenecek koleksiyonlar\u0131n 2026 yaz sezonu ve 2027 moda e\u011filimlerine ili\u015fkin genel y\u00f6nelimleri ortaya koymas\u0131 \u00f6ng\u00f6r\u00fcl\u00fcyor.<\/p>\n<p><strong>S\u00f6yle\u015fi program\u0131 ve akademik i\u00e7erik<\/strong><\/p>\n<p>Fuar kapsam\u0131nda d\u00fczenlenecek s\u00f6yle\u015filerde ve oturumlarda sekt\u00f6r temsilcileri, akademisyenler ve uzman isimler bir araya gelecek. Oturumlarda, g\u00f6rme sa\u011fl\u0131\u011f\u0131na ili\u015fkin g\u00fcncel geli\u015fmeler ile optik sekt\u00f6r\u00fcndeki de\u011fi\u015fim ve yenilikler ele al\u0131nacak. Program\u0131n ilk g\u00fcn\u00fcnde, \u00f6zellikle miyopi gibi yayg\u0131n g\u00f6rme sorunlar\u0131na y\u00f6nelik yeni yakla\u015f\u0131mlar, g\u00f6zl\u00fck ve kontakt lens kullan\u0131m\u0131ndaki geli\u015fmeler ile bu alandaki teknolojik \u00e7\u00f6z\u00fcmler uzmanlar taraf\u0131ndan kat\u0131l\u0131mc\u0131larla payla\u015f\u0131lacak.<\/p>\n<p>\u0130kinci g\u00fcn ise optisyenlik mesle\u011finin g\u00fcnl\u00fck uygulamalar\u0131na ve i\u015f s\u00fcre\u00e7lerine odaklan\u0131lacak. Ma\u011faza y\u00f6netimi, dijitalle\u015fmenin sekt\u00f6re etkileri ve mesleki geli\u015fim konular\u0131 g\u00fcndeme gelirken, d\u00fczenlenecek panelde d\u00fcnyadaki optometri uygulamalar\u0131 ve T\u00fcrkiye\u2019de g\u00f6rme sa\u011fl\u0131\u011f\u0131n\u0131n geli\u015ftirilmesine y\u00f6nelik beklentiler de\u011ferlendirilecek. S\u00f6yle\u015fi ve panellerde sekt\u00f6r temsilcileri ile akademisyenlerin bilgi ve deneyim payla\u015f\u0131m\u0131nda bulunmas\u0131 hedefleniyor.<\/p>\n<p><strong>5 bini a\u015fk\u0131n profesyonel ziyaret\u00e7i bekleniyor<\/strong><\/p>\n<p>Ge\u00e7ti\u011fimiz y\u0131l 47 \u015fehirden 4 bin 228\u2019i yerli, 28 \u00fclkeden 198\u2019i yabanc\u0131 olmak \u00fczere toplam 4 bin 426 sekt\u00f6r profesyonelini a\u011f\u0131rlayan fuar\u0131n, bu y\u0131l daha geni\u015f bir kat\u0131l\u0131mc\u0131 ve ziyaret\u00e7i profiline ula\u015fmas\u0131 hedefleniyor. Fuar\u0131n ziyaret\u00e7i \u00e7al\u0131\u015fmalar\u0131nda Avrupa, Balkanlar, Kuzey Afrika ve Orta Do\u011fu ba\u015fta olmak \u00fczere farkl\u0131 co\u011frafyalardaki sekt\u00f6r profesyonellerine ula\u015fmak amac\u0131yla uluslararas\u0131 temsilcilerle i\u015f birlikleri y\u00fcr\u00fct\u00fcld\u00fc. Bu kapsamda 200\u2019\u00fcn \u00fczerinde yabanc\u0131 nitelikli al\u0131c\u0131n\u0131n fuar\u0131 ziyareti planlan\u0131rken, organizasyonda yerli ve yabanc\u0131 5 bini a\u015fk\u0131n ziyaret\u00e7inin a\u011f\u0131rlanmas\u0131 bekleniyor. \u00dcreticilerden distrib\u00fct\u00f6rlere, perakende ma\u011faza zincirlerinden sekt\u00f6r \u00e7al\u0131\u015fanlar\u0131na kadar geni\u015f bir profesyonel ziyaret\u00e7i profilinin fuarda yer almas\u0131 \u00f6ng\u00f6r\u00fcl\u00fcyor.<\/p>\n<p>Optic World \u0130zmir, sekt\u00f6r\u00fcn \u00f6nde gelen kurum ve kurulu\u015flar\u0131n\u0131n deste\u011fiyle hayata ge\u00e7iriliyor. T.C. Ticaret Bakanl\u0131\u011f\u0131, T\u00fcrkiye Odalar ve Borsalar Birli\u011fi, \u0130zmir Ticaret Odas\u0131, Ege B\u00f6lgesi Sanayi Odas\u0131, Ege \u0130hracat\u00e7\u0131 Birlikleri, \u0130zmir Esnaf ve Sanatkarlar Odalar\u0131 Birli\u011fi, 3. B\u00f6lge \u0130zmir Optisyen G\u00f6zl\u00fck\u00e7\u00fcler Odas\u0131 gibi \u00f6nemli kurumlar\u0131n katk\u0131lar\u0131, fuar\u0131n sekt\u00f6rel g\u00fcc\u00fcn\u00fc peki\u015ftiriyor.<\/p>\n<p>\u00a0<\/p>\n<p>Kaynak: (BYZHA) Beyaz Haber Ajans\u0131<\/p>\n","protected":false},"excerpt":{"rendered":"<p>Optik sekt\u00f6r\u00fcn\u00fcn \u00f6nemli bulu\u015fmalar\u0131ndan Optic World \u0130zmir \u2013 Optik, G\u00f6zl\u00fck, Oftalmoloji ve Teknolojileri Fuar\u0131, 27\u201329 Mart tarihleri aras\u0131nda \u00fc\u00e7\u00fcnc\u00fc kez \u0130zmir\u2019de d\u00fczenlenecek.<\/p>\n","protected":false},"author":1,"featured_media":3161,"comment_status":"open","ping_status":"open","sticky":false,"template":"","format":"standard","meta":{"footnotes":""},"categories":[32],"tags":[],"class_list":["post-3160","post","type-post","status-publish","format-standard","has-post-thumbnail","hentry","category-teknoloji"],"_links":{"self":[{"href":"https:\/\/ekonomievreni.com\/index.php?rest_route=\/wp\/v2\/posts\/3160","targetHints":{"allow":["GET"]}}],"collection":[{"href":"https:\/\/ekonomievreni.com\/index.php?rest_route=\/wp\/v2\/posts"}],"about":[{"href":"https:\/\/ekonomievreni.com\/index.php?rest_route=\/wp\/v2\/types\/post"}],"author":[{"embeddable":true,"href":"https:\/\/ekonomievreni.com\/index.php?rest_route=\/wp\/v2\/users\/1"}],"replies":[{"embeddable":true,"href":"https:\/\/ekonomievreni.com\/index.php?rest_route=%2Fwp%2Fv2%2Fcomments&post=3160"}],"version-history":[{"count":1,"href":"https:\/\/ekonomievreni.com\/index.php?rest_route=\/wp\/v2\/posts\/3160\/revisions"}],"predecessor-version":[{"id":3162,"href":"https:\/\/ekonomievreni.com\/index.php?rest_route=\/wp\/v2\/posts\/3160\/revisions\/3162"}],"wp:featuredmedia":[{"embeddable":true,"href":"https:\/\/ekonomievreni.com\/index.php?rest_route=\/wp\/v2\/media\/3161"}],"wp:attachment":[{"href":"https:\/\/ekonomievreni.com\/index.php?rest_route=%2Fwp%2Fv2%2Fmedia&parent=3160"}],"wp:term":[{"taxonomy":"category","embeddable":true,"href":"https:\/\/ekonomievreni.com\/index.php?rest_route=%2Fwp%2Fv2%2Fcategories&post=3160"},{"taxonomy":"post_tag","embeddable":true,"href":"https:\/\/ekonomievreni.com\/index.php?rest_route=%2Fwp%2Fv2%2Ftags&post=3160"}],"curies":[{"name":"wp","href":"https:\/\/api.w.org\/{rel}","templated":true}]}}