{"id":3154,"date":"2026-03-17T11:15:45","date_gmt":"2026-03-17T08:15:45","guid":{"rendered":"https:\/\/ekonomievreni.com\/?p=3154"},"modified":"2026-03-17T11:15:46","modified_gmt":"2026-03-17T08:15:46","slug":"baskan-buyukakin-hodri-meydan-iftarinda-konustu-kocaelispor-cok-daha-iyi-yerlerde-olacak","status":"publish","type":"post","link":"https:\/\/ekonomievreni.com\/?p=3154","title":{"rendered":"Ba\u015fkan B\u00fcy\u00fckak\u0131n, Hodri Meydan \u0130ftar\u0131\u2019nda konu\u015ftu:     \u201cKocaelispor \u00e7ok daha iyi yerlerde olacak\u201d"},"content":{"rendered":"<p> Kocaeli B\u00fcy\u00fck\u015fehir Belediye Ba\u015fkan\u0131 Tahir B\u00fcy\u00fckak\u0131n, Hodri Meydan Taraftarlar Derne\u011fi\u2019nin d\u00fczenledi\u011fi iftar program\u0131nda Kocaelispor ile ilgili iddial\u0131 a\u00e7\u0131klamalarda bulundu. B\u00fcy\u00fckak\u0131n, \u201cKocaelispor \u00e7ok daha iyi yerlerde olacak\u201d dedi.<\/p>\n<p><b>CAM\u0130A TEK Y\u00dcREK OLDU<\/b><\/p>\n<p>Kocaeli B\u00fcy\u00fck\u015fehir Belediye Ba\u015fkan\u0131 Tahir B\u00fcy\u00fckak\u0131n, Kocaelispor taraftar\u0131n\u0131n en b\u00fcy\u00fck olu\u015fumu olan Hodri Meydan Taraftarlar Derne\u011fi Ba\u015fkan\u0131 Enver G\u00fcler ve y\u00f6netiminin verdi\u011fi iftar program\u0131na kat\u0131ld\u0131. Kocaeli Kongre Merkezi\u2019ndeki iftara ilgi y\u00fcksek olurken, Kocaeli Valisi \u0130lhami Akta\u015f, AK Parti Kocaeli Milletvekili Mehmet Akif Y\u0131lmaz, Kocaelispor Ba\u015fkan\u0131 Recep Durul, Teknik Direkt\u00f6r Sel\u00e7uk \u0130nan ve kaleci G\u00f6khan De\u011firmenci taraftarlar\u0131 yaln\u0131z b\u0131rakmad\u0131. Taraftarlar\u0131n b\u00fcy\u00fck ilgi g\u00f6sterdi\u011fi ve sevgi g\u00f6sterileri ile kar\u015f\u0131lad\u0131\u011f\u0131 Ba\u015fkan B\u00fcy\u00fckak\u0131n, bol bol imza da\u011f\u0131tt\u0131.<\/p>\n<p><b>\u201cDESTEK DEVAM EDECEK\u201d<\/b><\/p>\n<p>Kocaeli B\u00fcy\u00fck\u015fehir Belediye Ba\u015fkan\u0131 Tahir B\u00fcy\u00fckak\u0131n\u2019\u0131n d\u00f6neminde Kocaelispor, 4 kupa kald\u0131r\u0131p amat\u00f6rden S\u00fcper Lig\u2019e y\u00fckseldi. Ye\u015fil-Siyahl\u0131 ekip 16 y\u0131ll\u0131k hasretine son verirken, T\u00fcrk futbolunda e\u015fi g\u00f6r\u00fclmemi\u015f bir ba\u015far\u0131ya imza att\u0131. \u201cAmat\u00f6rden S\u00fcper Lig\u2019e B\u00fcy\u00fck\u015fehir Seninle\u201d slogan\u0131yla Kocaelispor\u2019un her zaman en b\u00fcy\u00fck destek\u00e7isi olmaya devam etti. S\u00fcper Lig\u2019deki ilk y\u0131l\u0131nda orta s\u0131ralarda kendine yer bulan Kocaelispor\u2019un daha iyi yerlere gelmesi i\u00e7in deste\u011fe devam ettiklerini belirten Ba\u015fkan B\u00fcy\u00fckak\u0131n \u015funlar\u0131 s\u00f6yledi:<\/p>\n<p><b>\u201cKOCAEL\u0130SPOR ASANS\u00d6R TAKIM OLMAYACAK\u201d<\/b><\/p>\n<p>\u201cOlumsuz d\u00fc\u015f\u00fcnmeyelim. Olumsuzluklar \u00fczerine yo\u011funla\u015f\u0131rsan\u0131z bir ad\u0131m bile ilerleyemezsiniz. Her zaman pozitif ve iyi olana bak\u0131n. Gen\u00e7lerimizin Kocaelispor i\u00e7in duydu\u011fu heyecana bak\u0131n. Taraftarlar, futbolcular, teknik heyet, y\u00f6neticiler bu tak\u0131ma inand\u0131. Bu tak\u0131m i\u00e7in herkes asans\u00f6r olur, bu sene tekrar d\u00fc\u015fer diyordu. Bu tak\u0131m ligde inan\u0131lmaz i\u015fler ba\u015fard\u0131. Bunu tabi ki 12. futbolcusu yani taraftar\u0131yla birlikte ba\u015fard\u0131. Sizler en umutsuz zamanlarda bu tak\u0131ma inand\u0131n\u0131z. Kocaelispor \u00e7ok daha iyi yerlerde olacak.<\/p>\n<p><b>\u201cTEMMUZ AYINA TES\u0130S\u0130 YET\u0130\u015eT\u0130RECE\u011e\u0130Z\u201d<\/b><\/p>\n<p>Pozitif olun, moralinizi bozmay\u0131n. T\u00fcm olumsuzluklar\u0131 devire devire daha yukar\u0131 do\u011fru gidece\u011fiz. \u00d6zellikle Sel\u00e7uk hocam\u0131, kaptan\u0131m\u0131z\u0131n \u015fahs\u0131nda t\u00fcm futbolcular\u0131m\u0131z\u0131 tebrik ediyorum. Taraftar iyi g\u00fcnde de k\u00f6t\u00fc g\u00fcnde de tak\u0131ma ve hocas\u0131na sahip \u00e7\u0131kar. Altyap\u0131dan gen\u00e7 futbolcular \u00e7\u0131karmal\u0131y\u0131z. Kul\u00fcb\u00fcn yeni tesis projesi \u00fczerinde ba\u015fkan\u0131m\u0131z ve hocam\u0131zla yo\u011fun bir \u015fekilde \u00e7al\u0131\u015f\u0131yoruz. Temmuz ay\u0131na kadar Kocaelisporumuzun \u00e7ok g\u00fczel bir tesisi olacak. Hodri Meydan\u2019a destek vermeye devam edece\u011fiz. Be\u015fikta\u015f ma\u00e7\u0131nda yapt\u0131\u011f\u0131n\u0131z koreografi muhte\u015femdi. Kocaelispor taraftar\u0131n\u0131n ne kadar b\u00fcy\u00fck oldu\u011funu g\u00f6sterdiniz.\u201d<\/p>\n<p><b>ME\u015eALELERLE KAR\u015eILANDI<\/b><\/p>\n<p>Vali Akta\u015f konu\u015fmas\u0131nda \u201cKocaelisporumuza bu kutlu yolda ba\u015far\u0131lar diliyorum. Bu tak\u0131m hedefine ula\u015facakt\u0131r. Buna inanc\u0131m\u0131z tamd\u0131r\u201d dedi. Milletvekili\u00a0 Y\u0131lmaz, \u201c\u0130nan\u00e7la birlikte Kocaelispor y\u00f6neticileri ve Tahir Ba\u015fkan\u0131m\u0131z da bu m\u00fccadelenin ba\u015far\u0131ya ula\u015fmas\u0131n\u0131 sa\u011flad\u0131\u201d \u015feklinde konu\u015ftu. Recep Durul, \u201cBug\u00fcn 33 puanla ligde 8. s\u0131raday\u0131z. Avrupa hedefimiz i\u00e7in yukar\u0131lara t\u0131rmanmaya devam edece\u011fiz\u201d derken, Enver G\u00fcler desteklerinden dolay\u0131 taraftar ad\u0131na Ba\u015fkan B\u00fcy\u00fckak\u0131n\u2019a te\u015fekk\u00fcr etti. Konu\u015fmalar\u0131n ard\u0131ndan Ba\u015fkan B\u00fcy\u00fckak\u0131n, altyap\u0131 futbolcular\u0131 ve taraftarlarla foto\u011fraf \u00e7ektirmek i\u00e7in salon d\u0131\u015f\u0131na gitti. Me\u015falelerle kar\u015f\u0131lanan B\u00fcy\u00fckak\u0131n daha sonra taraftarlarla geni\u015f aile foto\u011fraf\u0131 da \u00e7ektirdi.<\/p>\n<p>\u00a0<\/p>\n<p>\u00a0<\/p>\n<p>Kaynak: (BYZHA) Beyaz Haber Ajans\u0131<\/p>\n","protected":false},"excerpt":{"rendered":"<p>Kocaeli B\u00fcy\u00fck\u015fehir Belediye Ba\u015fkan\u0131 Tahir B\u00fcy\u00fckak\u0131n, Hodri Meydan Taraftarlar Derne\u011fi\u2019nin d\u00fczenledi\u011fi iftar program\u0131nda Kocaelispor ile ilgili iddial\u0131 a\u00e7\u0131klamalarda bulundu.<\/p>\n","protected":false},"author":1,"featured_media":3155,"comment_status":"open","ping_status":"open","sticky":false,"template":"","format":"standard","meta":{"footnotes":""},"categories":[33],"tags":[],"class_list":["post-3154","post","type-post","status-publish","format-standard","has-post-thumbnail","hentry","category-spor"],"_links":{"self":[{"href":"https:\/\/ekonomievreni.com\/index.php?rest_route=\/wp\/v2\/posts\/3154","targetHints":{"allow":["GET"]}}],"collection":[{"href":"https:\/\/ekonomievreni.com\/index.php?rest_route=\/wp\/v2\/posts"}],"about":[{"href":"https:\/\/ekonomievreni.com\/index.php?rest_route=\/wp\/v2\/types\/post"}],"author":[{"embeddable":true,"href":"https:\/\/ekonomievreni.com\/index.php?rest_route=\/wp\/v2\/users\/1"}],"replies":[{"embeddable":true,"href":"https:\/\/ekonomievreni.com\/index.php?rest_route=%2Fwp%2Fv2%2Fcomments&post=3154"}],"version-history":[{"count":1,"href":"https:\/\/ekonomievreni.com\/index.php?rest_route=\/wp\/v2\/posts\/3154\/revisions"}],"predecessor-version":[{"id":3156,"href":"https:\/\/ekonomievreni.com\/index.php?rest_route=\/wp\/v2\/posts\/3154\/revisions\/3156"}],"wp:featuredmedia":[{"embeddable":true,"href":"https:\/\/ekonomievreni.com\/index.php?rest_route=\/wp\/v2\/media\/3155"}],"wp:attachment":[{"href":"https:\/\/ekonomievreni.com\/index.php?rest_route=%2Fwp%2Fv2%2Fmedia&parent=3154"}],"wp:term":[{"taxonomy":"category","embeddable":true,"href":"https:\/\/ekonomievreni.com\/index.php?rest_route=%2Fwp%2Fv2%2Fcategories&post=3154"},{"taxonomy":"post_tag","embeddable":true,"href":"https:\/\/ekonomievreni.com\/index.php?rest_route=%2Fwp%2Fv2%2Ftags&post=3154"}],"curies":[{"name":"wp","href":"https:\/\/api.w.org\/{rel}","templated":true}]}}