{"id":3139,"date":"2026-03-16T14:25:02","date_gmt":"2026-03-16T11:25:02","guid":{"rendered":"https:\/\/ekonomievreni.com\/?p=3139"},"modified":"2026-03-16T14:25:03","modified_gmt":"2026-03-16T11:25:03","slug":"belediye-baskani-nergiz-karaagacli-ozturkten-14-mart-tip-bayrami-ziyareti","status":"publish","type":"post","link":"https:\/\/ekonomievreni.com\/?p=3139","title":{"rendered":"Belediye Ba\u015fkan\u0131 Nergiz Karaa\u011fa\u00e7l\u0131 \u00d6zt\u00fcrk\u2019ten 14 Mart T\u0131p Bayram\u0131 Ziyareti"},"content":{"rendered":"\n<p style=\"text-align:justify;text-indent:35.4pt\"><span style=\"font-size:12pt\"><span style=\"line-height:115%\"><span style=\",serif\"><span style=\",sans-serif\">Malkara Belediye Ba\u015fkan\u0131 Nergiz Karaa\u011fa\u00e7l\u0131 \u00d6zt\u00fcrk, T\u0131p Bayram\u0131 kapsam\u0131nda 16 Mart 2026 Pazartesi g\u00fcn\u00fc il\u00e7emizdeki sa\u011fl\u0131k y\u00f6neticilerini ziyaret ederek t\u00fcm sa\u011fl\u0131k \u00e7al\u0131\u015fanlar\u0131n\u0131n bayram\u0131n\u0131 kutlad\u0131.<\/span><\/span><\/span><\/span><\/p>\n<p style=\"text-align:justify;text-indent:35.4pt\"><span style=\"font-size:12pt\"><span style=\"line-height:115%\"><span style=\",serif\"><span style=\",sans-serif\">Ziyaret program\u0131 kapsam\u0131nda \u0130l\u00e7e Sa\u011fl\u0131k M\u00fcd\u00fcr\u00fc Dr. Refet \u00c7eviker ve Malkara Devlet Hastanesi Ba\u015fhekimi Uzm. Dr. Fatih Far\u0131z\u2019\u0131 makamlar\u0131nda ziyaret eden Belediye Ba\u015fkan\u0131 Nergiz Karaa\u011fa\u00e7l\u0131 \u00d6zt\u00fcrk, sa\u011fl\u0131k \u00e7al\u0131\u015fanlar\u0131na emekleri i\u00e7in te\u015fekk\u00fcr etti.<\/span><\/span><\/span><\/span><\/p>\n<p style=\"text-align:justify;text-indent:35.4pt\"><span style=\"font-size:12pt\"><span style=\"line-height:115%\"><span style=\",serif\"><b><span style=\",sans-serif\">\u0130yi ki Vars\u0131n\u0131z: \u015eifa Da\u011f\u0131tan Ellere Te\u015fekk\u00fcr Ediyoruz<\/span><\/b><\/span><\/span><\/span><\/p>\n<p style=\"text-align:justify;text-indent:35.4pt\"><span style=\"font-size:12pt\"><span style=\"line-height:115%\"><span style=\",serif\"><span style=\",sans-serif\">Ziyaret s\u0131ras\u0131nda sa\u011fl\u0131k \u00e7al\u0131\u015fanlar\u0131n\u0131n toplum huzuru ve halk sa\u011fl\u0131\u011f\u0131 ad\u0131na \u00fcstlendikleri hayati role de\u011finen Belediye Ba\u015fkan\u0131 Nergiz Karaa\u011fa\u00e7l\u0131 \u00d6zt\u00fcrk, \u015fu ifadeleri kulland\u0131: &#8220;Sa\u011fl\u0131kl\u0131 bir toplumun mimar\u0131 olan hekimlerimiz ve t\u00fcm sa\u011fl\u0131k \u00e7al\u0131\u015fanlar\u0131m\u0131z, her ko\u015fulda en \u00f6n safta yer alarak b\u00fcy\u00fck bir fedakarl\u0131k \u00f6rne\u011fi sergiliyorlar. Toplum sa\u011fl\u0131\u011f\u0131 i\u00e7in b\u00fcy\u00fck bir \u00f6zveriyle \u00e7al\u0131\u015fan k\u0131ymetli hekimlerimize te\u015fekk\u00fcrlerimizi sunuyor; gece g\u00fcnd\u00fcz demeden \u015fifa da\u011f\u0131tan t\u00fcm sa\u011fl\u0131k \u00e7al\u0131\u015fanlar\u0131m\u0131z\u0131n 14 Mart T\u0131p Bayram\u0131\u2019n\u0131 en i\u00e7ten dileklerimle kutluyorum. Emekleriniz bizim i\u00e7in \u00e7ok k\u0131ymetli. \u0130yi ki vars\u0131n\u0131z. \u015eifa da\u011f\u0131tan ellere te\u015fekk\u00fcr ediyoruz&#8221; diyerek d\u00fc\u015f\u00fcncelerini belirtti.<\/span><\/span><\/span><\/span><\/p>\n<p style=\"text-align:justify;text-indent:35.4pt\"><span style=\"font-size:12pt\"><span style=\"line-height:115%\"><span style=\",serif\"><span style=\",sans-serif\">Belediye Ba\u015fkan\u0131 Nergiz Karaa\u011fa\u00e7l\u0131 \u00d6zt\u00fcrk, Dr. Refet \u00c7eviker ve Uzm. Dr. Fatih Far\u0131z nezdinde t\u00fcm sa\u011fl\u0131k personelinin bayram\u0131n\u0131 tebrik ederek, il\u00e7edeki sa\u011fl\u0131k hizmetlerinin kalitesi \u00fczerine isti\u015farelerde bulundu. Samimi bir atmosferde ger\u00e7ekle\u015fen ziyaretler, g\u00fcn\u00fcn an\u0131s\u0131na \u00e7ekilen hat\u0131ra foto\u011fraflar\u0131yla sona erdi.<\/span><\/span><\/span><\/span><\/p>\n<p style=\"text-align:justify;text-indent:35.4pt\">\u00a0<\/p>\n<p>Kaynak: (BYZHA) Beyaz Haber Ajans\u0131<\/p>\n","protected":false},"excerpt":{"rendered":"<p>Malkara Belediye Ba\u015fkan\u0131 Nergiz Karaa\u011fa\u00e7l\u0131 \u00d6zt\u00fcrk, T\u0131p Bayram\u0131 kapsam\u0131nda 16 Mart 2026 Pazartesi g\u00fcn\u00fc il\u00e7emizdeki sa\u011fl\u0131k y\u00f6neticilerini ziyaret ederek t\u00fcm sa\u011fl\u0131k \u00e7al\u0131\u015fanlar\u0131n\u0131n bayram\u0131n\u0131 kutlad\u0131.<\/p>\n","protected":false},"author":1,"featured_media":3140,"comment_status":"open","ping_status":"open","sticky":false,"template":"","format":"standard","meta":{"footnotes":""},"categories":[31],"tags":[],"class_list":["post-3139","post","type-post","status-publish","format-standard","has-post-thumbnail","hentry","category-saglik"],"_links":{"self":[{"href":"https:\/\/ekonomievreni.com\/index.php?rest_route=\/wp\/v2\/posts\/3139","targetHints":{"allow":["GET"]}}],"collection":[{"href":"https:\/\/ekonomievreni.com\/index.php?rest_route=\/wp\/v2\/posts"}],"about":[{"href":"https:\/\/ekonomievreni.com\/index.php?rest_route=\/wp\/v2\/types\/post"}],"author":[{"embeddable":true,"href":"https:\/\/ekonomievreni.com\/index.php?rest_route=\/wp\/v2\/users\/1"}],"replies":[{"embeddable":true,"href":"https:\/\/ekonomievreni.com\/index.php?rest_route=%2Fwp%2Fv2%2Fcomments&post=3139"}],"version-history":[{"count":1,"href":"https:\/\/ekonomievreni.com\/index.php?rest_route=\/wp\/v2\/posts\/3139\/revisions"}],"predecessor-version":[{"id":3141,"href":"https:\/\/ekonomievreni.com\/index.php?rest_route=\/wp\/v2\/posts\/3139\/revisions\/3141"}],"wp:featuredmedia":[{"embeddable":true,"href":"https:\/\/ekonomievreni.com\/index.php?rest_route=\/wp\/v2\/media\/3140"}],"wp:attachment":[{"href":"https:\/\/ekonomievreni.com\/index.php?rest_route=%2Fwp%2Fv2%2Fmedia&parent=3139"}],"wp:term":[{"taxonomy":"category","embeddable":true,"href":"https:\/\/ekonomievreni.com\/index.php?rest_route=%2Fwp%2Fv2%2Fcategories&post=3139"},{"taxonomy":"post_tag","embeddable":true,"href":"https:\/\/ekonomievreni.com\/index.php?rest_route=%2Fwp%2Fv2%2Ftags&post=3139"}],"curies":[{"name":"wp","href":"https:\/\/api.w.org\/{rel}","templated":true}]}}