{"id":3133,"date":"2026-03-16T14:24:54","date_gmt":"2026-03-16T11:24:54","guid":{"rendered":"https:\/\/ekonomievreni.com\/?p=3133"},"modified":"2026-03-16T14:24:55","modified_gmt":"2026-03-16T11:24:55","slug":"vakifbanktan-15-milyar-euro-tutarinda-yeni-yurt-disi-kaynak","status":"publish","type":"post","link":"https:\/\/ekonomievreni.com\/?p=3133","title":{"rendered":"Vak\u0131fBank\u2019tan 1,5 milyar Euro tutar\u0131nda yeni yurt d\u0131\u015f\u0131 kaynak"},"content":{"rendered":"<p> Vak\u0131fBank, uluslararas\u0131 kurulu\u015flarla yapt\u0131\u011f\u0131 i\u015f birliklerine bir yenisini daha ekledi. D\u00fcnya Bankas\u0131 \u0130cra Kurulu taraf\u0131ndan Aral\u0131k 2025\u2019te onaylanan \u201cT\u00fcrkiye \u0130stihdam ve B\u00fcy\u00fcme i\u00e7in Finansmana Eri\u015fim Projesi\u201d kapsam\u0131nda, T.C. Hazine ve Maliye Bakanl\u0131\u011f\u0131\u2019n\u0131n kar\u015f\u0131-garantisi ve D\u00fcnya Bankas\u0131 Grubu \u00fcyesi Uluslararas\u0131 \u0130mar ve Kalk\u0131nma Bankas\u0131\u2019n\u0131n (IBRD) k\u0131smi garantisi alt\u0131nda uluslararas\u0131 finans kurulu\u015flar\u0131yla kredi s\u00f6zle\u015fmesine imza att\u0131. 10 y\u0131l vadeli finansman i\u015flemi, Hazine ve Maliye Bakanl\u0131\u011f\u0131, D\u00fcnya Bankas\u0131, kredit\u00f6rler ve Vak\u0131fBank aras\u0131ndaki i\u015f birli\u011fi kapsam\u0131nda; T\u00fcrkiye genelinde mikro, k\u00fc\u00e7\u00fck ve orta b\u00fcy\u00fckl\u00fckteki i\u015fletmelerin, \u00f6zellikle kad\u0131nlar ve gen\u00e7 giri\u015fimcilerin finansmana eri\u015fiminin ve istihdamlar\u0131n\u0131n art\u0131r\u0131lmas\u0131n\u0131 ve depremden etkilenen b\u00f6lgelerde ekonomik toparlanman\u0131n desteklenmesini ama\u00e7l\u0131yor. \u00a0<\/p>\n<p><strong>\u201cT\u00fcrk bankac\u0131l\u0131k sekt\u00f6r\u00fcnde uluslararas\u0131 kalk\u0131nma kurulu\u015flar\u0131yla ger\u00e7ekle\u015ftirilen en y\u00fcksek tutarl\u0131 fonlama i\u015flemi\u201d<\/strong><\/p>\n<p>\u0130\u015flemle ilgili a\u00e7\u0131klamada bulunan\u00a0<strong>Vak\u0131fBank Genel M\u00fcd\u00fcr\u00fc Abdi Serdar \u00dcst\u00fcnsalih<\/strong>\u00a0\u015funlar\u0131 s\u00f6yledi:<\/p>\n<p>\u201cD\u00fcnya Bankas\u0131 \u0130cra Kurulu taraf\u0131ndan onaylanan \u2018T\u00fcrkiye \u0130stihdam ve B\u00fcy\u00fcme i\u00e7in Finansmana Eri\u015fim Projesi\u2019 kapsam\u0131nda, Hazine ve Maliye Bakanl\u0131\u011f\u0131 kar\u015f\u0131-garantisi ile IBRD k\u0131smi garantisi alt\u0131nda uluslararas\u0131 finans kurulu\u015flar\u0131yla imzalad\u0131\u011f\u0131m\u0131z\u00a0<strong>1,5 milyar Euro tutar\u0131ndaki 10 y\u0131l vadeli<\/strong>\u00a0bu anla\u015fmay\u0131, T\u00fcrkiye ekonomisine uzun vadeli kaynak kazand\u0131ran stratejik bir ad\u0131m olarak de\u011ferlendiriyoruz. Bu proje, yaln\u0131zca finansman sa\u011flamakla s\u0131n\u0131rl\u0131 kalmay\u0131p\u00a0<strong>kad\u0131nlar ve gen\u00e7 giri\u015fimciler oda\u011f\u0131nda istihdam\u0131 da do\u011frudan destekleyen<\/strong>\u00a0bir etki \u00e7er\u00e7evesi sunuyor.\u201d\u00a0<\/p>\n<p>Sa\u011flanan kayna\u011f\u0131, mikro, k\u00fc\u00e7\u00fck ve orta b\u00fcy\u00fckl\u00fckteki i\u015fletmelerin yat\u0131r\u0131m ve b\u00fcy\u00fcme ihtiya\u00e7lar\u0131n\u0131 kar\u015f\u0131layacak \u015fekilde reel sekt\u00f6re y\u00f6nlendirirken, depremden etkilenen b\u00f6lgelerde de ekonomik toparlanmay\u0131 desteklemeyi hedeflediklerini belirten \u00dcst\u00fcnsalih,\u00a0<\/p>\n<p>\u201cD\u00fcnya Bankas\u0131 ile 2010 y\u0131l\u0131nda ba\u015flayan ve y\u0131llar i\u00e7inde farkl\u0131 projelerle geni\u015fleyen i\u015f birli\u011fimiz bug\u00fcn itibar\u0131yla Bankam\u0131z\u0131, D\u00fcnya Bankas\u0131\u2019n\u0131n T\u00fcrkiye\u2019deki en b\u00fcy\u00fck finansal kurulu\u015f i\u015f orta\u011f\u0131 konumuna ta\u015f\u0131d\u0131. Orta ve uzun vadede, \u00e7ok uluslu kalk\u0131nma bankalar\u0131 ve uluslararas\u0131 finans kurulu\u015flar\u0131yla ili\u015fkilerimizi daha da derinle\u015ftirerek \u00fclkemizin s\u00fcrd\u00fcr\u00fclebilir kalk\u0131nma hedeflerine katk\u0131 sa\u011flayan projelerde en b\u00fcy\u00fck ve en etkin i\u015f ortaklar\u0131ndan biri olma stratejimizi kararl\u0131l\u0131kla s\u00fcrd\u00fcr\u00fcyoruz. Bu \u00f6nemli ad\u0131mda eme\u011fi ge\u00e7en Hazine ve Maliye Bakanl\u0131\u011f\u0131\u2019na, D\u00fcnya Bankas\u0131 Grubu\u2019na ve kredi anla\u015fmas\u0131n\u0131 birlikte imzalad\u0131\u011f\u0131m\u0131z\u00a0<strong>Santander, BNP Paribas, Standard Chartered ve ING\u2019ye<\/strong>\u00a0te\u015fekk\u00fcr ediyorum\u201d diyerek s\u00f6zlerini tamamlad\u0131.<\/p>\n<p><strong>Projeye garanti sa\u011flayan D\u00fcnya Bankas\u0131 ad\u0131na a\u00e7\u0131klamalarda bulunan T\u00fcrkiye Cumhuriyeti \u00fclke direkt\u00f6r\u00fc Humberto L\u00f3pez ise \u015funlar\u0131 ifade etti.<\/strong>\u00a0\u201cBu i\u015flem, D\u00fcnya Bankas\u0131\u2019n\u0131n bug\u00fcne kadar tek bir proje kapsam\u0131nda sa\u011flad\u0131\u011f\u0131 en b\u00fcy\u00fck garanti olup, \u00f6zel sekt\u00f6r\u00fcn finansmana eri\u015fimini kolayla\u015ft\u0131rarak \u00fclkemizin istihdam hedeflerinin desteklenmesine \u00f6nemli katk\u0131 sa\u011flayacakt\u0131r. Ayn\u0131 zamanda i\u015fg\u00fcc\u00fc piyasas\u0131ndaki cinsiyet ve ya\u015f fark\u0131n\u0131n kapat\u0131lmas\u0131na odaklanmaktad\u0131r. Projenin, 15.000&#8217;i kad\u0131nlar ve 1.000&#8217;i gen\u00e7ler taraf\u0131ndan y\u00f6netilen firmalar da dahil olmak \u00fczere yakla\u015f\u0131k 30.000 mikro, k\u00fc\u00e7\u00fck ve orta \u00f6l\u00e7ekli i\u015fletmenin finansmana eri\u015fimini geni\u015fletmesi ve 800.000&#8217;e kadar yeni veya daha kaliteli istihdam yarat\u0131lmas\u0131na yard\u0131mc\u0131 olmas\u0131 beklenmektedir.\u201d<\/p>\n<p><strong>Projede kredi veren bankalardan Santander Bank ad\u0131na Global Export &amp; Agency Finance Ba\u015fkan\u0131 Guillermo Hombravella ise \u015funlar\u0131 belirtti<\/strong>: \u201cBu \u00f6nemli i\u015flemde Global Koordinat\u00f6r olarak yer almaktan gurur duyuyoruz. Uluslararas\u0131 kalk\u0131nma kurulu\u015flar\u0131n\u0131n kat\u0131l\u0131m\u0131yla bir T\u00fcrk bankas\u0131 taraf\u0131ndan sa\u011flanan en b\u00fcy\u00fck finansman olmas\u0131, bu i\u015flemin D\u00fcnya Bankas\u0131 ile \u00f6nde gelen ticari bankalar aras\u0131ndaki g\u00fc\u00e7l\u00fc i\u015f birli\u011fini ortaya koydu\u011funu g\u00f6stermektedir. \u00c7ok tarafl\u0131 garanti yap\u0131lar\u0131ndaki i\u015flemlerde g\u00fcvenilir bir ortak olarak Santander, T\u00fcrkiye\u2019de mikro, k\u00fc\u00e7\u00fck ve orta \u00f6l\u00e7ekli i\u015fletmelerin finansmana eri\u015fimini geni\u015fleten, istihdam\u0131 destekleyen ve son depremlerden etkilenen b\u00f6lgelerin toparlanmas\u0131na katk\u0131 sa\u011flayan karma\u015f\u0131k finansman \u00e7\u00f6z\u00fcmlerini hayata ge\u00e7irmek i\u00e7in gerekli yap\u0131land\u0131rma uzmanl\u0131\u011f\u0131 ve koordinasyon kapasitesini sunmaktad\u0131r.\u201d<\/p>\n<p><strong>Projede kredi veren bankalardan BNP Paribas ad\u0131na BNP Paribas Global Export Finance Ba\u015fkan\u0131 Yasser Henda ise \u015funlar\u0131 s\u00f6yledi:<\/strong>\u00a0\u201cBNP Paribas olarak, IBRD taraf\u0131ndan k\u0131smen garanti edilen ve finansal kapsay\u0131c\u0131l\u0131\u011f\u0131 g\u00fc\u00e7lendirmeyi hedefleyen bu 1,5 milyar avroluk i\u015flem kapsam\u0131nda Vak\u0131fBank\u2019\u0131 desteklemekten gurur duyuyoruz. \u00d6zellikle kad\u0131n ve gen\u00e7 giri\u015fimciler olmak \u00fczere yeterince temsil edilmeyen gruplar ile KOB\u0130\u2019lerin finansmana eri\u015fimini art\u0131rmay\u0131 ama\u00e7layan bu i\u015flemde yer almam\u0131z, BNP Paribas\u2019n\u0131n T\u00fcrkiye\u2019de ve \u00f6tesinde sosyal ve ekonomik kalk\u0131nmay\u0131 destekleyen finansman \u00e7\u00f6z\u00fcmlerinin geli\u015ftirilmesine y\u00f6nelik kararl\u0131l\u0131\u011f\u0131n\u0131 bir kez daha ortaya koymaktad\u0131r.\u201d<\/p>\n<p>\u00a0<\/p>\n<p>\u00a0<\/p>\n<p>Kaynak: (BYZHA) Beyaz Haber Ajans\u0131<\/p>\n","protected":false},"excerpt":{"rendered":"<p>Vak\u0131fBank, uluslararas\u0131 kurulu\u015flarla yapt\u0131\u011f\u0131 i\u015f birliklerine bir yenisini daha ekledi.<\/p>\n","protected":false},"author":1,"featured_media":3134,"comment_status":"open","ping_status":"open","sticky":false,"template":"","format":"standard","meta":{"footnotes":""},"categories":[30],"tags":[],"class_list":["post-3133","post","type-post","status-publish","format-standard","has-post-thumbnail","hentry","category-ekonomi"],"_links":{"self":[{"href":"https:\/\/ekonomievreni.com\/index.php?rest_route=\/wp\/v2\/posts\/3133","targetHints":{"allow":["GET"]}}],"collection":[{"href":"https:\/\/ekonomievreni.com\/index.php?rest_route=\/wp\/v2\/posts"}],"about":[{"href":"https:\/\/ekonomievreni.com\/index.php?rest_route=\/wp\/v2\/types\/post"}],"author":[{"embeddable":true,"href":"https:\/\/ekonomievreni.com\/index.php?rest_route=\/wp\/v2\/users\/1"}],"replies":[{"embeddable":true,"href":"https:\/\/ekonomievreni.com\/index.php?rest_route=%2Fwp%2Fv2%2Fcomments&post=3133"}],"version-history":[{"count":1,"href":"https:\/\/ekonomievreni.com\/index.php?rest_route=\/wp\/v2\/posts\/3133\/revisions"}],"predecessor-version":[{"id":3135,"href":"https:\/\/ekonomievreni.com\/index.php?rest_route=\/wp\/v2\/posts\/3133\/revisions\/3135"}],"wp:featuredmedia":[{"embeddable":true,"href":"https:\/\/ekonomievreni.com\/index.php?rest_route=\/wp\/v2\/media\/3134"}],"wp:attachment":[{"href":"https:\/\/ekonomievreni.com\/index.php?rest_route=%2Fwp%2Fv2%2Fmedia&parent=3133"}],"wp:term":[{"taxonomy":"category","embeddable":true,"href":"https:\/\/ekonomievreni.com\/index.php?rest_route=%2Fwp%2Fv2%2Fcategories&post=3133"},{"taxonomy":"post_tag","embeddable":true,"href":"https:\/\/ekonomievreni.com\/index.php?rest_route=%2Fwp%2Fv2%2Ftags&post=3133"}],"curies":[{"name":"wp","href":"https:\/\/api.w.org\/{rel}","templated":true}]}}