{"id":3130,"date":"2026-03-16T14:24:52","date_gmt":"2026-03-16T11:24:52","guid":{"rendered":"https:\/\/ekonomievreni.com\/?p=3130"},"modified":"2026-03-16T14:24:53","modified_gmt":"2026-03-16T11:24:53","slug":"izmirin-tanzim-satis-magazalari-21-subeye-ulasti","status":"publish","type":"post","link":"https:\/\/ekonomievreni.com\/?p=3130","title":{"rendered":"\u0130zmir\u2019in tanzim sat\u0131\u015f ma\u011fazalar\u0131 21 \u015fubeye ula\u015ft\u0131"},"content":{"rendered":"<p> \u0130zmir B\u00fcy\u00fck\u015fehir Belediyesi\u2019nin tanzim sat\u0131\u015f ma\u011fazas\u0131 \u0130ZMAR 21\u2019inci ma\u011fazas\u0131n\u0131 \u00c7i\u011fli\u2019de a\u00e7t\u0131. Bay\u0131nd\u0131r S\u00fct Fabrikas\u0131\u2019nda \u00fcretilen \u0130ZMAR markal\u0131 taze beyaz peynir a\u00e7\u0131l\u0131\u015f\u0131n ard\u0131ndan ilk kez sat\u0131\u015fa sunuldu. Talep do\u011frultusunda \u00fcr\u00fcn \u00e7e\u015fidini iki kat\u0131na \u00e7\u0131karan \u0130ZMAR\u2019\u0131n yeni ma\u011fazalar\u0131n\u0131n Bayrakl\u0131 Osmangazi ve Menemen Asarl\u0131k\u2019ta a\u00e7\u0131lmas\u0131 planlan\u0131yor.<\/p>\n<p>\u0130zmir B\u00fcy\u00fck\u015fehir Belediye Ba\u015fkan\u0131 Dr. Cemil Tugay\u2019\u0131n kente kazand\u0131rd\u0131\u011f\u0131 \u0130zmir\u2019in tanzim sat\u0131\u015f ma\u011fazalar\u0131 \u0130ZMAR, 21\u2019inci ma\u011fazas\u0131n\u0131 \u00c7i\u011fli\u2019de hizmete a\u00e7t\u0131. \u0130zmir B\u00fcy\u00fck\u015fehir Belediyesi\u2019nin i\u015ftiraki \u0130ZTARIM A\u015e taraf\u0131ndan i\u015fletilen ve halk\u0131 uygun fiyatl\u0131, g\u00fcvenilir al\u0131\u015fveri\u015fle bulu\u015fturan \u0130ZMAR\u2019\u0131n yeni ma\u011fazas\u0131 K\u00f6yi\u00e7i Mahallesi, Dere Caddesi \u00fczerinde kap\u0131lar\u0131n\u0131 a\u00e7t\u0131. \u0130ZMAR\u2019\u0131n il\u00e7elerine gelmesini heyecanla bekleyen \u00c7i\u011flililer, a\u00e7\u0131l\u0131\u015f an\u0131ndan itibaren ma\u011fazaya ak\u0131n etti. Ma\u011fazan\u0131n \u00f6zellikle et ve s\u00fct \u00fcr\u00fcnleri reyonlar\u0131nda uzun kuyruklar olu\u015ftu.<\/p>\n<p><strong>\u201cSonunda geldi \u00e7ok mutluyuz, \u00e7ok g\u00fcveniyoruz\u201d<\/strong><\/p>\n<p>\u00c7i\u011fli ma\u011fazas\u0131n\u0131n ilk m\u00fc\u015fterilerinden Pervin I\u015f\u0131k ise ma\u011fazan\u0131n a\u00e7\u0131lmas\u0131ndan duydu\u011fu memnuniyeti dile getirdi. Uzun s\u00fcredir \u0130ZMAR\u2019\u0131n gelmesini beklediklerini s\u00f6yleyen I\u015f\u0131k, \u201cK\u0131z\u0131m da s\u00fcrekli yaz\u0131yordu, sonunda geldi. \u00c7ok mutluyuz. Et fiyatlar\u0131 kasaplardan daha uygun. Buraya \u00e7ok g\u00fcveniyoruz. S\u00fct \u00fcr\u00fcnlerini de her zaman al\u0131yoruz. Fiyatlar \u00e7ok ekonomik. \u00c7ok mutluyuz\u201d dedi.<\/p>\n<p><strong>\u201cD\u0131\u015far\u0131daki marketlere g\u00f6re fiyatlar gayet iyi\u201d<\/strong><\/p>\n<p>Mahmut Kamil \u00c7ak\u0131c\u0131, \u201c\u00c7ok g\u00fczel, d\u0131\u015far\u0131daki marketlere g\u00f6re fiyatlar gayet iyi. S\u00fcrpriz oldu bize. Daha \u00f6nceden a\u00e7\u0131lmas\u0131n\u0131 isterdik. Ulukent\u2019e gitmek zorunda kal\u0131yorduk. Evin ihtiya\u00e7lar\u0131n\u0131 al\u0131yoruz. Ba\u015fka ihtiyac\u0131m\u0131z olmayan bir \u015feyi alam\u0131yoruz. Asgari \u00fccretle zor ge\u00e7inen insanlar\u0131z. Nerede ucuz bir \u015fey bulsak oraya gidiyoruz\u201d dedi.<\/p>\n<p><strong>\u201cKendi \u00fcr\u00fcn\u00fcm\u00fcz, kendi s\u00fct\u00fcm\u00fcz, kendi tohumumuz\u201d<\/strong><\/p>\n<p>\u015eeng\u00fcl Top\u00e7u da ma\u011fazan\u0131n a\u00e7\u0131l\u0131\u015f\u0131ndan duydu\u011fu memnuniyeti dile getirerek, \u201cFiyatlar piyasaya g\u00f6re uygun. B\u00f6yle bir yere \u00e7ok ihtiya\u00e7 vard\u0131. \u0130nsanlar burada et yiyemiyordu, 250 gram k\u0131yma almak i\u00e7in kuyru\u011fa giriyorlar. Bu nedenle Cemil Tugay\u2019a te\u015fekk\u00fcr ediyoruz. Gayet g\u00fczel bir hizmet. Kooperatif\u00e7ili\u011fi desteklemesi \u00e7ok daha iyi. Kendi \u00fcr\u00fcn\u00fcm\u00fcz\u00fc, kendi tohumumuzu, kendi s\u00fct\u00fcm\u00fcz\u00fc kullan\u0131rsak \u00e7ok daha mutlu olaca\u011f\u0131z\u201d dedi.<\/p>\n<p><strong>\u201c\u00c7i\u011fli halk\u0131 i\u00e7in \u00e7ok iyi oldu\u201d<\/strong><\/p>\n<p>Sinan Sevim ise \u201cBizim mahallede a\u00e7\u0131lmas\u0131na \u00e7ok memnun kald\u0131m. Fiyatlar gayet uygun. Dana k\u0131yma ve ku\u015fba\u015f\u0131 \u00f6zellikle fiyat olarak \u00e7ok iyi. Halk memnun, Cemil Ba\u015fkan\u0131m\u0131za te\u015fekk\u00fcr ederiz\u201d dedi.<\/p>\n<p><strong>\u0130ZMAR taze beyaz peynir 120 liradan raflarda\u00a0<\/strong><\/p>\n<p>\u0130ZMAR\u2019\u0131n yeni ma\u011fazas\u0131nda \u0130ZTARIM\u2019\u0131n Bay\u0131nd\u0131r S\u00fct Fabrikas\u0131\u2019nda \u00fcretilen \u0130ZMAR markal\u0131 tam ya\u011fl\u0131 taze beyaz peynir, ilk kez sat\u0131\u015fa \u00e7\u0131kt\u0131. Piyasada yar\u0131m kilosu 300 liraya kadar \u00e7\u0131kan beyaz peynir, 120 liradan vatanda\u015flar\u0131n be\u011fenisine sunuldu. Tamamen yerli \u00fcreticiden al\u0131nan s\u00fctlerle haz\u0131rlanan \u0130ZMAR markal\u0131 taze ka\u015far peyniri, tereya\u011f\u0131, yo\u011furt, UHT s\u00fct, ayran ile \u00d6demi\u015f Et Entegre Tesisi\u2019nde i\u015flenen et ve et \u00fcr\u00fcnleri, \u015ea\u015fal Su ve Halk Ekmek \u00fcr\u00fcnleri \u0130ZMAR raflar\u0131nda yerini ald\u0131.<\/p>\n<p><strong>\u00dcr\u00fcn \u00e7e\u015fitleri iki kat\u0131na \u00e7\u0131kt\u0131<\/strong><\/p>\n<p>Bir yandan yeni ma\u011fazalar\u0131 kente kazand\u0131rmak i\u00e7in \u00e7al\u0131\u015fan \u0130ZTARIM ekibi, bir yandan da vatanda\u015flar\u0131n ihtiya\u00e7lar\u0131 ve talepleri do\u011frultusunda \u00fcr\u00fcn \u00e7e\u015fitlili\u011fini a\u00e7\u0131ld\u0131\u011f\u0131 g\u00fcnden bug\u00fcne iki kat\u0131na \u00e7\u0131kard\u0131. Kooperatiflerden temin edilerek \u0130ZMAR markas\u0131yla sat\u0131\u015fa sunulan \u00e7ay, zeytinya\u011f\u0131 ve bal\u0131n yan\u0131 s\u0131ra temizlik \u00fcr\u00fcnlerinden g\u0131daya kadar y\u00fczlerce \u00e7e\u015fit \u00fcr\u00fcn, uygun fiyatlarla vatanda\u015flara ula\u015ft\u0131r\u0131l\u0131yor.<\/p>\n<p><strong>S\u0131radaki ma\u011fazalar Osmangazi ve Asarl\u0131k\u00a0<\/strong><\/p>\n<p>\u0130ZMAR, 21\u2019inci \u00c7i\u011fli ma\u011fazas\u0131n\u0131n yan\u0131 s\u0131ra Bayrakl\u0131\u2019daki \u00d6zkanlar ve Orgeneral Nafiz G\u00fcrman, Bornova\u2019daki \u00c7amdibi, Do\u011fanlar ve Erzene, Buca ve Gediz, Karaba\u011flar\u2019daki Bozyaka, Kar\u015f\u0131yaka\u2019daki Girne ve Nergiz, Konak\u2019taki G\u00fcltepe ve Kemeralt\u0131, Menemen ve Ulukent, Gaziemir ve Aktepe, Alia\u011fa, Tire ve Torbal\u0131 Ayranc\u0131lar ma\u011fazalar\u0131 ile yurtta\u015flara hizmet sunuyor. Gezici ma\u011faza ise \u0130ZMAR \u015fubesinin bulunmad\u0131\u011f\u0131 noktalarda \u0130zmirlilere hizmet veriyor. Yeni ma\u011fazalar\u0131n Bayrakl\u0131 Osmangazi ile Menemen Asarl\u0131k\u2019ta yak\u0131n zamanda hizmete a\u00e7\u0131lmas\u0131 planlan\u0131yor. Ma\u011fazalar, pazar g\u00fcnleri d\u0131\u015f\u0131nda haftan\u0131n alt\u0131 g\u00fcn\u00fc 09.00\u201320.00 saatleri aras\u0131nda hizmet veriyor.<\/p>\n<p>\u00a0<\/p>\n<p>\u00a0<\/p>\n<p>Kaynak: (BYZHA) Beyaz Haber Ajans\u0131<\/p>\n","protected":false},"excerpt":{"rendered":"<p>\u0130zmir B\u00fcy\u00fck\u015fehir Belediyesi\u2019nin tanzim sat\u0131\u015f ma\u011fazas\u0131 \u0130ZMAR 21\u2019inci ma\u011fazas\u0131n\u0131 \u00c7i\u011fli\u2019de a\u00e7t\u0131.<\/p>\n","protected":false},"author":1,"featured_media":3131,"comment_status":"open","ping_status":"open","sticky":false,"template":"","format":"standard","meta":{"footnotes":""},"categories":[30],"tags":[],"class_list":["post-3130","post","type-post","status-publish","format-standard","has-post-thumbnail","hentry","category-ekonomi"],"_links":{"self":[{"href":"https:\/\/ekonomievreni.com\/index.php?rest_route=\/wp\/v2\/posts\/3130","targetHints":{"allow":["GET"]}}],"collection":[{"href":"https:\/\/ekonomievreni.com\/index.php?rest_route=\/wp\/v2\/posts"}],"about":[{"href":"https:\/\/ekonomievreni.com\/index.php?rest_route=\/wp\/v2\/types\/post"}],"author":[{"embeddable":true,"href":"https:\/\/ekonomievreni.com\/index.php?rest_route=\/wp\/v2\/users\/1"}],"replies":[{"embeddable":true,"href":"https:\/\/ekonomievreni.com\/index.php?rest_route=%2Fwp%2Fv2%2Fcomments&post=3130"}],"version-history":[{"count":1,"href":"https:\/\/ekonomievreni.com\/index.php?rest_route=\/wp\/v2\/posts\/3130\/revisions"}],"predecessor-version":[{"id":3132,"href":"https:\/\/ekonomievreni.com\/index.php?rest_route=\/wp\/v2\/posts\/3130\/revisions\/3132"}],"wp:featuredmedia":[{"embeddable":true,"href":"https:\/\/ekonomievreni.com\/index.php?rest_route=\/wp\/v2\/media\/3131"}],"wp:attachment":[{"href":"https:\/\/ekonomievreni.com\/index.php?rest_route=%2Fwp%2Fv2%2Fmedia&parent=3130"}],"wp:term":[{"taxonomy":"category","embeddable":true,"href":"https:\/\/ekonomievreni.com\/index.php?rest_route=%2Fwp%2Fv2%2Fcategories&post=3130"},{"taxonomy":"post_tag","embeddable":true,"href":"https:\/\/ekonomievreni.com\/index.php?rest_route=%2Fwp%2Fv2%2Ftags&post=3130"}],"curies":[{"name":"wp","href":"https:\/\/api.w.org\/{rel}","templated":true}]}}