{"id":3115,"date":"2026-03-16T13:43:50","date_gmt":"2026-03-16T10:43:50","guid":{"rendered":"https:\/\/ekonomievreni.com\/?p=3115"},"modified":"2026-03-16T13:43:51","modified_gmt":"2026-03-16T10:43:51","slug":"sozun-bittigi-hareketin-basladigi-yer-cop-31-turk-sirketleri-kritik-bir-donum-noktasinda","status":"publish","type":"post","link":"https:\/\/ekonomievreni.com\/?p=3115","title":{"rendered":"&#8220;S\u00f6z\u00fcn Bitti\u011fi, Hareketin Ba\u015flad\u0131\u011f\u0131 Yer COP 31 \u2014 T\u00fcrk \u015eirketleri Kritik Bir D\u00f6n\u00fcm Noktas\u0131nda&#8221;"},"content":{"rendered":"<p> D\u00fcnyan\u0131n d\u00f6rt bir yan\u0131ndaki \u00fclkeler ve \u015firketler iklim krizine kar\u015f\u0131 \u00e7\u00f6z\u00fcmler \u00fczerinde \u00e7al\u0131\u015f\u0131rken, T\u00fcrkiye Kas\u0131m 2026&#8217;da tarihinin en \u00f6nemli k\u00fcresel platformlar\u0131ndan birine ev sahipli\u011fi yapacak. Birle\u015fmi\u015f Milletler \u0130klim De\u011fi\u015fikli\u011fi \u00c7er\u00e7eve S\u00f6zle\u015fmesi&#8217;nin 31. Taraflar Konferans\u0131 (COP 31), sadece bir uluslararas\u0131 toplant\u0131 de\u011fil; T\u00fcrkiye&#8217;nin, \u015firketlerinin ve t\u00fcm ekonomisinin gelece\u011fini \u015fekillendiren bir d\u00f6n\u00fcm noktas\u0131d\u0131r.<\/p>\n<p>\u0130klim ve s\u00fcrd\u00fcr\u00fclebilirlik alan\u0131nda uzman olan Zon Global CEO&#8217;su Oylum Tala, bu kritik d\u00f6nemin hem risk hem de f\u0131rsat ta\u015f\u0131d\u0131\u011f\u0131n\u0131 vurgulayarak, T\u00fcrk \u015firketlerinin neden acil bir \u015fekilde COP 31&#8217;e haz\u0131rl\u0131k yapmas\u0131 gerekti\u011fini a\u00e7\u0131kl\u0131yor.<\/p>\n<p>&#8220;COP 31 konu\u015fmalar\u0131n tamamland\u0131\u011f\u0131, hareketin ba\u015flad\u0131\u011f\u0131 bir zirve olarak tasarlan\u0131yor,&#8221; diyen Tala, &#8220;k\u00fcresel iklim diplomasisinin merkezi T\u00fcrkiye&#8217;de d\u00f6n\u00fc\u015ft\u00fc\u011f\u00fc \u015fu g\u00fcnlerde haz\u0131rl\u0131k yapan \u015firketler, d\u00fcnyan\u0131n en etkin kurumlar\u0131 taraf\u0131ndan tan\u0131nacak. Ancak haz\u0131rl\u0131ks\u0131z kalanlar ise riskle kar\u015f\u0131 kar\u015f\u0131ya kalacaklar.&#8221;<\/p>\n<h2>T\u00fcrkiye&#8217;nin Ev Sahipli\u011fi: Uluslararas\u0131 G\u00f6r\u00fcn\u00fcrl\u00fck ve Sorumlulu\u011fun Kesi\u015fme Noktas\u0131<\/h2>\n<p>T\u00fcrkiye&#8217;nin COP 31 ba\u015fkanl\u0131\u011f\u0131n\u0131 elde etmesi, yaln\u0131zca diplomatik bir ba\u015far\u0131 de\u011fil, ekonomik bir stratejik hamledir. Bu ba\u015fkanl\u0131k sayesinde, T\u00fcrkiye 200&#8217;e yak\u0131n \u00fclke nezdinde k\u00fcresel iklim m\u00fczakerelerinin ve \u00e7\u00f6z\u00fcmlerin mimar\u0131 konumuna gelmektedir.<\/p>\n<p>&#8220;D\u00fc\u015f\u00fcn\u00fcn,&#8221; diyerek a\u00e7\u0131klamaya devam eden Tala, &#8220;d\u00fcnyan\u0131n en b\u00fcy\u00fck yat\u0131r\u0131m fonlar\u0131, uluslararas\u0131 \u015firketleri de\u011ferlendirmek i\u00e7in COP zirvelerini bir ke\u015fif ve de\u011ferlendirme platformu olarak kullan\u0131yor. Avrupa Birli\u011fi, Birle\u015fmi\u015f Milletler ve G20 \u00fclkeleri, Kas\u0131m 2026&#8217;da Antalya&#8217;da olacak. T\u00fcrkiye&#8217;nin \u015firketleri, bu kez d\u00fcnya sahnesinin merkezinde olacak \u2014 ancak sadece seyirci olarak de\u011fil, akt\u00f6r olarak.&#8221;<\/p>\n<p>Bu d\u00f6nemde, COP 31 Ba\u015fkanl\u0131\u011f\u0131 alt\u0131nda ortaya konulan vizyon a\u00e7\u0131kt\u0131r: &#8220;Tek ses de\u011fil, diyalog; ayr\u0131l\u0131k de\u011fil, uzla\u015f\u0131; dura\u011fanl\u0131k de\u011fil, aksiyon.&#8221; Bu prensipler, T\u00fcrk \u015firketlerinin de kendi stratejilerini geli\u015ftirmesinde rehber olmal\u0131d\u0131r.<\/p>\n<h2>\u015eirketler \u0130\u00e7in Saat \u0130\u015flemeye Ba\u015flad\u0131: Yasal Zorunluluklar ve Pazar Riskleri<\/h2>\n<p>T\u00fcrk \u015firketleri, Avrupa Birli\u011fi&#8217;nin Kurumsal S\u00fcrd\u00fcr\u00fclebilirlik Raporlama Y\u00f6nergesi (CSRD) ve uluslararas\u0131 ESG (\u00c7evresel, Sosyal, Y\u00f6neti\u015fim) standartlar\u0131nda artan uyum bask\u0131s\u0131 alt\u0131nda bulunmaktad\u0131r. Bu sadece Avrupa&#8217;da faaliyet g\u00f6steren \u015firketler i\u00e7in de\u011fil; T\u00fcrkiye&#8217;de yer alan, k\u00fcresel tedarik zincirlerinin bir par\u00e7as\u0131 olan herhangi bir \u015firketi ilgilendirmektedir.<\/p>\n<p>Tala, durumu \u015f\u00f6yle a\u00e7\u0131kl\u0131yor: &#8220;Karbon ayak izini \u00f6l\u00e7memek, emisyon azalt\u0131m plan\u0131 haz\u0131rlamamak, art\u0131k bir tercih meselesi de\u011fil \u2014 bir uyumlulu\u011fu sa\u011flama meselesidir. Ancak burada \u00f6nemli olan nokta \u015fu: erken hareket eden \u015firketler, bunu bir zorunluluktan \u00e7ok bir f\u0131rsat ve rekabet avantaj\u0131na d\u00f6n\u00fc\u015ft\u00fcrebilirler.&#8221;<\/p>\n<p>K\u00fcresel yat\u0131r\u0131mc\u0131lar, iklim taahh\u00fctlerini do\u011frulayan \u015firketlere daha fazla sermaye ak\u0131\u015f\u0131n\u0131 tercih etmektedir. Avrupa \u0130mar ve Kalk\u0131nma Bankas\u0131 (EBRD), Avrupa Yat\u0131r\u0131m Bankas\u0131 (EIB) ve d\u00fcnyan\u0131n en b\u00fcy\u00fck iklim odakl\u0131 yat\u0131r\u0131m fonlar\u0131, COP zirvelerini portf\u00f6y \u015firketi ke\u015ffetme platformu olarak kullanmaktad\u0131rlar.<\/p>\n<p>&#8220;T\u00fcrkiye&#8217;de i\u015f yapan bir \u015firket COP 31 s\u00fcreci boyunca somut ad\u0131mlar atacaksa,&#8221; diye vurgulayan Tala, &#8220;o \u015firketin Kas\u0131m 2026&#8217;da, k\u00fcresel sermayenin en se\u00e7ici g\u00f6zlerinin alt\u0131nda kendini g\u00f6sterebilmesi demektir. Bu, uzun vadeli b\u00fcy\u00fcme i\u00e7in bir kataliz\u00f6rd\u00fcr. Tersine, bu s\u00fcreci g\u00f6rmezden gelen \u015firketler ise pazar pay\u0131n\u0131 kaybetmek, yat\u0131r\u0131m bulmakta zorlanmak ve \u00fcretim zincirlerinde d\u0131\u015flanmakla kar\u015f\u0131 kar\u015f\u0131ya kalabilir.&#8221;<\/p>\n<h2>\u015eirketlerin Kar\u015f\u0131 Kar\u015f\u0131ya Oldu\u011fu Temel Zorunluluklar<\/h2>\n<p>Tala, T\u00fcrk \u015firketlerinin COP 31 s\u00fcrecinde ba\u015far\u0131l\u0131 olabilmek i\u00e7in ele almas\u0131 gereken temel zorunluluklar\u0131 a\u00e7\u0131kl\u0131yor. \u0130lk olarak, \u015firketlerin karbon ayak izini \u00f6l\u00e7mesi, raporlamas\u0131 ve azalt\u0131m hedeflerini belirlemesi gerekmektedir. Bunu, operasyonel d\u00fczeyde enerji verimlili\u011fi sa\u011flamak, tedarik zincirini optimize etmek ve yenilenebilir enerji kaynaklar\u0131na y\u00f6nelmek izlemelidir.<\/p>\n<p>&#8220;Bir \u015firketin iklim stratejisini haz\u0131rlamak, sadece bir raporun yaz\u0131l\u0131p sunulmas\u0131 de\u011fil,&#8221; diye belirtiyor Tala. &#8220;Enerji verimlili\u011fini sa\u011flamak, karbon azalt\u0131m hedeflerini belirlemek, finansal riskini yeniden de\u011ferlendirmek, tedarik zincirinin tamam\u0131nda ESG iyile\u015ftirmelerini hayata ge\u00e7irmek \u2014 bunlar\u0131n hepsi entegre bir \u015fekilde y\u00fcr\u00fct\u00fclmesi gereken faaliyetlerdir.&#8221;<\/p>\n<p>\u0130kinci olarak, \u015feffafl\u0131k ve raporlama kritik hale gelmi\u015ftir. \u015eirketlerin, GRI (Global Reporting Initiative), ESRS (Avrupa S\u00fcrd\u00fcr\u00fclebilirlik Raporlama Standartlar\u0131) ve CSRD gibi uluslararas\u0131 standartlara uygun \u015fekilde s\u00fcrd\u00fcr\u00fclebilirlik raporlar\u0131 haz\u0131rlamas\u0131 ve yay\u0131nlamas\u0131 beklenmektedir.<\/p>\n<p>&#8220;S\u00fcrd\u00fcr\u00fclebilirlik raporlamas\u0131, art\u0131k iste\u011fe ba\u011fl\u0131 bir etkinlik de\u011fil,&#8221; diye vurguluyor Tala. &#8220;Yat\u0131r\u0131mc\u0131lar, m\u00fc\u015fteriler ve d\u00fczenleyici otoriteler, \u015firketlerin iklim riskleri ve etkilerini a\u00e7\u0131k ve \u00f6l\u00e7\u00fclebilir bir \u015fekilde sunmas\u0131n\u0131 talep ediyorlar. Bu bilgiyi sa\u011flamayan \u015firketler, finansal piyasalarda g\u00fcvensizlik ve risk yaratan kurumlar olarak alg\u0131lan\u0131yor.&#8221;<\/p>\n<p>\u00dc\u00e7\u00fcnc\u00fc zorunluluk ise tedarik zincirinin d\u00f6n\u00fc\u015ft\u00fcr\u00fclmesidir. Avrupa Birli\u011fi&#8217;nin CSRD ve Kurumsal S\u00fcrd\u00fcr\u00fclebilirlik Y\u00f6nergesi kapsam\u0131nda, b\u00fcy\u00fck \u015firketler tedarik zincirindeki t\u00fcm akt\u00f6rlerin ESG uyumunu takip etme y\u00fck\u00fcml\u00fcl\u00fc\u011f\u00fc alt\u0131ndad\u0131r.<\/p>\n<p>&#8220;T\u00fcrkiye&#8217;deki KOB\u0130&#8217;ler ve orta \u00f6l\u00e7ekli \u015firketler, bu gereksinimlerden ka\u00e7amaz,&#8221; diye a\u00e7\u0131kl\u0131yor Tala. &#8220;E\u011fer Avrupa&#8217;n\u0131n bir tedarik\u00e7isiyseniz veya k\u00fcresel bir \u015firketin i\u015f orta\u011f\u0131ysan\u0131z, sizin de ESG kriterlerine uyman\u0131z beklenir. Bu y\u00fczden, T\u00fcrkiye&#8217;de faaliyet g\u00f6steren hemen hemen t\u00fcm \u015firketler, COP 31&#8217;e do\u011fru giderken bu zorunluluklarla y\u00fczle\u015fmek zorundad\u0131r.&#8221;<\/p>\n<h2>T\u00fcrkiye&#8217;nin K\u00fcresel Pozisyonunda \u015eirketlerin Rol\u00fc<\/h2>\n<p>T\u00fcrkiye, COP 31&#8217;de yaln\u0131zca bir ev sahibi \u00fclke olmayacak; ayn\u0131 zamanda b\u00f6lgesel iklim liderli\u011finin merkezine konumlanacakt\u0131r. Ortado\u011fu, Balkanlar ve Kuzey Afrika b\u00f6lgesi i\u00e7in bir diplomasi merkezi rol\u00fc, T\u00fcrk \u015firketleri a\u00e7\u0131s\u0131ndan da somut f\u0131rsatlar ta\u015f\u0131maktad\u0131r.<\/p>\n<p>&#8220;T\u00fcrkiye&#8217;nin ye\u015fil d\u00f6n\u00fc\u015f\u00fcme y\u00f6nelik uzun vadeli hedefleri perspektifinde \u2014 2053&#8217;te net s\u0131f\u0131r emisyon \u2014 \u015firketler bu yolculu\u011fun \u00f6nc\u00fcs\u00fc olabilirler,&#8221; diye a\u00e7\u0131kl\u0131yor Tala. &#8220;Hatta, bu s\u00fcre\u00e7te ba\u015far\u0131 g\u00f6steren T\u00fcrk \u015firketleri, b\u00f6lgesel ve k\u00fcresel pazarlarda iklim liderli\u011fi a\u00e7\u0131s\u0131ndan bir marka olarak s\u0131n\u0131fland\u0131r\u0131labilirler.&#8221;<\/p>\n<p>COP 31 ba\u015fkanl\u0131\u011f\u0131, T\u00fcrkiye&#8217;nin enerji g\u00fcvenli\u011fine, ekonomik dayan\u0131kl\u0131l\u0131\u011f\u0131na ve uzun vadeli istikrar\u0131na katk\u0131 sa\u011flayacakt\u0131r. Ancak bu katk\u0131, T\u00fcrk \u015firketlerinin de haz\u0131rl\u0131kl\u0131 olmas\u0131 ko\u015fuluna ba\u011fl\u0131d\u0131r.<\/p>\n<h2>Aciliyet: Zaman\u0131 Bo\u015fa Harcaman\u0131n Bedeli \u00c7ok A\u011f\u0131r<\/h2>\n<p>Kas\u0131m 2026&#8217;ya k\u0131s\u0131tl\u0131 bir s\u00fcre kald\u0131. Bu, bir \u015firketin iklim stratejisini geli\u015ftirmesi, operasyonel de\u011fi\u015fiklikleri hayata ge\u00e7irmesi ve bunu payda\u015flar\u0131na ileti\u015fim yoluyla sunmas\u0131 i\u00e7in k\u0131sa bir s\u00fcredir.<\/p>\n<p>&#8220;Baz\u0131 \u015firketlerin, COP 31&#8217;i bir etkinlik gibi beklemesi endi\u015fe vericidir,&#8221; diye uyar\u0131yor Tala. &#8220;Oysa bu, bir \u015firketin be\u015f, on veya yirmi y\u0131ll\u0131k vizyonunu belirleyen bir d\u00f6n\u00fcm noktas\u0131d\u0131r. Haz\u0131rl\u0131k yapmayan \u015firketler, bu d\u00f6nemde k\u00fcresel sermayenin g\u00f6z\u00fcnden kaybolacaklard\u0131r. Daha da k\u00f6t\u00fcs\u00fc, rakipleri bu s\u00fcreci ba\u015far\u0131l\u0131 bir \u015fekilde ge\u00e7i\u015ftirebilirse, pazar pay\u0131n\u0131 kaybedeceklerdir.&#8221;<\/p>\n<p>Tala, \u015firketlerin almas\u0131 gereken acil ad\u0131mlar\u0131 \u015f\u00f6yle s\u0131ral\u0131yor: \u0130lk olarak, her \u015firketin iklim riski de\u011ferlendirmesi yapmas\u0131 ve karbon ayak izini \u00f6l\u00e7mesi gerekmektedir. \u0130kinci ad\u0131m, net s\u0131f\u0131r emisyon hedefleri belirlemek ve bunlara ula\u015fmak i\u00e7in bir yol haritas\u0131 olu\u015fturmakt\u0131r. \u00dc\u00e7\u00fcnc\u00fc ad\u0131m, i\u00e7 operasyonlar\u0131 ve tedarik zincirini optimize etmektir. Son olarak, bu \u00e7al\u0131\u015fmalar\u0131 payda\u015flara \u015feffaf bir \u015fekilde raporlama yoluyla sunmak gerekir.<\/p>\n<p>&#8220;Bu ad\u0131mlar\u0131 atmayanlar ise, gelece\u011fin ekonomisinde geriye kalmak riskiyle kar\u015f\u0131 kar\u015f\u0131ya kalacaklard\u0131r,&#8221; diyerek s\u00f6zlerini tamaml\u0131yor Tala.<\/p>\n<h2>B\u00f6lgesel Liderlik F\u0131rsat\u0131<\/h2>\n<p>Tala, T\u00fcrkiye&#8217;nin COP 31 \u00f6ncesindeki d\u00f6nemin, b\u00f6lgesel ekonomik liderli\u011fi g\u00fc\u00e7lendirmesi i\u00e7in bir f\u0131rsat oldu\u011funa i\u015faret ediyor. &#8220;Balkanlar, Ortado\u011fu ve Kuzey Afrika b\u00f6lgesinden gelen \u015firketler, COP 31 s\u00fcreci boyunca T\u00fcrkiye&#8217;ye ve T\u00fcrk \u015firketlerine bakacak. Ye\u015fil d\u00f6n\u00fc\u015f\u00fcmde ba\u015far\u0131l\u0131 olan T\u00fcrk \u015firketleri, bu b\u00f6lgelerde model ve rehber olacak. Bu, sadece bir itibar meselesi de\u011fil; ayn\u0131 zamanda b\u00f6lgesel pazardaki pay\u0131 art\u0131rman\u0131n da yoludur.&#8221;<\/p>\n<p>Zon Global CEO&#8217;su Tala&#8217;n\u0131n g\u00f6zlemine g\u00f6re, COP 31&#8217;i ba\u015far\u0131yla ge\u00e7en \u015firketler, b\u00f6lgesel i\u015f ortakl\u0131klar\u0131, yat\u0131r\u0131m f\u0131rsatlar\u0131 ve pazar geni\u015flemesi a\u00e7\u0131s\u0131ndan \u00f6nemli avantajlar kazanacaklar.<\/p>\n<h2>K\u00fcresel Standartlar\u0131n T\u00fcrkiye&#8217;de Hukuki \u00c7er\u00e7eveye D\u00f6n\u00fc\u015f\u00fcm\u00fc<\/h2>\n<p>Tala, bunun \u00f6tesinde, T\u00fcrkiye&#8217;nin de bu s\u00fcre\u00e7te kendi yasal \u00e7er\u00e7evesini geli\u015ftirmekte oldu\u011funa dikkat \u00e7ekiyor. &#8220;T\u00fcrkiye&#8217;de \u0130klim Kanunu haz\u0131rl\u0131klar\u0131 s\u00fcr\u00fcyor. Bu kanun, \u015firketlere karbon raporlama zorunlulu\u011fu getirecek. COP 31&#8217;den sonra, bu hukuki y\u00fck\u00fcml\u00fcl\u00fckler daha da s\u0131k\u0131 hale gelecek. \u015eimdi haz\u0131rl\u0131k yapan \u015firketler, gelece\u011fin d\u00fczenlemeleriyle uyumlu bir yap\u0131 olu\u015fturacaklar.&#8221;<\/p>\n<p>\u00a0<\/p>\n<p>\u00a0<\/p>\n<p>Kaynak: (BYZHA) Beyaz Haber Ajans\u0131<\/p>\n","protected":false},"excerpt":{"rendered":"<p>D\u00fcnyan\u0131n d\u00f6rt bir yan\u0131ndaki \u00fclkeler ve \u015firketler iklim krizine kar\u015f\u0131 \u00e7\u00f6z\u00fcmler \u00fczerinde \u00e7al\u0131\u015f\u0131rken, T\u00fcrkiye Kas\u0131m 2026&#8217;da tarihinin en \u00f6nemli k\u00fcresel platformlar\u0131ndan birine ev sahipli\u011fi yapacak.<\/p>\n","protected":false},"author":1,"featured_media":3116,"comment_status":"open","ping_status":"open","sticky":false,"template":"","format":"standard","meta":{"footnotes":""},"categories":[30],"tags":[],"class_list":["post-3115","post","type-post","status-publish","format-standard","has-post-thumbnail","hentry","category-ekonomi"],"_links":{"self":[{"href":"https:\/\/ekonomievreni.com\/index.php?rest_route=\/wp\/v2\/posts\/3115","targetHints":{"allow":["GET"]}}],"collection":[{"href":"https:\/\/ekonomievreni.com\/index.php?rest_route=\/wp\/v2\/posts"}],"about":[{"href":"https:\/\/ekonomievreni.com\/index.php?rest_route=\/wp\/v2\/types\/post"}],"author":[{"embeddable":true,"href":"https:\/\/ekonomievreni.com\/index.php?rest_route=\/wp\/v2\/users\/1"}],"replies":[{"embeddable":true,"href":"https:\/\/ekonomievreni.com\/index.php?rest_route=%2Fwp%2Fv2%2Fcomments&post=3115"}],"version-history":[{"count":1,"href":"https:\/\/ekonomievreni.com\/index.php?rest_route=\/wp\/v2\/posts\/3115\/revisions"}],"predecessor-version":[{"id":3117,"href":"https:\/\/ekonomievreni.com\/index.php?rest_route=\/wp\/v2\/posts\/3115\/revisions\/3117"}],"wp:featuredmedia":[{"embeddable":true,"href":"https:\/\/ekonomievreni.com\/index.php?rest_route=\/wp\/v2\/media\/3116"}],"wp:attachment":[{"href":"https:\/\/ekonomievreni.com\/index.php?rest_route=%2Fwp%2Fv2%2Fmedia&parent=3115"}],"wp:term":[{"taxonomy":"category","embeddable":true,"href":"https:\/\/ekonomievreni.com\/index.php?rest_route=%2Fwp%2Fv2%2Fcategories&post=3115"},{"taxonomy":"post_tag","embeddable":true,"href":"https:\/\/ekonomievreni.com\/index.php?rest_route=%2Fwp%2Fv2%2Ftags&post=3115"}],"curies":[{"name":"wp","href":"https:\/\/api.w.org\/{rel}","templated":true}]}}