{"id":3112,"date":"2026-03-16T13:32:11","date_gmt":"2026-03-16T10:32:11","guid":{"rendered":"https:\/\/ekonomievreni.com\/?p=3112"},"modified":"2026-03-16T13:32:12","modified_gmt":"2026-03-16T10:32:12","slug":"canik-belediyesinden-askere-gidecek-genclere-6000-tl-destek","status":"publish","type":"post","link":"https:\/\/ekonomievreni.com\/?p=3112","title":{"rendered":"Canik Belediyesi&#8217;nden Askere Gidecek Gen\u00e7lere 6000 TL Destek"},"content":{"rendered":"\n<p style=\"text-align:justify;margin-bottom:11px\"><span style=\"font-size:11pt\"><span style=\"line-height:107%\"><span style=\"font-family:Calibri,sans-serif\"><span style=\"font-size:12.0pt\"><span style=\"line-height:107%\">Canik Belediye Ba\u015fkan\u0131 \u0130brahim Sand\u0131k\u00e7\u0131, \u00f6\u011frencilere, gen\u00e7lere, evlenecek olan \u00e7iftlere ve ailelere y\u00f6nelik destek programlar\u0131na yenilerini eklemeye devam ettiklerini kaydetti. Sosyal belediyecilik alan\u0131nda \u00f6rnek \u00e7al\u0131\u015fmalara imza atmay\u0131 s\u00fcrd\u00fcrd\u00fcklerini aktaran Ba\u015fkan \u0130brahim Sand\u0131k\u00e7\u0131, asker har\u00e7l\u0131\u011f\u0131 deste\u011fi program\u0131yla il\u00e7eden askere gidecek olan gen\u00e7lere 6 bin TL destek sa\u011flad\u0131klar\u0131n\u0131 s\u00f6yledi. Herhangi bir \u00f6zel \u015fart olmaks\u0131z\u0131n zorunlu askerlik g\u00f6revini yerine getirecek olan t\u00fcm Canikli gen\u00e7lere asker har\u00e7l\u0131\u011f\u0131 deste\u011finde bulunduklar\u0131n\u0131 aktaran Ba\u015fkan Sand\u0131k\u00e7\u0131, &#8220;Canik&#8217;imizden askere gidecek olan gen\u00e7lerimize 6 bin TL destek sa\u011fl\u0131yoruz&#8221; \u015feklinde ifade etti.<\/span><\/span><\/span><\/span><\/span><\/p>\n<p style=\"margin-bottom:11px\"><span style=\"font-size:11pt\"><span style=\"line-height:107%\"><span style=\"font-family:Calibri,sans-serif\"><b><span style=\"font-size:14.0pt\"><span style=\"line-height:107%\">Ba\u015fkan Sand\u0131k\u00e7\u0131&#8217;dan Tam Destek<\/span><\/span><\/b><\/span><\/span><\/span><\/p>\n<p style=\"text-align:justify;margin-bottom:11px\"><span style=\"font-size:11pt\"><span style=\"line-height:107%\"><span style=\"font-family:Calibri,sans-serif\"><span style=\"font-size:12.0pt\"><span style=\"line-height:107%\">Asker har\u00e7l\u0131\u011f\u0131 deste\u011fi ba\u015fvuru s\u00fcrecinin devam etti\u011fini ve askere gidecek olan gen\u00e7lere ayr\u0131ca asker \u00e7antas\u0131 deste\u011fi sa\u011flad\u0131klar\u0131n\u0131 da dile getiren Ba\u015fkan Sand\u0131k\u00e7\u0131, &#8220;Canik&#8217;imizde g\u00f6n\u00fcl belediyecili\u011fi anlay\u0131\u015f\u0131yla \u00e7al\u0131\u015f\u0131yor, gen\u00e7lerimizin ve ailelerimizin b\u00fct\u00e7elerine katk\u0131lar sunan \u00f6rnek projeleri hayata ge\u00e7irmeye devam ediyoruz. Uygulamaya ald\u0131\u011f\u0131m\u0131z asker har\u00e7l\u0131\u011f\u0131 deste\u011fi program\u0131yla,\u00a0 il\u00e7emizden vatani g\u00f6revlerini yerine getirmek \u00fczere birliklerine kat\u0131lacak olan gen\u00e7lerimize 6 bin TL destek sa\u011fl\u0131yoruz. Canik&#8217;imizden zorunlu askerlik g\u00f6revini yerine getirecek olan t\u00fcm gen\u00e7lerimize 6 bin TL destek sa\u011flad\u0131\u011f\u0131m\u0131z program\u0131m\u0131z\u0131n ba\u015fvuru s\u00fcreci devam ediyor. Asker har\u00e7l\u0131\u011f\u0131 deste\u011fi ile birlikte gen\u00e7lerimize ayr\u0131ca asker \u00e7antas\u0131 deste\u011fi de sa\u011fl\u0131yoruz. Askere gidecek olan gen\u00e7lerimize i\u00e7erisinde t\u00fcm ihtiya\u00e7 \u00fcr\u00fcnlerinin yer ald\u0131\u011f\u0131 asker \u00e7antalar\u0131n\u0131 teslim ediyoruz. Askerlik g\u00f6revini yerine getirecek olan gen\u00e7lerimiz i\u00e7in uygulamaya ald\u0131\u011f\u0131m\u0131z ve di\u011fer t\u00fcm destek programlar\u0131m\u0131zla sosyal belediyecilik alan\u0131nda fark\u0131ndal\u0131k olu\u015fturmay\u0131, gen\u00e7 karde\u015flerimizin, \u00f6\u011frencilerimizin ve ailelerimizin yan\u0131nda olmay\u0131 s\u00fcrd\u00fcr\u00fcyoruz&#8221; diye konu\u015ftu. <\/span><\/span><\/span><\/span><\/span><\/p>\n<p style=\"text-align:justify;margin-bottom:11px\"><span style=\"font-size:11pt\"><span style=\"line-height:107%\"><span style=\"font-family:Calibri,sans-serif\"><span style=\"font-size:12.0pt\"><span style=\"line-height:107%\">Canik Belediyesi&#8217;nin asker har\u00e7l\u0131\u011f\u0131 deste\u011fi program\u0131na, ikamet belgesi ve asker sevk belgesi ile birlikte belediye hizmet binas\u0131 zemin katta yer alan Kad\u0131n, Aile ve Sosyal Hizmetler M\u00fcd\u00fcrl\u00fc\u011f\u00fc \u00fczerinden ba\u015fvuru i\u015flemleri ger\u00e7ekle\u015ftirilebiliyor.<\/span><\/span><\/span><\/span><\/span><\/p>\n<p style=\"text-align:justify;margin-bottom:11px\">\u00a0<\/p>\n<p>Kaynak: (BYZHA) Beyaz Haber Ajans\u0131<\/p>\n","protected":false},"excerpt":{"rendered":"<p>Canik Belediye Ba\u015fkan\u0131 \u0130brahim Sand\u0131k\u00e7\u0131, \u00f6\u011frencilere, gen\u00e7lere, evlenecek olan \u00e7iftlere ve ailelere y\u00f6nelik destek programlar\u0131na yenilerini eklemeye devam ettiklerini kaydetti.<\/p>\n","protected":false},"author":1,"featured_media":3113,"comment_status":"open","ping_status":"open","sticky":false,"template":"","format":"standard","meta":{"footnotes":""},"categories":[30],"tags":[],"class_list":["post-3112","post","type-post","status-publish","format-standard","has-post-thumbnail","hentry","category-ekonomi"],"_links":{"self":[{"href":"https:\/\/ekonomievreni.com\/index.php?rest_route=\/wp\/v2\/posts\/3112","targetHints":{"allow":["GET"]}}],"collection":[{"href":"https:\/\/ekonomievreni.com\/index.php?rest_route=\/wp\/v2\/posts"}],"about":[{"href":"https:\/\/ekonomievreni.com\/index.php?rest_route=\/wp\/v2\/types\/post"}],"author":[{"embeddable":true,"href":"https:\/\/ekonomievreni.com\/index.php?rest_route=\/wp\/v2\/users\/1"}],"replies":[{"embeddable":true,"href":"https:\/\/ekonomievreni.com\/index.php?rest_route=%2Fwp%2Fv2%2Fcomments&post=3112"}],"version-history":[{"count":1,"href":"https:\/\/ekonomievreni.com\/index.php?rest_route=\/wp\/v2\/posts\/3112\/revisions"}],"predecessor-version":[{"id":3114,"href":"https:\/\/ekonomievreni.com\/index.php?rest_route=\/wp\/v2\/posts\/3112\/revisions\/3114"}],"wp:featuredmedia":[{"embeddable":true,"href":"https:\/\/ekonomievreni.com\/index.php?rest_route=\/wp\/v2\/media\/3113"}],"wp:attachment":[{"href":"https:\/\/ekonomievreni.com\/index.php?rest_route=%2Fwp%2Fv2%2Fmedia&parent=3112"}],"wp:term":[{"taxonomy":"category","embeddable":true,"href":"https:\/\/ekonomievreni.com\/index.php?rest_route=%2Fwp%2Fv2%2Fcategories&post=3112"},{"taxonomy":"post_tag","embeddable":true,"href":"https:\/\/ekonomievreni.com\/index.php?rest_route=%2Fwp%2Fv2%2Ftags&post=3112"}],"curies":[{"name":"wp","href":"https:\/\/api.w.org\/{rel}","templated":true}]}}